{"id":3328,"date":"2024-12-03T10:31:48","date_gmt":"2024-12-03T13:31:48","guid":{"rendered":"https:\/\/calleangosta.com\/ca\/?p=3328"},"modified":"2024-12-03T10:32:06","modified_gmt":"2024-12-03T13:32:06","slug":"milei-el-leon-indomable","status":"publish","type":"post","link":"https:\/\/calleangosta.com\/ca\/milei-el-leon-indomable\/","title":{"rendered":"Milei, el le\u00f3n indomable"},"content":{"rendered":"<p>A casi 100 d\u00edas de la administraci\u00f3n Milei, el presidente no ha hecho m\u00e1s que demostrar su poco apego a la institucionalidad. Su rechazo expl\u00edcito a las instituciones democr\u00e1ticas.<\/p>\n<p>Esto fue visible desde su asunci\u00f3n, cuando en su primer discurso como presidente habl\u00f3 de espaldas al Congreso. Luego no ha hecho m\u00e1s que denostar al Congreso, llam\u00e1ndolo \u201cnido de ratas\u201d, insultar a los legisladores sean del espacio que sean, cuando estos lo contradicen o no le aprueban o cuestionan sus iniciativas. Tambi\u00e9n ha denostado el federalismo, lo cual ha quedado visible en su pelea con los gobernadores.<\/p>\n<p>Sobre los dichos del Estado, del cual \u00e9l es presidente y no s\u00f3lo que se postul\u00f3 para ser presidente de ese Estado, lo llama \u201corganizaci\u00f3n criminal\u201d. En referencia a la democracia, ha repetido hasta el cansancio que los problemas para Argentina empezaron desde la Ley S\u00e1enz Pe\u00f1a, inicio de la democratizaci\u00f3n en el pa\u00eds. Se\u00f1alando de manera clara y expl\u00edcita que, el problema es la democracia.<\/p>\n<p>En referencia a los pol\u00edticos, desde su campa\u00f1a y actualmente se refiere a ellos, como \u201ccasta\u201d de manera despectiva. Casta que \u00e9l mismo ha incluido en su gesti\u00f3n para puestos estrat\u00e9gicos, como Caputo, Ministro de Econom\u00eda, Sturzenegger, que no es funcionario, pero es el ide\u00f3logo de su Ley Bases, su DNU y de la mayor\u00eda de sus iniciativas, a Guillermo Francos, como Ministro del Interior, a Patricia Bullrich, como Ministra de Seguridad.<\/p>\n<p>Es decir, todos han sido parte de gobiernos anteriores, unos vienen desde el menemismo, otros del macrismo. Aclarando que en un momento llam\u00f3 a Macri, como el peor presidente de la historia argentina, y despu\u00e9s termin\u00f3 aliado, con una alianza en contin\u00faa tensi\u00f3n, pero aliados al fin.<\/p>\n<p>Ni hablar de las cosas que se dijeron con Patricia Bullrich, hoy ella muestra una total fidelidad y lealtad hacia \u00e9l y sus pol\u00edticas, despu\u00e9s de haber dicho que, \u201clas ideas de Milei, eran peligrosas\u201d.<\/p>\n<p>En fin, un presidente que reniega de los pol\u00edticos, de la democracia, de sus instituciones, del Estado y de todo lo p\u00fablico. Que a su vez reivindica a Alberdi y a la Constituci\u00f3n, de una manera extra\u00f1a. Porque nuestra Constituci\u00f3n declara ser que, es \u201crepublicana, representativa y federal\u201d, es decir, promueve la divisi\u00f3n de poderes, el respeto a las instituciones democr\u00e1ticas y declara ser federal. Es decir, dota a las provincias que conforman el Estado Nacional, de autonom\u00eda pol\u00edtica, algo que claramente \u00e9l, se niega a reconocer.<\/p>\n<p>Lo hemos podido ver a lo largo de estos casi 100 d\u00edas de gesti\u00f3n, en las distintas disputas que ha tenido con algunos gobernadores, trat\u00e1ndolos de traidores cuando no apoyan sus iniciativas, amenaz\u00e1ndolos de diversas maneras, quit\u00e1ndoles arbitrariamente recursos que eran destinados por ley a las provincias.<\/p>\n<p>Este es mapa de los 100 d\u00edas de gesti\u00f3n de este presidente indomable, sin logros econ\u00f3micos, porque la pobreza est\u00e1 en clara avanzada, sin escalas y la econom\u00eda de las clases medias est\u00e1 cada vez peor.<\/p>\n<p>Un presidente preocupado por la macroeconom\u00eda, pero que se olvida que, si la microeconom\u00eda no funciona, el lograr tener valores macro positivos no le garantiza a su pueblo y principalmente a sus votantes que estar\u00e1n mejor, que disminuir\u00e1 la pobreza y las desigualdades. No le garantiza tampoco que vamos camino a ser un pa\u00eds productivo y esto \u00faltimo menos, porque ni siquiera tiene o ha presentado un plan productivo.<\/p>\n<p>Lo \u00fanico hasta el momento visible y que ha resultado fiel a sus promesas de campa\u00f1a, es el ajuste. Un ajuste que no hace m\u00e1s que repetir que lo paga la casta, que la gente se crey\u00f3 que era la casta pol\u00edtica, porque fue su promesa de campa\u00f1a y lo menciona en sus discursos. Pero que, ya ahora es un hecho f\u00e1ctico que la casta no eran los pol\u00edticos, sino que \u00e9ramos todos nosotros. Si, tambi\u00e9n sus votantes, a los que llama argentinos de bien, porque el resto somos los argentinos del mal, pero resulta ser que a ellos tambi\u00e9n les llega el brutal ajuste.<\/p>\n<p>Lo cierto es que hoy a la pol\u00edtica argentina se le presentan tres posibles escenarios, dadas las caracter\u00edsticas de este presidente y teniendo presente lo detallado m\u00e1s arriba.<\/p>\n<p>Primero hay que tener en cuenta que, este presidente indomable, que aparenta ser muy fuerte, que lanza sus gru\u00f1idos y garrazos de le\u00f3n por las redes sociales o en las \u201centrevistas\u201d que le hacen sus amigos periodistas, si se pueden llamar entrevistas. Porque vemos que no se le cuestiona nada, solo habla \u00e9l. Pero lo cierto es que no es m\u00e1s que un presidente d\u00e9bil, un presidente en minor\u00eda. Recordemos que, de hecho, gana en segunda vuelta.<\/p>\n<p>Los pa\u00edses presidencialistas que tienen sistema de segunda vuelta, debido a que poseen un sistema de partidos atomizado, es decir, muchos partidos, donde ninguno de los candidatos logra llegar al 50 % en primera vuelta y por eso van a segunda vuelta (ballotage). Pero es ac\u00e1 cuando se les presentan dos inconvenientes, a estos presidentes. El primero que ganan con mayor\u00edas fabricadas o artificiales, como se las llama en la Ciencia Pol\u00edtica. Debido a que estas mayor\u00edas, son el producto de una necesidad de reforzar la legitimidad de los presidentes. Entonces los votos se conforman de una din\u00e1mica negativa \u201cgana el menos peor\u201d.<\/p>\n<p>El segundo inconveniente, y gran problema para estos presidentes electos con sistema de segunda vuelta, es que la primera vuelta coincide con la de diputados y\/o senadores. El problema est\u00e1 en que estos presidentes que aparentan ser fuertes, tienen, por un lado, votos que no son totalmente suyos y por el otro, conviven con congresos igual de leg\u00edtimos, elegidos tambi\u00e9n por el voto popular, pero que estos, no controlan.<\/p>\n<p>Aqu\u00ed empieza el nudo de este gran problema, esta legitimidad dividida genera tres posibles escenarios para el presiente. Uno puede ser de, \u201cacuerdo\u201d, en el cual el presiente construye alianzas con la oposici\u00f3n. El segundo puede ser de, par\u00e1lisis, se pelea con el Congreso y no logra que le aprueben sus iniciativas o el tercero, que incite a que termine produci\u00e9ndose una situaci\u00f3n de, inestabilidad, al optar por el enfrentamiento sin m\u00e1s con el Congreso, corriendo el riesgo de ser destituido por este.<\/p>\n<p>En el caso argentino, hoy podemos pensar que estos tres escenarios podr\u00edan ser una posibilidad latente, principalmente los dos primeros. Me refiero a que, si el presidente en clara minor\u00eda en ambas c\u00e1maras, como lo es Milei, no opta en el corto plazo por el di\u00e1logo con la oposici\u00f3n, sino teje consensos con los gobernadores y que estos a su vez puedan mediante estos consensos, consensuar con sus legisladores nacionales que representan a sus provincias, a fin de lograr mediante el di\u00e1logo y el consenso un acuerdo con el presidente. Para lograr que sus iniciativas se aprueben, siempre teniendo en cuenta la necesidad del debate de estas iniciativas, dentro de los m\u00e1rgenes y con las herramientas democr\u00e1ticas. Sino la otra posibilidad es que, decida confrontar directamente con la oposici\u00f3n.<\/p>\n<p>Por lo tanto, puede ser que, de acuerdo a las opciones que elija, nos encontremos frente al primer escenario, el acuerdo o frente al segundo escenario, la par\u00e1lisis. El tercero depender\u00e1 mucho de cu\u00e1l de los dos escenarios previos prevalezca.<\/p>\n<p>Como dice un colega, hasta el momento, esta es una noticia en desarrollo. Veremos si este le\u00f3n indomable termina siendo un le\u00f3n domado por las instituciones democr\u00e1ticas<\/p>\n<p>\u00a0<\/p>\n<p>\u00a0<\/p>\n<p>\u00a0<\/p>\n","protected":false},"excerpt":{"rendered":"<p>A casi 100 d\u00edas de la administraci\u00f3n Milei, el presidente no ha hecho m\u00e1s que demostrar su poco apego a la institucionalidad. Su rechazo expl\u00edcito a las instituciones democr\u00e1ticas. Esto fue visible desde su asunci\u00f3n, cuando en su primer discurso como presidente habl\u00f3 de espaldas al Congreso. Luego no ha hecho m\u00e1s que denostar al &hellip;<\/p>\n","protected":false},"author":2,"featured_media":0,"comment_status":"open","ping_status":"open","sticky":false,"template":"","format":"standard","meta":{"advanced_seo_description":"","jetpack_seo_html_title":"","jetpack_seo_noindex":false,"_jetpack_memberships_contains_paid_content":false,"footnotes":"","jetpack_publicize_message":"","jetpack_publicize_feature_enabled":true,"jetpack_social_post_already_shared":false,"jetpack_social_options":{"image_generator_settings":{"template":"highway","default_image_id":0,"font":"","enabled":false},"version":2}},"categories":[6],"tags":[],"class_list":["post-3328","post","type-post","status-publish","format-standard","hentry","category-calle-angosta"],"jetpack_publicize_connections":[],"jetpack_featured_media_url":"","jetpack_sharing_enabled":true,"_links":{"self":[{"href":"https:\/\/calleangosta.com\/ca\/wp-json\/wp\/v2\/posts\/3328","targetHints":{"allow":["GET"]}}],"collection":[{"href":"https:\/\/calleangosta.com\/ca\/wp-json\/wp\/v2\/posts"}],"about":[{"href":"https:\/\/calleangosta.com\/ca\/wp-json\/wp\/v2\/types\/post"}],"author":[{"embeddable":true,"href":"https:\/\/calleangosta.com\/ca\/wp-json\/wp\/v2\/users\/2"}],"replies":[{"embeddable":true,"href":"https:\/\/calleangosta.com\/ca\/wp-json\/wp\/v2\/comments?post=3328"}],"version-history":[{"count":1,"href":"https:\/\/calleangosta.com\/ca\/wp-json\/wp\/v2\/posts\/3328\/revisions"}],"predecessor-version":[{"id":6077,"href":"https:\/\/calleangosta.com\/ca\/wp-json\/wp\/v2\/posts\/3328\/revisions\/6077"}],"wp:attachment":[{"href":"https:\/\/calleangosta.com\/ca\/wp-json\/wp\/v2\/media?parent=3328"}],"wp:term":[{"taxonomy":"category","embeddable":true,"href":"https:\/\/calleangosta.com\/ca\/wp-json\/wp\/v2\/categories?post=3328"},{"taxonomy":"post_tag","embeddable":true,"href":"https:\/\/calleangosta.com\/ca\/wp-json\/wp\/v2\/tags?post=3328"}],"curies":[{"name":"wp","href":"https:\/\/api.w.org\/{rel}","templated":true}]}}