{"id":3329,"date":"2024-12-03T10:31:47","date_gmt":"2024-12-03T13:31:47","guid":{"rendered":"https:\/\/calleangosta.com\/ca\/?p=3329"},"modified":"2024-12-03T10:32:05","modified_gmt":"2024-12-03T13:32:05","slug":"encuentro-politico-en-cordoba-y-criticas-a-la-gestion-provincial-entrevista-exclusiva-con-eugenia-catalfamo","status":"publish","type":"post","link":"https:\/\/calleangosta.com\/ca\/encuentro-politico-en-cordoba-y-criticas-a-la-gestion-provincial-entrevista-exclusiva-con-eugenia-catalfamo\/","title":{"rendered":"Encuentro Pol\u00edtico en C\u00f3rdoba y Cr\u00edticas a la Gesti\u00f3n Provincial: Entrevista Exclusiva con Eugenia Catalfamo"},"content":{"rendered":"<p>En una entrevista exclusiva con la exsenadora nacional Eugenia Catalfamo, se abordaron diversos temas de relevancia pol\u00edtica en la provincia de San Luis. La conversaci\u00f3n tuvo lugar en el marco del programa radial \u00abCalle Angosta\u00bb y \u00abMi Primera Chamba\u00bb, donde Catalfamo comparti\u00f3 sus opiniones sobre la situaci\u00f3n pol\u00edtica, social y econ\u00f3mica en la regi\u00f3n.<\/p>\n<p><!--more--><\/p>\n<p><strong>Participaci\u00f3n en Encuentro de Intendentes en C\u00f3rdoba:<\/strong> Catalfamo destac\u00f3 su participaci\u00f3n en un encuentro de intendentes pertenecientes a la Red de Innovaci\u00f3n Global Local en C\u00f3rdoba. En este contexto, resalt\u00f3 la importancia de fortalecer la colaboraci\u00f3n entre municipios para enfrentar los desaf\u00edos comunes y buscar soluciones conjuntas en un contexto nacional de crisis.<\/p>\n<p><strong>Autocr\u00edtica y Conversaciones con Alberto Rodr\u00edguez Sa\u00e1:<\/strong> La exsenadora tambi\u00e9n abord\u00f3 la necesidad de realizar una autocr\u00edtica dentro del peronismo para identificar errores y fortalezas, buscando as\u00ed renovar y revitalizar el partido. Asimismo, mencion\u00f3 las conversaciones mantenidas con Alberto Rodr\u00edguez Saa, destacando la importancia del di\u00e1logo interno para construir una oposici\u00f3n s\u00f3lida y propositiva.<\/p>\n<p><strong>Situaci\u00f3n en la Universidad de la Punta:<\/strong> Se discuti\u00f3 la situaci\u00f3n actual en la Universidad de la Punta, donde Catalfamo expres\u00f3 su posici\u00f3n como rectora designada y critic\u00f3 la intervenci\u00f3n actual, consider\u00e1ndola ilegal y perjudicial para el acceso a la educaci\u00f3n en la provincia.<\/p>\n<p><strong>Cr\u00edticas a la Gesti\u00f3n del Gobernador Poggi:<\/strong> Catalfamo no escatim\u00f3 cr\u00edticas a la gesti\u00f3n del gobernador Poggi, se\u00f1alando la falta de pol\u00edticas efectivas para abordar la crisis econ\u00f3mica y social que atraviesa San Luis. Cuestion\u00f3 especialmente la militarizaci\u00f3n de las calles como respuesta a los problemas sociales, as\u00ed como la p\u00e9rdida de puestos de trabajo y la falta de apoyo a emprendedores y sectores vulnerables de la sociedad.<\/p>\n<p><strong>Pol\u00edticas para la Juventud y las Mujeres:<\/strong> La exsenadora hizo hincapi\u00e9 en la necesidad de implementar pol\u00edticas concretas para promover el desarrollo y la inclusi\u00f3n de la juventud y las mujeres en la provincia, destacando la falta de espacios y oportunidades laborales para estos sectores.<\/p>\n<p><strong>Rol del Peronismo y la Militancia:<\/strong> En cuanto al rol del peronismo en la oposici\u00f3n, Catalfamo subray\u00f3 la importancia de renovar el partido, fortalecer la militancia desde la base y trabajar en la cercan\u00eda con la ciudadan\u00eda para ofrecer alternativas reales y efectivas a los problemas actuales.<\/p>\n<p>La entrevista con Eugenia Catalfamo ofreci\u00f3 una visi\u00f3n cr\u00edtica y propositiva sobre la realidad pol\u00edtica y social de San Luis, destacando la importancia del di\u00e1logo interno en el peronismo y la necesidad de implementar pol\u00edticas inclusivas y efectivas para enfrentar los desaf\u00edos que enfrenta la provincia.<\/p>\n<p>La entrevista completa puede escucharse a continuaci\u00f3n:<\/p>\n<p><iframe loading=\"lazy\" width=\"560\" height=\"315\" src=\"https:\/\/www.youtube.com\/embed\/DOMeAkVl0X4?si=dPOi296VapSkar2l&amp;start=6131\" title=\"YouTube video player\" frameborder=\"0\" allow=\"accelerometer; autoplay; clipboard-write; encrypted-media; gyroscope; picture-in-picture; web-share\" allowfullscreen=\"allowfullscreen\"><\/iframe><\/p>\n","protected":false},"excerpt":{"rendered":"<p>En una entrevista exclusiva con la exsenadora nacional Eugenia Catalfamo, se abordaron diversos temas de relevancia pol\u00edtica en la provincia de San Luis. La conversaci\u00f3n tuvo lugar en el marco del programa radial \u00abCalle Angosta\u00bb y \u00abMi Primera Chamba\u00bb, donde Catalfamo comparti\u00f3 sus opiniones sobre la situaci\u00f3n pol\u00edtica, social y econ\u00f3mica en la regi\u00f3n. Participaci\u00f3n &hellip;<\/p>\n","protected":false},"author":2,"featured_media":0,"comment_status":"open","ping_status":"open","sticky":false,"template":"","format":"standard","meta":{"advanced_seo_description":"","jetpack_seo_html_title":"","jetpack_seo_noindex":false,"_jetpack_memberships_contains_paid_content":false,"footnotes":"","jetpack_publicize_message":"","jetpack_publicize_feature_enabled":true,"jetpack_social_post_already_shared":false,"jetpack_social_options":{"image_generator_settings":{"template":"highway","default_image_id":0,"font":"","enabled":false},"version":2}},"categories":[6],"tags":[],"class_list":["post-3329","post","type-post","status-publish","format-standard","hentry","category-calle-angosta"],"jetpack_publicize_connections":[],"jetpack_featured_media_url":"","jetpack_sharing_enabled":true,"_links":{"self":[{"href":"https:\/\/calleangosta.com\/ca\/wp-json\/wp\/v2\/posts\/3329","targetHints":{"allow":["GET"]}}],"collection":[{"href":"https:\/\/calleangosta.com\/ca\/wp-json\/wp\/v2\/posts"}],"about":[{"href":"https:\/\/calleangosta.com\/ca\/wp-json\/wp\/v2\/types\/post"}],"author":[{"embeddable":true,"href":"https:\/\/calleangosta.com\/ca\/wp-json\/wp\/v2\/users\/2"}],"replies":[{"embeddable":true,"href":"https:\/\/calleangosta.com\/ca\/wp-json\/wp\/v2\/comments?post=3329"}],"version-history":[{"count":1,"href":"https:\/\/calleangosta.com\/ca\/wp-json\/wp\/v2\/posts\/3329\/revisions"}],"predecessor-version":[{"id":6076,"href":"https:\/\/calleangosta.com\/ca\/wp-json\/wp\/v2\/posts\/3329\/revisions\/6076"}],"wp:attachment":[{"href":"https:\/\/calleangosta.com\/ca\/wp-json\/wp\/v2\/media?parent=3329"}],"wp:term":[{"taxonomy":"category","embeddable":true,"href":"https:\/\/calleangosta.com\/ca\/wp-json\/wp\/v2\/categories?post=3329"},{"taxonomy":"post_tag","embeddable":true,"href":"https:\/\/calleangosta.com\/ca\/wp-json\/wp\/v2\/tags?post=3329"}],"curies":[{"name":"wp","href":"https:\/\/api.w.org\/{rel}","templated":true}]}}