{"id":3331,"date":"2024-12-03T10:31:46","date_gmt":"2024-12-03T13:31:46","guid":{"rendered":"https:\/\/calleangosta.com\/ca\/?p=3331"},"modified":"2024-12-03T10:32:02","modified_gmt":"2024-12-03T13:32:02","slug":"controversia-nacional-despues-de-la-respuesta-de-poggi-a-los-docentes","status":"publish","type":"post","link":"https:\/\/calleangosta.com\/ca\/controversia-nacional-despues-de-la-respuesta-de-poggi-a-los-docentes\/","title":{"rendered":"Controversia Nacional despu\u00e9s de la respuesta de Poggi a los docentes"},"content":{"rendered":"<p>La reacci\u00f3n del Gobernador ante un planteo respetuoso y transparente dej\u00f3 un sabor de indignaci\u00f3n.<\/p>\n<p><!--more--><\/p>\n<p>La casi violenta reacci\u00f3n, el tono de sus respuestas y la actitud pr\u00e1cticamente evasiva que tuvo el gobernador, Claudio Poggi, para con un grupo de maestras, quienes \u2014angustiadas y a puro llanto\u2014 se le acercaron para plantearle sus problemas a ra\u00edz de sus baj\u00edsimos salarios, alcanz\u00f3 repercusiones nacionales.<\/p>\n<p>La situaci\u00f3n se desencaden\u00f3 cuando un grupo de maestras decidi\u00f3 confrontar al gobernador respecto a la situaci\u00f3n precaria de sus salarios, que no alcanzan a cubrir las necesidades b\u00e1sicas. Sin embargo, la respuesta de Poggi sorprendi\u00f3 a muchos, ya que en lugar de mostrar empat\u00eda y buscar soluciones, adopt\u00f3 una actitud evasiva y hasta agresiva, dejando a las docentes a\u00fan m\u00e1s desilusionadas y frustradas.<\/p>\n<p>Este incidente no pas\u00f3 desapercibido a nivel nacional, generando un debate sobre el trato que reciben los trabajadores de la educaci\u00f3n y la importancia de garantizar condiciones laborales dignas para aquellos que tienen la responsabilidad de formar a las futuras generaciones.<\/p>\n<p>La reacci\u00f3n de Poggi ha sido objeto de cr\u00edticas por parte de diversos sectores de la sociedad, que han expresado su preocupaci\u00f3n por la falta de sensibilidad y compromiso del gobierno hacia los problemas reales que enfrentan los docentes. En un momento en el que la educaci\u00f3n es fundamental para el desarrollo del pa\u00eds, es crucial que las autoridades demuestren un verdadero compromiso con el bienestar de los trabajadores de la educaci\u00f3n y con la calidad de la ense\u00f1anza en general.<\/p>\n","protected":false},"excerpt":{"rendered":"<p>La reacci\u00f3n del Gobernador ante un planteo respetuoso y transparente dej\u00f3 un sabor de indignaci\u00f3n. La casi violenta reacci\u00f3n, el tono de sus respuestas y la actitud pr\u00e1cticamente evasiva que tuvo el gobernador, Claudio Poggi, para con un grupo de maestras, quienes \u2014angustiadas y a puro llanto\u2014 se le acercaron para plantearle sus problemas a &hellip;<\/p>\n","protected":false},"author":2,"featured_media":0,"comment_status":"open","ping_status":"open","sticky":false,"template":"","format":"standard","meta":{"advanced_seo_description":"","jetpack_seo_html_title":"","jetpack_seo_noindex":false,"_jetpack_memberships_contains_paid_content":false,"footnotes":"","jetpack_publicize_message":"","jetpack_publicize_feature_enabled":true,"jetpack_social_post_already_shared":false,"jetpack_social_options":{"image_generator_settings":{"template":"highway","default_image_id":0,"font":"","enabled":false},"version":2}},"categories":[6],"tags":[],"class_list":["post-3331","post","type-post","status-publish","format-standard","hentry","category-calle-angosta"],"jetpack_publicize_connections":[],"jetpack_featured_media_url":"","jetpack_sharing_enabled":true,"_links":{"self":[{"href":"https:\/\/calleangosta.com\/ca\/wp-json\/wp\/v2\/posts\/3331","targetHints":{"allow":["GET"]}}],"collection":[{"href":"https:\/\/calleangosta.com\/ca\/wp-json\/wp\/v2\/posts"}],"about":[{"href":"https:\/\/calleangosta.com\/ca\/wp-json\/wp\/v2\/types\/post"}],"author":[{"embeddable":true,"href":"https:\/\/calleangosta.com\/ca\/wp-json\/wp\/v2\/users\/2"}],"replies":[{"embeddable":true,"href":"https:\/\/calleangosta.com\/ca\/wp-json\/wp\/v2\/comments?post=3331"}],"version-history":[{"count":1,"href":"https:\/\/calleangosta.com\/ca\/wp-json\/wp\/v2\/posts\/3331\/revisions"}],"predecessor-version":[{"id":6075,"href":"https:\/\/calleangosta.com\/ca\/wp-json\/wp\/v2\/posts\/3331\/revisions\/6075"}],"wp:attachment":[{"href":"https:\/\/calleangosta.com\/ca\/wp-json\/wp\/v2\/media?parent=3331"}],"wp:term":[{"taxonomy":"category","embeddable":true,"href":"https:\/\/calleangosta.com\/ca\/wp-json\/wp\/v2\/categories?post=3331"},{"taxonomy":"post_tag","embeddable":true,"href":"https:\/\/calleangosta.com\/ca\/wp-json\/wp\/v2\/tags?post=3331"}],"curies":[{"name":"wp","href":"https:\/\/api.w.org\/{rel}","templated":true}]}}