{"id":3332,"date":"2024-12-03T10:31:44","date_gmt":"2024-12-03T13:31:44","guid":{"rendered":"https:\/\/calleangosta.com\/ca\/?p=3332"},"modified":"2024-12-03T10:32:02","modified_gmt":"2024-12-03T13:32:02","slug":"polemica-por-instructivo-del-gobierno-para-despedir-a-trabajadores-estatales","status":"publish","type":"post","link":"https:\/\/calleangosta.com\/ca\/polemica-por-instructivo-del-gobierno-para-despedir-a-trabajadores-estatales\/","title":{"rendered":"Pol\u00e9mica por instructivo del gobierno para despedir a trabajadores estatales"},"content":{"rendered":"<p>El Gobierno de Javier Milei ha generado controversia al distribuir un instructivo para el despido de empleados p\u00fablicos a partir de la pr\u00f3xima semana. Seg\u00fan el documento al que tuvo acceso El Destape, se trata de un punteo difundido por WhatsApp a autoridades de registros, secretar\u00edas y subsecretar\u00edas con el paso a paso para despedir estatales, definido por la Jefatura de Gabinete a cargo de Nicol\u00e1s Posse.<\/p>\n<p><!--more--><\/p>\n<p>El mensaje, que comienza con la frase \u00abDe JGM nos imponen ciertas directivas\u00bb, detalla los pasos a seguir en relaci\u00f3n con la reducci\u00f3n de personal. En primer lugar, establece que los despidos se llevar\u00e1n a cabo el martes siguiente, el 26 de marzo. Recomienda verbalmente comunicarles a los empleados que sus contratos no ser\u00e1n renovados, ofreci\u00e9ndoles la posibilidad de retirarse y de no asistir al d\u00eda siguiente. Se indica que ese d\u00eda ser\u00eda el \u00faltimo trabajado para ellos, seguido de los feriados de Semana Santa hasta el comienzo de abril. Adem\u00e1s, se informa a los funcionarios a cargo que los despidos no ser\u00e1n oficializados mediante notificaci\u00f3n formal de Recursos Humanos.<\/p>\n<p>El instructivo incluye secciones para cada forma de contrataci\u00f3n precaria en el Estado. Los empleados encuadrados en el \u00abart\u00edculo 9\u00bb ser\u00e1n los m\u00e1s afectados, ya que sus contratos suelen actualizarse de forma anual y autom\u00e1tica. Aunque estos contratos fueron revalidados en diciembre por solo tres meses, que vencen la semana siguiente. A pesar de que se considera que estos casos tienen una prestaci\u00f3n de servicios de car\u00e1cter transitorio o estacional, en la pr\u00e1ctica son puestos necesarios bajo un r\u00e9gimen de empleo endeble.<\/p>\n<p>Seg\u00fan los datos de ATE, hasta 70.000 empleados se encuentran bajo ese r\u00e9gimen y brindan servicios ante la Administraci\u00f3n P\u00fablica Nacional, sobre la cual Javier Milei tiene control. Si bien en entrevistas anteriores se jact\u00f3 de haber \u00abechado a 50.000 empleados p\u00fablicos\u00bb, lo cierto es que esto a\u00fan no ha ocurrido. El gremio est\u00e1 en alerta ante esta situaci\u00f3n.<\/p>\n","protected":false},"excerpt":{"rendered":"<p>El Gobierno de Javier Milei ha generado controversia al distribuir un instructivo para el despido de empleados p\u00fablicos a partir de la pr\u00f3xima semana. Seg\u00fan el documento al que tuvo acceso El Destape, se trata de un punteo difundido por WhatsApp a autoridades de registros, secretar\u00edas y subsecretar\u00edas con el paso a paso para despedir &hellip;<\/p>\n","protected":false},"author":2,"featured_media":0,"comment_status":"open","ping_status":"open","sticky":false,"template":"","format":"standard","meta":{"advanced_seo_description":"","jetpack_seo_html_title":"","jetpack_seo_noindex":false,"_jetpack_memberships_contains_paid_content":false,"footnotes":"","jetpack_publicize_message":"","jetpack_publicize_feature_enabled":true,"jetpack_social_post_already_shared":false,"jetpack_social_options":{"image_generator_settings":{"template":"highway","default_image_id":0,"font":"","enabled":false},"version":2}},"categories":[6],"tags":[],"class_list":["post-3332","post","type-post","status-publish","format-standard","hentry","category-calle-angosta"],"jetpack_publicize_connections":[],"jetpack_featured_media_url":"","jetpack_sharing_enabled":true,"_links":{"self":[{"href":"https:\/\/calleangosta.com\/ca\/wp-json\/wp\/v2\/posts\/3332","targetHints":{"allow":["GET"]}}],"collection":[{"href":"https:\/\/calleangosta.com\/ca\/wp-json\/wp\/v2\/posts"}],"about":[{"href":"https:\/\/calleangosta.com\/ca\/wp-json\/wp\/v2\/types\/post"}],"author":[{"embeddable":true,"href":"https:\/\/calleangosta.com\/ca\/wp-json\/wp\/v2\/users\/2"}],"replies":[{"embeddable":true,"href":"https:\/\/calleangosta.com\/ca\/wp-json\/wp\/v2\/comments?post=3332"}],"version-history":[{"count":1,"href":"https:\/\/calleangosta.com\/ca\/wp-json\/wp\/v2\/posts\/3332\/revisions"}],"predecessor-version":[{"id":6074,"href":"https:\/\/calleangosta.com\/ca\/wp-json\/wp\/v2\/posts\/3332\/revisions\/6074"}],"wp:attachment":[{"href":"https:\/\/calleangosta.com\/ca\/wp-json\/wp\/v2\/media?parent=3332"}],"wp:term":[{"taxonomy":"category","embeddable":true,"href":"https:\/\/calleangosta.com\/ca\/wp-json\/wp\/v2\/categories?post=3332"},{"taxonomy":"post_tag","embeddable":true,"href":"https:\/\/calleangosta.com\/ca\/wp-json\/wp\/v2\/tags?post=3332"}],"curies":[{"name":"wp","href":"https:\/\/api.w.org\/{rel}","templated":true}]}}