{"id":3334,"date":"2024-12-03T10:31:44","date_gmt":"2024-12-03T13:31:44","guid":{"rendered":"https:\/\/calleangosta.com\/ca\/?p=3334"},"modified":"2024-12-03T10:32:01","modified_gmt":"2024-12-03T13:32:01","slug":"charla-debate-trabajo-social-en-contexto","status":"publish","type":"post","link":"https:\/\/calleangosta.com\/ca\/charla-debate-trabajo-social-en-contexto\/","title":{"rendered":"Charla-debate:Trabajo Social en contexto"},"content":{"rendered":"<p style=\"text-align: justify;\">Pamela Bianco, Secretaria de Extensi\u00f3n de la FCEJIS, se comunic\u00f3 esta ma\u00f1ana con Mi primera chamba y nos coment\u00f3 acerca de las iniciativas de la instituci\u00f3n universitaria en el marco de las acciones tendientes a destacar las acciones que sustentan la memoria como principal herramienta contra la indiferencia ante la violaci\u00f3n de los derechos humanos en la dictadura instaurada en nuestro pa\u00eds en 1976.<\/p>\n<p><!--more--><\/p>\n<p style=\"text-align: justify;\">En este marco, el pr\u00f3ximo Miercoles 20 a las 18hs el Ex Intendente y Trabajador Social Jorge Cangiano va a disertar en la charla-debate \u00abTrabajo Social en contexto: Las heridas de la dictadura en el trabajo social\u00bb. La cita en en el Aula N\u00b02 \u00bb Dante Bodo\u00bb del Campus Universitario Villa Mercedes, Ruta pcial. 55 ext. Norte. Se invita a toda la comunidad.<\/p>\n<p style=\"text-align: justify;\">La nota ac\u00e1:<\/p>\n<p><iframe loading=\"lazy\" width=\"560\" height=\"315\" src=\"https:\/\/www.youtube.com\/embed\/wxLNv4ljwZ8?si=qByxEmKzwKAfSCEH&amp;start=7292\" title=\"YouTube video player\" frameborder=\"0\" allow=\"accelerometer; autoplay; clipboard-write; encrypted-media; gyroscope; picture-in-picture; web-share\" allowfullscreen=\"allowfullscreen\"><\/iframe><\/p>\n","protected":false},"excerpt":{"rendered":"<p>Pamela Bianco, Secretaria de Extensi\u00f3n de la FCEJIS, se comunic\u00f3 esta ma\u00f1ana con Mi primera chamba y nos coment\u00f3 acerca de las iniciativas de la instituci\u00f3n universitaria en el marco de las acciones tendientes a destacar las acciones que sustentan la memoria como principal herramienta contra la indiferencia ante la violaci\u00f3n de los derechos humanos &hellip;<\/p>\n","protected":false},"author":2,"featured_media":0,"comment_status":"open","ping_status":"open","sticky":false,"template":"","format":"standard","meta":{"advanced_seo_description":"","jetpack_seo_html_title":"","jetpack_seo_noindex":false,"_jetpack_memberships_contains_paid_content":false,"footnotes":"","jetpack_publicize_message":"","jetpack_publicize_feature_enabled":true,"jetpack_social_post_already_shared":false,"jetpack_social_options":{"image_generator_settings":{"template":"highway","default_image_id":0,"font":"","enabled":false},"version":2}},"categories":[6],"tags":[],"class_list":["post-3334","post","type-post","status-publish","format-standard","hentry","category-calle-angosta"],"jetpack_publicize_connections":[],"jetpack_featured_media_url":"","jetpack_sharing_enabled":true,"_links":{"self":[{"href":"https:\/\/calleangosta.com\/ca\/wp-json\/wp\/v2\/posts\/3334","targetHints":{"allow":["GET"]}}],"collection":[{"href":"https:\/\/calleangosta.com\/ca\/wp-json\/wp\/v2\/posts"}],"about":[{"href":"https:\/\/calleangosta.com\/ca\/wp-json\/wp\/v2\/types\/post"}],"author":[{"embeddable":true,"href":"https:\/\/calleangosta.com\/ca\/wp-json\/wp\/v2\/users\/2"}],"replies":[{"embeddable":true,"href":"https:\/\/calleangosta.com\/ca\/wp-json\/wp\/v2\/comments?post=3334"}],"version-history":[{"count":1,"href":"https:\/\/calleangosta.com\/ca\/wp-json\/wp\/v2\/posts\/3334\/revisions"}],"predecessor-version":[{"id":6072,"href":"https:\/\/calleangosta.com\/ca\/wp-json\/wp\/v2\/posts\/3334\/revisions\/6072"}],"wp:attachment":[{"href":"https:\/\/calleangosta.com\/ca\/wp-json\/wp\/v2\/media?parent=3334"}],"wp:term":[{"taxonomy":"category","embeddable":true,"href":"https:\/\/calleangosta.com\/ca\/wp-json\/wp\/v2\/categories?post=3334"},{"taxonomy":"post_tag","embeddable":true,"href":"https:\/\/calleangosta.com\/ca\/wp-json\/wp\/v2\/tags?post=3334"}],"curies":[{"name":"wp","href":"https:\/\/api.w.org\/{rel}","templated":true}]}}