{"id":3335,"date":"2024-12-03T10:31:43","date_gmt":"2024-12-03T13:31:43","guid":{"rendered":"https:\/\/calleangosta.com\/ca\/?p=3335"},"modified":"2024-12-03T10:32:00","modified_gmt":"2024-12-03T13:32:00","slug":"cuero-presenta-bad-day","status":"publish","type":"post","link":"https:\/\/calleangosta.com\/ca\/cuero-presenta-bad-day\/","title":{"rendered":"Cuero presenta \u00abBad Day\u00bb"},"content":{"rendered":"<p>En la ma\u00f1ana de Calle Angosta Radio y Streaming, mantuvimos una charla con Marcelo \u00abPomp\u00f3n\u00bb Parosky, quien conjuntamente con sus hijos, conforma Cuero, una nueva banda en la nutrida escena rockera mercedina.<\/p>\n<p><!--more--><\/p>\n<p>La excusa fu\u00e9 la presentaci\u00f3n de \u00abBad Day\u00bb el primer video clip de la banda. Durante la entrevista realizamos un recorrido por la historia de este referente de la m\u00fasica de nuestra ciudad; Los inicios en la m\u00fasica, el presente de Dalt\u00f3nicos (Se presentan el 13 de Abril en el Boliche Don Miranda celebrando sus 25 a\u00f1os de carrera) y otros temas fueron el contenido de la conversaci\u00f3n.<\/p>\n<p>Ac\u00e1 est\u00e1 completa la entrevista:<\/p>\n<p><iframe loading=\"lazy\" width=\"560\" height=\"315\" src=\"https:\/\/www.youtube.com\/embed\/wxLNv4ljwZ8?si=S1r_m1gZcYNF7zp-&amp;start=5446\" title=\"YouTube video player\" frameborder=\"0\" allow=\"accelerometer; autoplay; clipboard-write; encrypted-media; gyroscope; picture-in-picture; web-share\" allowfullscreen=\"allowfullscreen\"><\/iframe><\/p>\n<p>Mir\u00e1 ac\u00e1 el video&#8230;.<\/p>\n<p><iframe loading=\"lazy\" width=\"560\" height=\"315\" src=\"https:\/\/www.youtube.com\/embed\/S-eBByfUNLA?si=PDE4QNwXckjlJci5\" title=\"YouTube video player\" frameborder=\"0\" allow=\"accelerometer; autoplay; clipboard-write; encrypted-media; gyroscope; picture-in-picture; web-share\" allowfullscreen=\"allowfullscreen\"><\/iframe><\/p>\n","protected":false},"excerpt":{"rendered":"<p>En la ma\u00f1ana de Calle Angosta Radio y Streaming, mantuvimos una charla con Marcelo \u00abPomp\u00f3n\u00bb Parosky, quien conjuntamente con sus hijos, conforma Cuero, una nueva banda en la nutrida escena rockera mercedina. La excusa fu\u00e9 la presentaci\u00f3n de \u00abBad Day\u00bb el primer video clip de la banda. Durante la entrevista realizamos un recorrido por la &hellip;<\/p>\n","protected":false},"author":2,"featured_media":0,"comment_status":"open","ping_status":"open","sticky":false,"template":"","format":"standard","meta":{"advanced_seo_description":"","jetpack_seo_html_title":"","jetpack_seo_noindex":false,"_jetpack_memberships_contains_paid_content":false,"footnotes":"","jetpack_publicize_message":"","jetpack_publicize_feature_enabled":true,"jetpack_social_post_already_shared":false,"jetpack_social_options":{"image_generator_settings":{"template":"highway","default_image_id":0,"font":"","enabled":false},"version":2}},"categories":[6],"tags":[],"class_list":["post-3335","post","type-post","status-publish","format-standard","hentry","category-calle-angosta"],"jetpack_publicize_connections":[],"jetpack_featured_media_url":"","jetpack_sharing_enabled":true,"_links":{"self":[{"href":"https:\/\/calleangosta.com\/ca\/wp-json\/wp\/v2\/posts\/3335","targetHints":{"allow":["GET"]}}],"collection":[{"href":"https:\/\/calleangosta.com\/ca\/wp-json\/wp\/v2\/posts"}],"about":[{"href":"https:\/\/calleangosta.com\/ca\/wp-json\/wp\/v2\/types\/post"}],"author":[{"embeddable":true,"href":"https:\/\/calleangosta.com\/ca\/wp-json\/wp\/v2\/users\/2"}],"replies":[{"embeddable":true,"href":"https:\/\/calleangosta.com\/ca\/wp-json\/wp\/v2\/comments?post=3335"}],"version-history":[{"count":1,"href":"https:\/\/calleangosta.com\/ca\/wp-json\/wp\/v2\/posts\/3335\/revisions"}],"predecessor-version":[{"id":6071,"href":"https:\/\/calleangosta.com\/ca\/wp-json\/wp\/v2\/posts\/3335\/revisions\/6071"}],"wp:attachment":[{"href":"https:\/\/calleangosta.com\/ca\/wp-json\/wp\/v2\/media?parent=3335"}],"wp:term":[{"taxonomy":"category","embeddable":true,"href":"https:\/\/calleangosta.com\/ca\/wp-json\/wp\/v2\/categories?post=3335"},{"taxonomy":"post_tag","embeddable":true,"href":"https:\/\/calleangosta.com\/ca\/wp-json\/wp\/v2\/tags?post=3335"}],"curies":[{"name":"wp","href":"https:\/\/api.w.org\/{rel}","templated":true}]}}