{"id":3338,"date":"2024-12-03T10:31:43","date_gmt":"2024-12-03T13:31:43","guid":{"rendered":"https:\/\/calleangosta.com\/ca\/?p=3338"},"modified":"2024-12-03T10:32:00","modified_gmt":"2024-12-03T13:32:00","slug":"concejales-del-pj-instan-a-declarar-emergencia-sanitaria-por-dengue-en-san-luis","status":"publish","type":"post","link":"https:\/\/calleangosta.com\/ca\/concejales-del-pj-instan-a-declarar-emergencia-sanitaria-por-dengue-en-san-luis\/","title":{"rendered":"Concejales del PJ instan a declarar emergencia sanitaria por Dengue en San Luis"},"content":{"rendered":"<p>El bloque justicialista del Concejo Deliberante de la ciudad de San Luis ha presentado un proyecto de ordenanza con el objetivo de declarar la emergencia sanitaria por dengue en la provincia.<\/p>\n<p><!--more--><\/p>\n<p>Esta iniciativa surge en respuesta a la preocupante situaci\u00f3n epidemiol\u00f3gica que atraviesa la provincia, la cual se encuentra entre las 14 provincias argentinas con circulaci\u00f3n viral notificada de dengue, seg\u00fan el \u00faltimo informe del Ministerio de Salud de la Naci\u00f3n.<\/p>\n<p>Hasta la fecha, se han confirmado 150 casos de dengue en San Luis durante el presente a\u00f1o, lo que ha llevado a los concejales justicialistas a plantear la urgencia de tomar medidas preventivas y de control.<\/p>\n<p>En este sentido, los ediles han propuesto ejecutar campa\u00f1as de difusi\u00f3n, capacitaci\u00f3n y prevenci\u00f3n para abordar la situaci\u00f3n de manera efectiva y proteger la salud de los habitantes de San Luis. Adem\u00e1s, hacen un llamado al oficialismo para que apruebe y respalde este proyecto, con el fin de trabajar de manera conjunta en beneficio de la comunidad.<\/p>\n<p>\u00bfPor qu\u00e9 es necesario declarar la emergencia sanitaria por dengue?<\/p>\n<p>El dengue es una enfermedad viral transmitida por la picadura del mosquito Aedes Aegypti, el cual puede propagarse cuando se alimenta con sangre de una persona infectada y luego pica a otras personas, transmiti\u00e9ndoles la enfermedad.<\/p>\n<p>Entre los s\u00edntomas m\u00e1s comunes del dengue se encuentran la fiebre, dolor de cabeza y muscular, n\u00e1useas, v\u00f3mitos, cansancio intenso y erupciones en la piel. Ante la presencia de estos s\u00edntomas, es fundamental buscar atenci\u00f3n m\u00e9dica inmediata y no automedicarse.<\/p>\n<p>\u00bfC\u00f3mo prevenir el dengue?<\/p>\n<p>La prevenci\u00f3n del dengue se centra en reducir las poblaciones del mosquito Aedes Aegypti y eliminar sus criaderos. Algunas medidas clave incluyen:<\/p>\n<p>&#8211; Eliminar recipientes en desuso que puedan acumular agua.<br \/>&#8211; Tapar tanques y recipientes de agua para evitar el acceso del mosquito.<br \/>&#8211; Cambiar el agua de bebederos de animales y otros recipientes cada 3 d\u00edas.<br \/>&#8211; Mantener patios y jardines limpios y desmalezados.<br \/>&#8211; Limpiar canaletas y desag\u00fces de lluvia de los techos.<br \/>&#8211; Verter agua hirviendo en las rejillas y colocar tela mosquitera.<\/p>\n<p>La adopci\u00f3n de estas medidas preventivas es fundamental para combatir la propagaci\u00f3n del dengue y proteger la salud de la comunidad.<\/p>\n","protected":false},"excerpt":{"rendered":"<p>El bloque justicialista del Concejo Deliberante de la ciudad de San Luis ha presentado un proyecto de ordenanza con el objetivo de declarar la emergencia sanitaria por dengue en la provincia. Esta iniciativa surge en respuesta a la preocupante situaci\u00f3n epidemiol\u00f3gica que atraviesa la provincia, la cual se encuentra entre las 14 provincias argentinas con &hellip;<\/p>\n","protected":false},"author":2,"featured_media":0,"comment_status":"open","ping_status":"open","sticky":false,"template":"","format":"standard","meta":{"advanced_seo_description":"","jetpack_seo_html_title":"","jetpack_seo_noindex":false,"_jetpack_memberships_contains_paid_content":false,"footnotes":"","jetpack_publicize_message":"","jetpack_publicize_feature_enabled":true,"jetpack_social_post_already_shared":false,"jetpack_social_options":{"image_generator_settings":{"template":"highway","default_image_id":0,"font":"","enabled":false},"version":2}},"categories":[6],"tags":[],"class_list":["post-3338","post","type-post","status-publish","format-standard","hentry","category-calle-angosta"],"jetpack_publicize_connections":[],"jetpack_featured_media_url":"","jetpack_sharing_enabled":true,"_links":{"self":[{"href":"https:\/\/calleangosta.com\/ca\/wp-json\/wp\/v2\/posts\/3338","targetHints":{"allow":["GET"]}}],"collection":[{"href":"https:\/\/calleangosta.com\/ca\/wp-json\/wp\/v2\/posts"}],"about":[{"href":"https:\/\/calleangosta.com\/ca\/wp-json\/wp\/v2\/types\/post"}],"author":[{"embeddable":true,"href":"https:\/\/calleangosta.com\/ca\/wp-json\/wp\/v2\/users\/2"}],"replies":[{"embeddable":true,"href":"https:\/\/calleangosta.com\/ca\/wp-json\/wp\/v2\/comments?post=3338"}],"version-history":[{"count":1,"href":"https:\/\/calleangosta.com\/ca\/wp-json\/wp\/v2\/posts\/3338\/revisions"}],"predecessor-version":[{"id":6068,"href":"https:\/\/calleangosta.com\/ca\/wp-json\/wp\/v2\/posts\/3338\/revisions\/6068"}],"wp:attachment":[{"href":"https:\/\/calleangosta.com\/ca\/wp-json\/wp\/v2\/media?parent=3338"}],"wp:term":[{"taxonomy":"category","embeddable":true,"href":"https:\/\/calleangosta.com\/ca\/wp-json\/wp\/v2\/categories?post=3338"},{"taxonomy":"post_tag","embeddable":true,"href":"https:\/\/calleangosta.com\/ca\/wp-json\/wp\/v2\/tags?post=3338"}],"curies":[{"name":"wp","href":"https:\/\/api.w.org\/{rel}","templated":true}]}}