{"id":3340,"date":"2024-12-03T10:31:42","date_gmt":"2024-12-03T13:31:42","guid":{"rendered":"https:\/\/calleangosta.com\/ca\/?p=3340"},"modified":"2024-12-03T10:31:59","modified_gmt":"2024-12-03T13:31:59","slug":"allanamientos-en-villa-mercedes-por-la-compra-y-venta-de-telefonos-robados","status":"publish","type":"post","link":"https:\/\/calleangosta.com\/ca\/allanamientos-en-villa-mercedes-por-la-compra-y-venta-de-telefonos-robados\/","title":{"rendered":"Allanamientos en Villa Mercedes por la compra y venta de tel\u00e9fonos robados"},"content":{"rendered":"<p>En una operaci\u00f3n conjunta, el personal de Investigaciones de diferentes puntos de la provincia llev\u00f3 a cabo 22 allanamientos a locales y domicilios de Villa Mercedes, sospechosos de participar en la compra y venta de tel\u00e9fonos robados.<\/p>\n<p><!--more--><\/p>\n<p>El resultado fue contundente: m\u00e1s de 500 dispositivos electr\u00f3nicos fueron secuestrados, incluyendo 156 tel\u00e9fonos celulares, computadoras port\u00e1tiles y de escritorio, tablets, y una suma de aproximadamente 400 mil pesos.<\/p>\n<p>La fiscal Daniela Torres, a cargo de la investigaci\u00f3n, destac\u00f3 que ahora se inicia una fase crucial del proceso, que consiste en el an\u00e1lisis de los dispositivos incautados para determinar si son producto de il\u00edcitos. Una vez confirmado esto, los aparatos ser\u00e1n entregados a sus leg\u00edtimos propietarios, quienes podr\u00e1n identificarlos en la sede del Departamento de Investigaciones.<\/p>\n<p>La pesquisa abarca una serie de robos ocurridos desde enero hasta marzo, y se intensific\u00f3 debido a la falta de colaboraci\u00f3n por parte del personal de los locales de servicio t\u00e9cnico, quienes se negaron a brindar informaci\u00f3n a la Polic\u00eda. El comisario Germ\u00e1n G\u00f3mez explic\u00f3 que los establecimientos allanados se dedicaban a \u00abresetear\u00bb los dispositivos robados para reintroducirlos en el mercado como productos de segunda mano.<\/p>\n<p>La operaci\u00f3n cont\u00f3 con la participaci\u00f3n de unos 50 polic\u00edas de diferentes unidades, demostrando el compromiso de las autoridades en desmantelar esta red delictiva. El comisario general Adri\u00e1n Ramallo enfatiz\u00f3 que la investigaci\u00f3n no se limita a perseguir a los autores materiales de los robos, sino tambi\u00e9n a quienes adquieren los dispositivos il\u00edcitos. Se advirti\u00f3 a la poblaci\u00f3n sobre los riesgos de adquirir productos a precios muy bajos, ya que podr\u00edan ser de origen delictivo.<\/p><\/p>\n","protected":false},"excerpt":{"rendered":"<p>En una operaci\u00f3n conjunta, el personal de Investigaciones de diferentes puntos de la provincia llev\u00f3 a cabo 22 allanamientos a locales y domicilios de Villa Mercedes, sospechosos de participar en la compra y venta de tel\u00e9fonos robados. El resultado fue contundente: m\u00e1s de 500 dispositivos electr\u00f3nicos fueron secuestrados, incluyendo 156 tel\u00e9fonos celulares, computadoras port\u00e1tiles y &hellip;<\/p>\n","protected":false},"author":2,"featured_media":0,"comment_status":"open","ping_status":"open","sticky":false,"template":"","format":"standard","meta":{"advanced_seo_description":"","jetpack_seo_html_title":"","jetpack_seo_noindex":false,"_jetpack_memberships_contains_paid_content":false,"footnotes":"","jetpack_publicize_message":"","jetpack_publicize_feature_enabled":true,"jetpack_social_post_already_shared":false,"jetpack_social_options":{"image_generator_settings":{"template":"highway","default_image_id":0,"font":"","enabled":false},"version":2}},"categories":[6],"tags":[],"class_list":["post-3340","post","type-post","status-publish","format-standard","hentry","category-calle-angosta"],"jetpack_publicize_connections":[],"jetpack_featured_media_url":"","jetpack_sharing_enabled":true,"_links":{"self":[{"href":"https:\/\/calleangosta.com\/ca\/wp-json\/wp\/v2\/posts\/3340","targetHints":{"allow":["GET"]}}],"collection":[{"href":"https:\/\/calleangosta.com\/ca\/wp-json\/wp\/v2\/posts"}],"about":[{"href":"https:\/\/calleangosta.com\/ca\/wp-json\/wp\/v2\/types\/post"}],"author":[{"embeddable":true,"href":"https:\/\/calleangosta.com\/ca\/wp-json\/wp\/v2\/users\/2"}],"replies":[{"embeddable":true,"href":"https:\/\/calleangosta.com\/ca\/wp-json\/wp\/v2\/comments?post=3340"}],"version-history":[{"count":1,"href":"https:\/\/calleangosta.com\/ca\/wp-json\/wp\/v2\/posts\/3340\/revisions"}],"predecessor-version":[{"id":6066,"href":"https:\/\/calleangosta.com\/ca\/wp-json\/wp\/v2\/posts\/3340\/revisions\/6066"}],"wp:attachment":[{"href":"https:\/\/calleangosta.com\/ca\/wp-json\/wp\/v2\/media?parent=3340"}],"wp:term":[{"taxonomy":"category","embeddable":true,"href":"https:\/\/calleangosta.com\/ca\/wp-json\/wp\/v2\/categories?post=3340"},{"taxonomy":"post_tag","embeddable":true,"href":"https:\/\/calleangosta.com\/ca\/wp-json\/wp\/v2\/tags?post=3340"}],"curies":[{"name":"wp","href":"https:\/\/api.w.org\/{rel}","templated":true}]}}