{"id":3342,"date":"2024-12-03T10:31:42","date_gmt":"2024-12-03T13:31:42","guid":{"rendered":"https:\/\/calleangosta.com\/ca\/?p=3342"},"modified":"2024-12-03T10:31:58","modified_gmt":"2024-12-03T13:31:58","slug":"vouchers-para-escuelas-privadas-deterioro-para-la-publica","status":"publish","type":"post","link":"https:\/\/calleangosta.com\/ca\/vouchers-para-escuelas-privadas-deterioro-para-la-publica\/","title":{"rendered":"Vouchers para escuelas privadas; deterioro para la p\u00fablica"},"content":{"rendered":"<div class=\"flex-1 overflow-hidden\">\n<div class=\"react-scroll-to-bottom--css-hbgqa-79elbk h-full\">\n<div class=\"react-scroll-to-bottom--css-hbgqa-1n7m0yu\">\n<div class=\"flex flex-col text-sm pb-9\">\n<div class=\"w-full text-token-text-primary\" data-testid=\"conversation-turn-163\">\n<div class=\"px-4 py-2 justify-center text-base md:gap-6 m-auto\">\n<div class=\"flex flex-1 text-base mx-auto gap-3 md:px-5 lg:px-1 xl:px-5 md:max-w-3xl lg:max-w-[40rem] xl:max-w-[48rem] group final-completion\">\n<div class=\"relative flex w-full flex-col agent-turn\">\n<div class=\"flex-col gap-1 md:gap-3\">\n<div class=\"flex flex-grow flex-col max-w-full\">\n<div data-message-author-role=\"assistant\" data-message-id=\"b9b05aba-0623-4e7f-9875-b534f3f566fa\" class=\"min-h-[20px] text-message flex flex-col items-start gap-3 whitespace-pre-wrap break-words [.text-message+&amp;]:mt-5 overflow-x-auto\">\n<div class=\"markdown prose w-full break-words dark:prose-invert light\">\n<p>El Gobierno anunci\u00f3 el lanzamiento del Programa de Asistencia \u00abVouchers Educativos\u00bb para brindar apoyo a las familias cuyos hijos e hijas asisten a escuelas privadas con una subvenci\u00f3n estatal del 75% o m\u00e1s y una cuota no superior a los 54.396 pesos.<\/p>\n<p><!--more--><\/p>\n<p>Seg\u00fan lo informado oficialmente, estas familias recibir\u00e1n la mitad del valor del arancel de jornada simple durante los meses de mayo, junio y julio, con un tope de 27.198 pesos por estudiante, excluyendo actividades extraprogram\u00e1ticas.<\/p>\n<\/div>\n<\/div>\n<\/div>\n<\/div>\n<\/div>\n<\/div>\n<\/div>\n<\/div>\n<\/div>\n<\/div>\n<\/div>\n<\/div>\n<p>Sin embargo, desde la Uni\u00f3n de Trabajadores de la Educaci\u00f3n (UTE-Ctera), uno de los principales gremios docentes de la Ciudad de Buenos Aires, su secretaria general, Ang\u00e9lica Graciano, denunci\u00f3 que \u00abel dinero del FONID (Fondo Nacional de Incentivo Docente) va para los vouchers\u00bb. Esta medida ha generado preocupaci\u00f3n en el sector, ya que se interpreta como un doble financiamiento para las escuelas privadas, afectando los salarios de los docentes y debilitando los programas educativos nacionales.<\/p>\n<p>\u00abUn modelo que no hace m\u00e1s que profundizar las desigualdades y destruir el derecho social a la educaci\u00f3n p\u00fablica\u00bb, advirti\u00f3 Graciano, resaltando las consecuencias negativas de esta iniciativa para el sistema educativo p\u00fablico.<\/p>\n<p>Por su parte, el Ministerio de Capital Humano emiti\u00f3 un comunicado informando que casi 2 millones de estudiantes de niveles inicial, primario y secundario de escuelas privadas podr\u00edan acceder al voucher, asistiendo a m\u00e1s de 6.000 establecimientos en todo el pa\u00eds. Para ser elegible, el ingreso familiar debe ser menor a siete veces el salario m\u00ednimo, vital y m\u00f3vil.<\/p>\n<p>El proceso para acceder al beneficio requerir\u00e1 que las familias completen un formulario disponible en argentina.gob.ar, del 3 al 30 de abril, proporcionando su CBU para la acreditaci\u00f3n del dinero y detalles sobre el establecimiento educativo al que asiste su hijo\/a. Esta medida ha generado un debate sobre la distribuci\u00f3n de recursos en el sistema educativo y la priorizaci\u00f3n de la educaci\u00f3n p\u00fablica frente a la privada.<\/p>\n","protected":false},"excerpt":{"rendered":"<p>El Gobierno anunci\u00f3 el lanzamiento del Programa de Asistencia \u00abVouchers Educativos\u00bb para brindar apoyo a las familias cuyos hijos e hijas asisten a escuelas privadas con una subvenci\u00f3n estatal del 75% o m\u00e1s y una cuota no superior a los 54.396 pesos. Seg\u00fan lo informado oficialmente, estas familias recibir\u00e1n la mitad del valor del arancel &hellip;<\/p>\n","protected":false},"author":2,"featured_media":0,"comment_status":"open","ping_status":"open","sticky":false,"template":"","format":"standard","meta":{"advanced_seo_description":"","jetpack_seo_html_title":"","jetpack_seo_noindex":false,"_jetpack_memberships_contains_paid_content":false,"footnotes":"","jetpack_publicize_message":"","jetpack_publicize_feature_enabled":true,"jetpack_social_post_already_shared":false,"jetpack_social_options":{"image_generator_settings":{"template":"highway","default_image_id":0,"font":"","enabled":false},"version":2}},"categories":[6],"tags":[],"class_list":["post-3342","post","type-post","status-publish","format-standard","hentry","category-calle-angosta"],"jetpack_publicize_connections":[],"jetpack_featured_media_url":"","jetpack_sharing_enabled":true,"_links":{"self":[{"href":"https:\/\/calleangosta.com\/ca\/wp-json\/wp\/v2\/posts\/3342","targetHints":{"allow":["GET"]}}],"collection":[{"href":"https:\/\/calleangosta.com\/ca\/wp-json\/wp\/v2\/posts"}],"about":[{"href":"https:\/\/calleangosta.com\/ca\/wp-json\/wp\/v2\/types\/post"}],"author":[{"embeddable":true,"href":"https:\/\/calleangosta.com\/ca\/wp-json\/wp\/v2\/users\/2"}],"replies":[{"embeddable":true,"href":"https:\/\/calleangosta.com\/ca\/wp-json\/wp\/v2\/comments?post=3342"}],"version-history":[{"count":1,"href":"https:\/\/calleangosta.com\/ca\/wp-json\/wp\/v2\/posts\/3342\/revisions"}],"predecessor-version":[{"id":6064,"href":"https:\/\/calleangosta.com\/ca\/wp-json\/wp\/v2\/posts\/3342\/revisions\/6064"}],"wp:attachment":[{"href":"https:\/\/calleangosta.com\/ca\/wp-json\/wp\/v2\/media?parent=3342"}],"wp:term":[{"taxonomy":"category","embeddable":true,"href":"https:\/\/calleangosta.com\/ca\/wp-json\/wp\/v2\/categories?post=3342"},{"taxonomy":"post_tag","embeddable":true,"href":"https:\/\/calleangosta.com\/ca\/wp-json\/wp\/v2\/tags?post=3342"}],"curies":[{"name":"wp","href":"https:\/\/api.w.org\/{rel}","templated":true}]}}