{"id":5041,"date":"2024-12-02T18:26:02","date_gmt":"2024-12-02T21:26:02","guid":{"rendered":"https:\/\/calleangosta.com\/ca\/?p=5041"},"modified":"2024-12-02T18:26:06","modified_gmt":"2024-12-02T21:26:06","slug":"partido-justicialista-pedernera-nuevas-autoridades","status":"publish","type":"post","link":"https:\/\/calleangosta.com\/ca\/partido-justicialista-pedernera-nuevas-autoridades\/","title":{"rendered":"Partido Justicialista Pedernera: nuevas autoridades"},"content":{"rendered":"\n<p>El Partido Justicialista vive en estos dias un reacomodamiento dirigencial y una necesidad manifiesta de reconfigurar su rol actual en la pol\u00edtica argentina. En la naci\u00f3n, la conducci\u00f3n ser\u00e1 Cristina Kirchner en tanto que en la provincia de San Luis, el exgobernador Alberto Rodriguez Sa\u00e1 sera el conductor del peronismo sanluise\u00f1o. En tanto, el departamento Pedernera ser\u00e1 comandado por el Intendente de Justo Daract, Alfredo Dominguez.<\/p>\n\n\n\n<hr class=\"wp-block-separator has-alpha-channel-opacity\" id=\"system-readmore\"\/>\n\n\n\n<p>Es nuestra intenci\u00f3n centrarnos en lo que va a pasar de aqu\u00ed en adelante en el departamento Pedernera, considerado desde el advenimiento de la democracia como la cuna del peronismo provincial. Excepto all\u00e1 por el a\u00f1o 1983, con la primera gesti\u00f3n de Miguel Angel Bonino, la municipalidad de Villa Mercedes siempre ha estado en manos de peronistas, m\u00e1s alla de las internas y los posicionamientos. Ahora en este momento, una de las disputas pol\u00edticas m\u00e1s resonantes ha sido precisamente entre el conductor provincial Alberto Rodr\u00edguez Sa\u00e1 y Maxi Frontera, Intendente mercedino que ya dej\u00f3 clara su intenci\u00f3n de alejarse del PJ para armar y consolidar su propio espacio pol\u00edtico.<\/p>\n\n\n\n<p>Seguramente los cuestionamientos como as\u00ed tambi\u00e9n las especulaciones respecto del porqu\u00e9 del accionar de cada sector son entendibles, lo que, si podemos asegurar, es que se trata de una problem\u00e1tica que se encuentra muy lejos de lo que reina en el imaginario social. Sin embargo, el a\u00f1o electoral ya est\u00e1 en marcha y es obviamente lo que motiva estos posicionamientos. En estos d\u00edas incluso ya se coordin\u00f3 la entrega de la llave de la sede de Avenida Mitre.<\/p>\n\n\n\n<p>A simple vista ser\u00e1 interesante ver como las nuevas autoridades pueden avanzar coordinadamente en la unidad, cuando existen notorias diferencias entre ellas. Lo otro, ser\u00e1 ver como el intendente mercedino, acompa\u00f1ado mayoritariamente por \u00abnuevos\u00bb dirigentes, puede sostener un proyecto ambicioso: proyectar a la provincia la gesti\u00f3n local.&nbsp;<br>Recordemos tambi\u00e9n que este escenario se complejiza si sumamos un gran sector del peronismo que no se siente representado por estas dos corrientes que se arrojan la representatividad del peronismo, sin advertir que pol\u00edtica no es lo mismo que gesti\u00f3n o que los sentimientos militantes no siempre se pueden mensurar en cargos o dinero.&nbsp;<\/p>\n\n\n\n<p>Por el lado de las nuevas autoridades del peronismo departamental encontramos a varios dirigentes con cercan\u00edas evidentes a la gesti\u00f3n provincial saliente y en algunos casos, con notorias diferencias con la gesti\u00f3n Frontera. Esta es la conformaci\u00f3n del nuevo Partido Justicialista en nuestro departamento.<\/p>\n\n\n\n<p><strong>CONSEJO DEPARTAMENTAL PEDERNERA<\/strong><\/p>\n\n\n\n<p>Presidente: Dom\u00ednguez, Ram\u00f3n Alfredo<\/p>\n\n\n\n<p>Vicepresidente Primero: Lucero, Virginia Soledad<\/p>\n\n\n\n<p>Vicepresidente Segundo: Isaguirre, Guillermo Ismael<\/p>\n\n\n\n<p>Secretario General: Pereyra, Blanca Renee<\/p>\n\n\n\n<p>Vocal Titular 1: Desotti, N\u00e9stor Daniel<\/p>\n\n\n\n<p>Vocal Titular 2: Albedro, Jonathan Mart\u00edn<\/p>\n\n\n\n<p>Vocal Titular 3: Tessi, Franca<\/p>\n\n\n\n<p>Vocal Titular 4: Parladorio, Virginia Esther<\/p>\n\n\n\n<p>Vocal Titular 5: Torres, Nadia Soledad<\/p>\n\n\n\n<p>Vocal Titular 6: Garmendia, Carlos Alejandro<\/p>\n\n\n\n<p>Vocal Titular 7: Salas, Claudio Ariel<\/p>\n\n\n\n<p>Vocal Titular 8: Pansa, Sonia Silvia<\/p>\n","protected":false},"excerpt":{"rendered":"<p>El Partido Justicialista vive en estos dias un reacomodamiento dirigencial y una necesidad manifiesta de reconfigurar su rol actual en la pol\u00edtica argentina. En la naci\u00f3n, la conducci\u00f3n ser\u00e1 Cristina Kirchner en tanto que en la provincia de San Luis, el exgobernador Alberto Rodriguez Sa\u00e1 sera el conductor del peronismo sanluise\u00f1o. En tanto, el departamento &hellip;<\/p>\n","protected":false},"author":7,"featured_media":5042,"comment_status":"open","ping_status":"open","sticky":false,"template":"","format":"standard","meta":{"advanced_seo_description":"","jetpack_seo_html_title":"","jetpack_seo_noindex":false,"_jetpack_memberships_contains_paid_content":false,"footnotes":"","jetpack_publicize_message":"","jetpack_publicize_feature_enabled":true,"jetpack_social_post_already_shared":false,"jetpack_social_options":{"image_generator_settings":{"template":"highway","default_image_id":0,"font":"","enabled":false},"version":2}},"categories":[32,33],"tags":[],"class_list":["post-5041","post","type-post","status-publish","format-standard","has-post-thumbnail","hentry","category-san-luis","category-villa-mercedes-actualidad"],"jetpack_publicize_connections":[],"jetpack_featured_media_url":"https:\/\/i0.wp.com\/calleangosta.com\/ca\/wp-content\/uploads\/2024\/12\/pj.jpg?fit=995%2C667&ssl=1","jetpack_sharing_enabled":true,"_links":{"self":[{"href":"https:\/\/calleangosta.com\/ca\/wp-json\/wp\/v2\/posts\/5041","targetHints":{"allow":["GET"]}}],"collection":[{"href":"https:\/\/calleangosta.com\/ca\/wp-json\/wp\/v2\/posts"}],"about":[{"href":"https:\/\/calleangosta.com\/ca\/wp-json\/wp\/v2\/types\/post"}],"author":[{"embeddable":true,"href":"https:\/\/calleangosta.com\/ca\/wp-json\/wp\/v2\/users\/7"}],"replies":[{"embeddable":true,"href":"https:\/\/calleangosta.com\/ca\/wp-json\/wp\/v2\/comments?post=5041"}],"version-history":[{"count":1,"href":"https:\/\/calleangosta.com\/ca\/wp-json\/wp\/v2\/posts\/5041\/revisions"}],"predecessor-version":[{"id":5043,"href":"https:\/\/calleangosta.com\/ca\/wp-json\/wp\/v2\/posts\/5041\/revisions\/5043"}],"wp:featuredmedia":[{"embeddable":true,"href":"https:\/\/calleangosta.com\/ca\/wp-json\/wp\/v2\/media\/5042"}],"wp:attachment":[{"href":"https:\/\/calleangosta.com\/ca\/wp-json\/wp\/v2\/media?parent=5041"}],"wp:term":[{"taxonomy":"category","embeddable":true,"href":"https:\/\/calleangosta.com\/ca\/wp-json\/wp\/v2\/categories?post=5041"},{"taxonomy":"post_tag","embeddable":true,"href":"https:\/\/calleangosta.com\/ca\/wp-json\/wp\/v2\/tags?post=5041"}],"curies":[{"name":"wp","href":"https:\/\/api.w.org\/{rel}","templated":true}]}}