{"id":6988,"date":"2024-12-05T12:56:51","date_gmt":"2024-12-05T15:56:51","guid":{"rendered":"https:\/\/calleangosta.com\/ca\/?p=6988"},"modified":"2024-12-06T10:33:43","modified_gmt":"2024-12-06T13:33:43","slug":"la-corrupcion-de-milei-no-molesta","status":"publish","type":"post","link":"https:\/\/calleangosta.com\/ca\/la-corrupcion-de-milei-no-molesta\/","title":{"rendered":"La corrupci\u00f3n de Milei no molesta?"},"content":{"rendered":"\n<p>La velocidad con la que el discurso anti casta de Javier Milei se desmoron\u00f3, es much\u00edsimo menor que el anti peronismo que parece a\u00fan habitar en una gran parte del electorado. Los continuos exabruptos del presidente como as\u00ed tambi\u00e9n las agresiones antidemocr\u00e1ticas son ignoradas por una gran parte de la sociedad que sostiene esta ignorancia con varios trucos propios de \u00e9pocas negras de nuestro pa\u00eds.<\/p>\n\n\n\n<p>El hecho protagonizado por el Senador Kueider , detenido en Paraguay con 200 mil d\u00f3lares,&nbsp;hace que la comparaci\u00f3n con \u00bb los bolsos de L\u00f3pez\u00bb sea evidente. Pero m\u00e1s all\u00e1 de caer en estas comparaciones o en analizar el origen pol\u00edtico del protagonista del hecho, me parece m\u00e1s interesante poner el foco en el rol pasivo de un sector importante de nuestra sociedad que asiste inm\u00f3vil a este tipo de acontecimientos, lo que nos lleva a afirmar que terminan siendo parte fundamental del discurso que se busca imponer.<\/p>\n\n\n\n<p>Comenzamos reconociendo que la legitimidad del gobierno libertario es innegable. La mayor\u00eda vot\u00f3 a un panelista de televisi\u00f3n que se vanagloria de todo lo que aborrece al estado y de que se ve a si mismo \u00bb como un topo que viene a destruir el estado desde adentro\u00bb. Una de las principales muestras de la hipocres\u00eda de clase, es que el gran n\u00famero de profesionales formados en la Educaci\u00f3n P\u00fablica que existen en el pa\u00eds, hayan permanecido inmunes a las movilizaciones que alertan sobre el poco presupuesto destinado a la educaci\u00f3n p\u00fablica por este gobierno.<\/p>\n\n\n\n<p>La quita de medicamentos a los jubilados, el despido de empleos, la liberaci\u00f3n de las exportaciones de carne y granos, como as\u00ed tambi\u00e9n la liberaci\u00f3n de importaciones parecen a\u00fan no ser motivos de alarma para un gran sector de la comunidad que ha sustentado su mejor nivel de vida, precisamente con el acceso a la salud, educaci\u00f3n y trabajo que este TOPO viene a destruir. La corruptela del estado es propia de la casta que se ha consolidado en este a\u00f1o. Al igual que los grandes grupos econ\u00f3micos financieros. Similar situaci\u00f3n se vivi\u00f3 en la dictadura, la d\u00e9cada del 90 y el macrismo.<\/p>\n\n\n\n<figure class=\"wp-block-image size-large\"><img data-recalc-dims=\"1\" loading=\"lazy\" decoding=\"async\" width=\"1024\" height=\"678\" data-attachment-id=\"6989\" data-permalink=\"https:\/\/calleangosta.com\/ca\/la-corrupcion-de-milei-no-molesta\/kueider\/\" data-orig-file=\"https:\/\/i0.wp.com\/calleangosta.com\/ca\/wp-content\/uploads\/2024\/12\/kueider.jpg?fit=1330%2C880&amp;ssl=1\" data-orig-size=\"1330,880\" data-comments-opened=\"1\" data-image-meta=\"{&quot;aperture&quot;:&quot;0&quot;,&quot;credit&quot;:&quot;&quot;,&quot;camera&quot;:&quot;&quot;,&quot;caption&quot;:&quot;&quot;,&quot;created_timestamp&quot;:&quot;0&quot;,&quot;copyright&quot;:&quot;&quot;,&quot;focal_length&quot;:&quot;0&quot;,&quot;iso&quot;:&quot;0&quot;,&quot;shutter_speed&quot;:&quot;0&quot;,&quot;title&quot;:&quot;&quot;,&quot;orientation&quot;:&quot;0&quot;}\" data-image-title=\"kueider\" data-image-description=\"\" data-image-caption=\"\" data-large-file=\"https:\/\/i0.wp.com\/calleangosta.com\/ca\/wp-content\/uploads\/2024\/12\/kueider.jpg?fit=600%2C397&amp;ssl=1\" src=\"https:\/\/i0.wp.com\/calleangosta.com\/ca\/wp-content\/uploads\/2024\/12\/kueider.jpg?resize=1024%2C678&#038;ssl=1\" alt=\"\" class=\"wp-image-6989\" srcset=\"https:\/\/i0.wp.com\/calleangosta.com\/ca\/wp-content\/uploads\/2024\/12\/kueider.jpg?resize=1024%2C678&amp;ssl=1 1024w, https:\/\/i0.wp.com\/calleangosta.com\/ca\/wp-content\/uploads\/2024\/12\/kueider.jpg?resize=300%2C198&amp;ssl=1 300w, https:\/\/i0.wp.com\/calleangosta.com\/ca\/wp-content\/uploads\/2024\/12\/kueider.jpg?resize=150%2C99&amp;ssl=1 150w, https:\/\/i0.wp.com\/calleangosta.com\/ca\/wp-content\/uploads\/2024\/12\/kueider.jpg?resize=768%2C508&amp;ssl=1 768w, https:\/\/i0.wp.com\/calleangosta.com\/ca\/wp-content\/uploads\/2024\/12\/kueider.jpg?w=1330&amp;ssl=1 1330w\" sizes=\"auto, (max-width: 1000px) 100vw, 1000px\" \/><\/figure>\n\n\n\n<p>Los resultados de estas pol\u00edticas ya las conocemos. Si tener a todos los Menem en el gobierno no les parece propio de la casta, ahora que encuentran a senadores valijeros, veremos si lo que molestaba era la corrupci\u00f3n o simplemente, el peronismo.<\/p>\n\n\n\n<p><\/p>\n","protected":false},"excerpt":{"rendered":"<p>La velocidad con la que el discurso anti casta de Javier Milei se desmoron\u00f3, es much\u00edsimo menor que el anti peronismo que parece a\u00fan habitar en una gran parte del electorado. Los continuos exabruptos del presidente como as\u00ed tambi\u00e9n las agresiones antidemocr\u00e1ticas son ignoradas por una gran parte de la sociedad que sostiene esta ignorancia &hellip;<\/p>\n","protected":false},"author":7,"featured_media":7012,"comment_status":"open","ping_status":"open","sticky":false,"template":"","format":"standard","meta":{"advanced_seo_description":"","jetpack_seo_html_title":"","jetpack_seo_noindex":false,"_jetpack_memberships_contains_paid_content":false,"footnotes":"","jetpack_publicize_message":"","jetpack_publicize_feature_enabled":true,"jetpack_social_post_already_shared":false,"jetpack_social_options":{"image_generator_settings":{"template":"highway","default_image_id":0,"font":"","enabled":false},"version":2}},"categories":[31,23,22],"tags":[],"class_list":["post-6988","post","type-post","status-publish","format-standard","has-post-thumbnail","hentry","category-argentina","category-opinion","category-politica"],"jetpack_publicize_connections":[],"jetpack_featured_media_url":"https:\/\/i0.wp.com\/calleangosta.com\/ca\/wp-content\/uploads\/2024\/12\/kueider-1.jpg?fit=1330%2C880&ssl=1","jetpack_sharing_enabled":true,"_links":{"self":[{"href":"https:\/\/calleangosta.com\/ca\/wp-json\/wp\/v2\/posts\/6988","targetHints":{"allow":["GET"]}}],"collection":[{"href":"https:\/\/calleangosta.com\/ca\/wp-json\/wp\/v2\/posts"}],"about":[{"href":"https:\/\/calleangosta.com\/ca\/wp-json\/wp\/v2\/types\/post"}],"author":[{"embeddable":true,"href":"https:\/\/calleangosta.com\/ca\/wp-json\/wp\/v2\/users\/7"}],"replies":[{"embeddable":true,"href":"https:\/\/calleangosta.com\/ca\/wp-json\/wp\/v2\/comments?post=6988"}],"version-history":[{"count":2,"href":"https:\/\/calleangosta.com\/ca\/wp-json\/wp\/v2\/posts\/6988\/revisions"}],"predecessor-version":[{"id":7009,"href":"https:\/\/calleangosta.com\/ca\/wp-json\/wp\/v2\/posts\/6988\/revisions\/7009"}],"wp:featuredmedia":[{"embeddable":true,"href":"https:\/\/calleangosta.com\/ca\/wp-json\/wp\/v2\/media\/7012"}],"wp:attachment":[{"href":"https:\/\/calleangosta.com\/ca\/wp-json\/wp\/v2\/media?parent=6988"}],"wp:term":[{"taxonomy":"category","embeddable":true,"href":"https:\/\/calleangosta.com\/ca\/wp-json\/wp\/v2\/categories?post=6988"},{"taxonomy":"post_tag","embeddable":true,"href":"https:\/\/calleangosta.com\/ca\/wp-json\/wp\/v2\/tags?post=6988"}],"curies":[{"name":"wp","href":"https:\/\/api.w.org\/{rel}","templated":true}]}}