{"id":7178,"date":"2024-12-10T17:46:18","date_gmt":"2024-12-10T20:46:18","guid":{"rendered":"https:\/\/calleangosta.com\/ca\/?p=7178"},"modified":"2024-12-10T17:46:20","modified_gmt":"2024-12-10T20:46:20","slug":"laura-sanchez-asume-como-presidenta-del-concejo-deliberante-de-san-luis","status":"publish","type":"post","link":"https:\/\/calleangosta.com\/ca\/laura-sanchez-asume-como-presidenta-del-concejo-deliberante-de-san-luis\/","title":{"rendered":"Laura S\u00e1nchez asume como presidenta del Concejo Deliberante de San Luis"},"content":{"rendered":"\n<p>El Concejo Deliberante de San Luis renov\u00f3 sus autoridades, marcando el fin de la gesti\u00f3n de Agustina Arancibia Rodr\u00edguez y el inicio de la conducci\u00f3n de Laura S\u00e1nchez. La nueva presidenta, quien fue electa por el Frente Justicialista, protagoniz\u00f3 un cambio pol\u00edtico al aliarse con el oficialismo municipal liderado por el intendente Gast\u00f3n Hissa. Este movimiento, calificado como transfuguismo pol\u00edtico, fue interpretado como una estrategia que le permiti\u00f3 asumir la presidencia.<\/p>\n\n\n\n<p>Detalles de la votaci\u00f3n y cr\u00edticas<br>La elecci\u00f3n de S\u00e1nchez como presidenta estuvo marcada por una votaci\u00f3n ajustada que requiri\u00f3 el desempate del voto presidencial, en medio de la inesperada ausencia de Mario Silvestri, jefe de la bancada oficialista, quien inicialmente era considerado el sucesor natural.<\/p>\n\n\n\n<p>Desde el bloque justicialista, su titular Juan Mart\u00edn Divizia expres\u00f3 un fuerte rechazo, calificando el acto como una \u00abestafa electoral\u00bb y argumentando que S\u00e1nchez traicion\u00f3 los principios del peronismo al cambiar de bando tras asumir su cargo. Seg\u00fan Divizia, este tipo de actos \u00abdeval\u00faan la pol\u00edtica\u00bb y env\u00edan un mensaje negativo a la ciudadan\u00eda.<\/p>\n\n\n\n<p>Conformaci\u00f3n de la nueva mesa directiva<br>Adem\u00e1s de la presidencia, el oficialismo municipal logr\u00f3 quedarse con todos los cargos renovables de la mesa directiva, consolidando su control en el Concejo:<\/p>\n\n\n\n<ul class=\"wp-block-list\">\n<li>Vicepresidencia primera: Lizbeth Huatay Otiniano (Cambia San Luis).<\/li>\n\n\n\n<li>Vicepresidencia segunda: Micaela Medina (Cambia San Luis).<\/li>\n\n\n\n<li>Otros cargos administrativos y legislativos recayeron en figuras como Agustina D\u00edaz Turk, Florencia Galdeano, Alejo Arroyuelo, y Jesica Reta.<\/li>\n<\/ul>\n\n\n\n<p>Este cambio en el Concejo refleja din\u00e1micas pol\u00edticas locales que, en algunos sectores, son vistas como prioritarias para consolidar el poder del oficialismo, pero en otros generan cuestionamientos \u00e9ticos sobre el impacto del transfuguismo en la confianza ciudadana.<\/p>\n\n\n\n<p>Autor: EL DIARIO DE LA REPUBLICA<\/p>\n","protected":false},"excerpt":{"rendered":"<p>El Concejo Deliberante de San Luis renov\u00f3 sus autoridades, marcando el fin de la gesti\u00f3n de Agustina Arancibia Rodr\u00edguez y el inicio de la conducci\u00f3n de Laura S\u00e1nchez. La nueva presidenta, quien fue electa por el Frente Justicialista, protagoniz\u00f3 un cambio pol\u00edtico al aliarse con el oficialismo municipal liderado por el intendente Gast\u00f3n Hissa. Este &hellip;<\/p>\n","protected":false},"author":8,"featured_media":7179,"comment_status":"open","ping_status":"open","sticky":false,"template":"","format":"standard","meta":{"advanced_seo_description":"","jetpack_seo_html_title":"","jetpack_seo_noindex":false,"_jetpack_memberships_contains_paid_content":false,"footnotes":"","jetpack_publicize_message":"","jetpack_publicize_feature_enabled":true,"jetpack_social_post_already_shared":false,"jetpack_social_options":{"image_generator_settings":{"template":"highway","default_image_id":0,"font":"","enabled":false},"version":2}},"categories":[29,32],"tags":[],"class_list":["post-7178","post","type-post","status-publish","format-standard","has-post-thumbnail","hentry","category-actualidad","category-san-luis"],"jetpack_publicize_connections":[],"jetpack_featured_media_url":"https:\/\/i0.wp.com\/calleangosta.com\/ca\/wp-content\/uploads\/2024\/12\/descarga-43.jpg?fit=275%2C183&ssl=1","jetpack_sharing_enabled":true,"_links":{"self":[{"href":"https:\/\/calleangosta.com\/ca\/wp-json\/wp\/v2\/posts\/7178","targetHints":{"allow":["GET"]}}],"collection":[{"href":"https:\/\/calleangosta.com\/ca\/wp-json\/wp\/v2\/posts"}],"about":[{"href":"https:\/\/calleangosta.com\/ca\/wp-json\/wp\/v2\/types\/post"}],"author":[{"embeddable":true,"href":"https:\/\/calleangosta.com\/ca\/wp-json\/wp\/v2\/users\/8"}],"replies":[{"embeddable":true,"href":"https:\/\/calleangosta.com\/ca\/wp-json\/wp\/v2\/comments?post=7178"}],"version-history":[{"count":1,"href":"https:\/\/calleangosta.com\/ca\/wp-json\/wp\/v2\/posts\/7178\/revisions"}],"predecessor-version":[{"id":7180,"href":"https:\/\/calleangosta.com\/ca\/wp-json\/wp\/v2\/posts\/7178\/revisions\/7180"}],"wp:featuredmedia":[{"embeddable":true,"href":"https:\/\/calleangosta.com\/ca\/wp-json\/wp\/v2\/media\/7179"}],"wp:attachment":[{"href":"https:\/\/calleangosta.com\/ca\/wp-json\/wp\/v2\/media?parent=7178"}],"wp:term":[{"taxonomy":"category","embeddable":true,"href":"https:\/\/calleangosta.com\/ca\/wp-json\/wp\/v2\/categories?post=7178"},{"taxonomy":"post_tag","embeddable":true,"href":"https:\/\/calleangosta.com\/ca\/wp-json\/wp\/v2\/tags?post=7178"}],"curies":[{"name":"wp","href":"https:\/\/api.w.org\/{rel}","templated":true}]}}