{"id":7303,"date":"2024-12-16T18:09:52","date_gmt":"2024-12-16T21:09:52","guid":{"rendered":"https:\/\/calleangosta.com\/ca\/?p=7303"},"modified":"2024-12-16T23:19:58","modified_gmt":"2024-12-17T02:19:58","slug":"un-rato-antes-de-atacar-al-hombre-sordomudo-la-patota-agredio-a-menores-en-una-plaza","status":"publish","type":"post","link":"https:\/\/calleangosta.com\/ca\/un-rato-antes-de-atacar-al-hombre-sordomudo-la-patota-agredio-a-menores-en-una-plaza\/","title":{"rendered":"Un rato antes de atacar al hombre con discapacidad auditiva, la patota agredi\u00f3 a menores en una plaza"},"content":{"rendered":"\n<p>Los hechos de violencia ocurridos en Justo Daract el pasado domingo no se limitaron al brutal ataque a Ram\u00f3n Flores, un hombre sordo de 40 a\u00f1os que fue salvajemente golpeado por un grupo de j\u00f3venes. Seg\u00fan testigos y nuevos videos que se viralizaron, la misma patota, integrada por j\u00f3venes de 20, 21 y 22 a\u00f1os, habr\u00eda protagonizado otra agresi\u00f3n apenas media hora antes, atacando a menores de edad en una plaza de la localidad.<\/p>\n\n\n\n<p><strong>Dos episodios de violencia en una ma\u00f1ana<\/strong><br>El primer incidente se registr\u00f3 durante la ma\u00f1ana del domingo. En el video difundido, se observa c\u00f3mo los agresores persiguen a un grupo de chicos en la plaza, propin\u00e1ndoles golpes de pu\u00f1o y patadas. Finalmente, los menores lograron dispersarse, mientras al final de la grabaci\u00f3n se aprecia la llegada de una camioneta policial. Sin embargo, no se puede confirmar si los agentes intervinieron en ese momento.<\/p>\n\n\n\n<p><strong>La brutal paliza a Flores<\/strong><br>Poco despu\u00e9s, los mismos j\u00f3venes atacaron a Ram\u00f3n Flores mientras este regresaba de su trabajo en moto. Tras bajarlo del veh\u00edculo, lo golpearon violentamente, dej\u00e1ndolo inconsciente en un charco de sangre. Flores sufri\u00f3 m\u00faltiples lesiones, incluida la fractura de la mand\u00edbula, y permanece internado en terapia intensiva en Villa Mercedes.<\/p>\n\n\n\n<p><strong>Investigaci\u00f3n en curso<\/strong><br>La Fiscal\u00eda de Instrucci\u00f3n 1 de Villa Mercedes, a cargo de Maximiliano Bazla, est\u00e1 investigando ambos episodios. Los cuatro sospechosos fueron demorados y podr\u00edan quedar formalmente detenidos en las pr\u00f3ximas horas, mientras las autoridades contin\u00faan recabando pruebas.<\/p>\n\n\n\n<p>La comunidad de Justo Daract sigue conmocionada por los hechos y exige justicia para las v\u00edctimas de esta serie de ataques.<\/p>\n","protected":false},"excerpt":{"rendered":"<p>Los hechos de violencia ocurridos en Justo Daract el pasado domingo no se limitaron al brutal ataque a Ram\u00f3n Flores, un hombre sordo de 40 a\u00f1os que fue salvajemente golpeado por un grupo de j\u00f3venes. Seg\u00fan testigos y nuevos videos que se viralizaron, la misma patota, integrada por j\u00f3venes de 20, 21 y 22 a\u00f1os, &hellip;<\/p>\n","protected":false},"author":12,"featured_media":7304,"comment_status":"open","ping_status":"open","sticky":false,"template":"","format":"standard","meta":{"advanced_seo_description":"","jetpack_seo_html_title":"","jetpack_seo_noindex":false,"_jetpack_memberships_contains_paid_content":false,"footnotes":"","jetpack_publicize_message":"","jetpack_publicize_feature_enabled":true,"jetpack_social_post_already_shared":false,"jetpack_social_options":{"image_generator_settings":{"template":"highway","default_image_id":0,"font":"","enabled":false},"version":2}},"categories":[29,38,36],"tags":[],"class_list":["post-7303","post","type-post","status-publish","format-standard","has-post-thumbnail","hentry","category-actualidad","category-dpto-general-pedernera","category-localidades-de-san-luis"],"jetpack_publicize_connections":[],"jetpack_featured_media_url":"https:\/\/i0.wp.com\/calleangosta.com\/ca\/wp-content\/uploads\/2024\/12\/WhatsApp-Image-2024-12-16-at-18.06.20.jpeg?fit=562%2C440&ssl=1","jetpack_sharing_enabled":true,"_links":{"self":[{"href":"https:\/\/calleangosta.com\/ca\/wp-json\/wp\/v2\/posts\/7303","targetHints":{"allow":["GET"]}}],"collection":[{"href":"https:\/\/calleangosta.com\/ca\/wp-json\/wp\/v2\/posts"}],"about":[{"href":"https:\/\/calleangosta.com\/ca\/wp-json\/wp\/v2\/types\/post"}],"author":[{"embeddable":true,"href":"https:\/\/calleangosta.com\/ca\/wp-json\/wp\/v2\/users\/12"}],"replies":[{"embeddable":true,"href":"https:\/\/calleangosta.com\/ca\/wp-json\/wp\/v2\/comments?post=7303"}],"version-history":[{"count":2,"href":"https:\/\/calleangosta.com\/ca\/wp-json\/wp\/v2\/posts\/7303\/revisions"}],"predecessor-version":[{"id":7307,"href":"https:\/\/calleangosta.com\/ca\/wp-json\/wp\/v2\/posts\/7303\/revisions\/7307"}],"wp:featuredmedia":[{"embeddable":true,"href":"https:\/\/calleangosta.com\/ca\/wp-json\/wp\/v2\/media\/7304"}],"wp:attachment":[{"href":"https:\/\/calleangosta.com\/ca\/wp-json\/wp\/v2\/media?parent=7303"}],"wp:term":[{"taxonomy":"category","embeddable":true,"href":"https:\/\/calleangosta.com\/ca\/wp-json\/wp\/v2\/categories?post=7303"},{"taxonomy":"post_tag","embeddable":true,"href":"https:\/\/calleangosta.com\/ca\/wp-json\/wp\/v2\/tags?post=7303"}],"curies":[{"name":"wp","href":"https:\/\/api.w.org\/{rel}","templated":true}]}}