{"id":7407,"date":"2024-12-22T21:20:15","date_gmt":"2024-12-23T00:20:15","guid":{"rendered":"https:\/\/calleangosta.com\/ca\/?p=7407"},"modified":"2024-12-26T11:35:56","modified_gmt":"2024-12-26T14:35:56","slug":"motociclista-pierde-la-vida-en-tragico-accidente-en-villa-mercedes","status":"publish","type":"post","link":"https:\/\/calleangosta.com\/ca\/motociclista-pierde-la-vida-en-tragico-accidente-en-villa-mercedes\/","title":{"rendered":"Motociclista pierde la vida en tr\u00e1gico accidente en Villa Mercedes"},"content":{"rendered":"\n<p>Un hombre de 37 a\u00f1os falleci\u00f3 este s\u00e1bado por la noche tras un violento choque en la intersecci\u00f3n de las calles Coronel Iseas y San Lorenzo, en Villa Mercedes.<\/p>\n\n\n\n<p>Seg\u00fan la Comisar\u00eda Seccional 12\u00b0, el siniestro ocurri\u00f3 alrededor de las 21:00 e involucr\u00f3 un Ford Ka Sedan, conducido por un hombre de 74 a\u00f1os, y una motocicleta Honda Wave 110cc. El autom\u00f3vil circulaba por Coronel Iseas en direcci\u00f3n oeste-este, mientras que la moto transitaba por San Lorenzo de sur a norte.<\/p>\n\n\n\n<p>El impacto fue mortal para el motociclista, quien perdi\u00f3 la vida en el lugar. El conductor del autom\u00f3vil sufri\u00f3 una crisis nerviosa tras el choque y fue trasladado al Policl\u00ednico Regional \u00abJuan Domingo Per\u00f3n\u00bb para recibir atenci\u00f3n m\u00e9dica, lo que impidi\u00f3 realizarle el test de alcoholemia en el momento.<\/p>\n\n\n\n<p>La Fiscal\u00eda de Instrucci\u00f3n N\u00b0 2 de la Segunda Circunscripci\u00f3n Judicial est\u00e1 a cargo de la investigaci\u00f3n para determinar las causas y responsabilidades en el accidente.<\/p>\n","protected":false},"excerpt":{"rendered":"<p>Un hombre de 37 a\u00f1os falleci\u00f3 este s\u00e1bado por la noche tras un violento choque en la intersecci\u00f3n de las calles Coronel Iseas y San Lorenzo, en Villa Mercedes. Seg\u00fan la Comisar\u00eda Seccional 12\u00b0, el siniestro ocurri\u00f3 alrededor de las 21:00 e involucr\u00f3 un Ford Ka Sedan, conducido por un hombre de 74 a\u00f1os, y &hellip;<\/p>\n","protected":false},"author":13,"featured_media":7408,"comment_status":"open","ping_status":"open","sticky":false,"template":"","format":"standard","meta":{"advanced_seo_description":"","jetpack_seo_html_title":"","jetpack_seo_noindex":false,"_jetpack_memberships_contains_paid_content":false,"footnotes":"","jetpack_publicize_message":"","jetpack_publicize_feature_enabled":true,"jetpack_social_post_already_shared":false,"jetpack_social_options":{"image_generator_settings":{"template":"highway","default_image_id":0,"font":"","enabled":false},"version":2}},"categories":[47,33],"tags":[],"class_list":["post-7407","post","type-post","status-publish","format-standard","has-post-thumbnail","hentry","category-policiales-y-judiciales","category-villa-mercedes-actualidad"],"jetpack_publicize_connections":[],"jetpack_featured_media_url":"https:\/\/i0.wp.com\/calleangosta.com\/ca\/wp-content\/uploads\/2024\/12\/WhatsApp-Image-2024-12-22-at-21.17.07.jpeg?fit=500%2C342&ssl=1","jetpack_sharing_enabled":true,"_links":{"self":[{"href":"https:\/\/calleangosta.com\/ca\/wp-json\/wp\/v2\/posts\/7407","targetHints":{"allow":["GET"]}}],"collection":[{"href":"https:\/\/calleangosta.com\/ca\/wp-json\/wp\/v2\/posts"}],"about":[{"href":"https:\/\/calleangosta.com\/ca\/wp-json\/wp\/v2\/types\/post"}],"author":[{"embeddable":true,"href":"https:\/\/calleangosta.com\/ca\/wp-json\/wp\/v2\/users\/13"}],"replies":[{"embeddable":true,"href":"https:\/\/calleangosta.com\/ca\/wp-json\/wp\/v2\/comments?post=7407"}],"version-history":[{"count":1,"href":"https:\/\/calleangosta.com\/ca\/wp-json\/wp\/v2\/posts\/7407\/revisions"}],"predecessor-version":[{"id":7409,"href":"https:\/\/calleangosta.com\/ca\/wp-json\/wp\/v2\/posts\/7407\/revisions\/7409"}],"wp:featuredmedia":[{"embeddable":true,"href":"https:\/\/calleangosta.com\/ca\/wp-json\/wp\/v2\/media\/7408"}],"wp:attachment":[{"href":"https:\/\/calleangosta.com\/ca\/wp-json\/wp\/v2\/media?parent=7407"}],"wp:term":[{"taxonomy":"category","embeddable":true,"href":"https:\/\/calleangosta.com\/ca\/wp-json\/wp\/v2\/categories?post=7407"},{"taxonomy":"post_tag","embeddable":true,"href":"https:\/\/calleangosta.com\/ca\/wp-json\/wp\/v2\/tags?post=7407"}],"curies":[{"name":"wp","href":"https:\/\/api.w.org\/{rel}","templated":true}]}}