{"id":7410,"date":"2024-12-22T21:27:49","date_gmt":"2024-12-23T00:27:49","guid":{"rendered":"https:\/\/calleangosta.com\/ca\/?p=7410"},"modified":"2024-12-26T11:36:14","modified_gmt":"2024-12-26T14:36:14","slug":"ciclista-en-terapia-intensiva-tras-ser-embestido-por-un-motociclista-en-villa-mercedes","status":"publish","type":"post","link":"https:\/\/calleangosta.com\/ca\/ciclista-en-terapia-intensiva-tras-ser-embestido-por-un-motociclista-en-villa-mercedes\/","title":{"rendered":"Ciclista en terapia intensiva tras ser embestido por un motociclista en Villa Mercedes"},"content":{"rendered":"\n<p>El siniestro tuvo lugar alrededor de las 21, en calle General Paz, entre Corrientes y San Luis. Seg\u00fan la Polic\u00eda, un joven de 21 a\u00f1os que conduc\u00eda una motocicleta Honda Wave 110 impact\u00f3 contra el ciclista, quien circulaba en la misma direcci\u00f3n, de sur a norte.<\/p>\n\n\n\n<p>Inicialmente, la v\u00edctima no pudo ser identificada porque no portaba documentaci\u00f3n personal y ning\u00fan familiar se hab\u00eda presentado. Fue reci\u00e9n la tarde del domingo cuando su hijo acudi\u00f3 al Policl\u00ednico Regional \u201cJuan Domingo Per\u00f3n\u201d y confirm\u00f3 su identidad.<\/p>\n\n\n\n<p>El personal del Sempro asisti\u00f3 al ciclista en el lugar del accidente y lo traslad\u00f3 de urgencia al hospital debido a la gravedad de los traumatismos. Su estado de salud es cr\u00edtico y permanece bajo cuidados intensivos.<\/p>\n","protected":false},"excerpt":{"rendered":"<p>El siniestro tuvo lugar alrededor de las 21, en calle General Paz, entre Corrientes y San Luis. Seg\u00fan la Polic\u00eda, un joven de 21 a\u00f1os que conduc\u00eda una motocicleta Honda Wave 110 impact\u00f3 contra el ciclista, quien circulaba en la misma direcci\u00f3n, de sur a norte. Inicialmente, la v\u00edctima no pudo ser identificada porque no &hellip;<\/p>\n","protected":false},"author":12,"featured_media":7411,"comment_status":"open","ping_status":"open","sticky":false,"template":"","format":"standard","meta":{"advanced_seo_description":"","jetpack_seo_html_title":"","jetpack_seo_noindex":false,"_jetpack_memberships_contains_paid_content":false,"footnotes":"","jetpack_publicize_message":"","jetpack_publicize_feature_enabled":true,"jetpack_social_post_already_shared":false,"jetpack_social_options":{"image_generator_settings":{"template":"highway","default_image_id":0,"font":"","enabled":false},"version":2}},"categories":[47,33],"tags":[],"class_list":["post-7410","post","type-post","status-publish","format-standard","has-post-thumbnail","hentry","category-policiales-y-judiciales","category-villa-mercedes-actualidad"],"jetpack_publicize_connections":[],"jetpack_featured_media_url":"https:\/\/i0.wp.com\/calleangosta.com\/ca\/wp-content\/uploads\/2024\/12\/WhatsApp-Image-2024-12-22-at-21.24.58.jpeg?fit=541%2C371&ssl=1","jetpack_sharing_enabled":true,"_links":{"self":[{"href":"https:\/\/calleangosta.com\/ca\/wp-json\/wp\/v2\/posts\/7410","targetHints":{"allow":["GET"]}}],"collection":[{"href":"https:\/\/calleangosta.com\/ca\/wp-json\/wp\/v2\/posts"}],"about":[{"href":"https:\/\/calleangosta.com\/ca\/wp-json\/wp\/v2\/types\/post"}],"author":[{"embeddable":true,"href":"https:\/\/calleangosta.com\/ca\/wp-json\/wp\/v2\/users\/12"}],"replies":[{"embeddable":true,"href":"https:\/\/calleangosta.com\/ca\/wp-json\/wp\/v2\/comments?post=7410"}],"version-history":[{"count":1,"href":"https:\/\/calleangosta.com\/ca\/wp-json\/wp\/v2\/posts\/7410\/revisions"}],"predecessor-version":[{"id":7412,"href":"https:\/\/calleangosta.com\/ca\/wp-json\/wp\/v2\/posts\/7410\/revisions\/7412"}],"wp:featuredmedia":[{"embeddable":true,"href":"https:\/\/calleangosta.com\/ca\/wp-json\/wp\/v2\/media\/7411"}],"wp:attachment":[{"href":"https:\/\/calleangosta.com\/ca\/wp-json\/wp\/v2\/media?parent=7410"}],"wp:term":[{"taxonomy":"category","embeddable":true,"href":"https:\/\/calleangosta.com\/ca\/wp-json\/wp\/v2\/categories?post=7410"},{"taxonomy":"post_tag","embeddable":true,"href":"https:\/\/calleangosta.com\/ca\/wp-json\/wp\/v2\/tags?post=7410"}],"curies":[{"name":"wp","href":"https:\/\/api.w.org\/{rel}","templated":true}]}}