{"id":7424,"date":"2024-12-22T22:13:41","date_gmt":"2024-12-23T01:13:41","guid":{"rendered":"https:\/\/calleangosta.com\/ca\/?p=7424"},"modified":"2024-12-26T11:36:36","modified_gmt":"2024-12-26T14:36:36","slug":"fin-de-semana-tragico-en-villa-mercedes-una-ola-de-violencia-y-accidentes-enluta-la-ciudad","status":"publish","type":"post","link":"https:\/\/calleangosta.com\/ca\/fin-de-semana-tragico-en-villa-mercedes-una-ola-de-violencia-y-accidentes-enluta-la-ciudad\/","title":{"rendered":"Fin de semana tr\u00e1gico en Villa Mercedes: una ola de violencia y accidentes enluta la ciudad"},"content":{"rendered":"\n<p>Villa Mercedes vivi\u00f3 un fin de semana marcado por hechos tr\u00e1gicos que han conmocionado a la comunidad. Entre accidentes fatales y un crimen en el barrio La Ribera, la ciudad fue escenario de una serie de eventos que reflejan una jornada cargada de dolor y preocupaci\u00f3n.<\/p>\n\n\n\n<p>El s\u00e1bado por la noche, un motociclista de 37 a\u00f1os perdi\u00f3 la vida al colisionar con un autom\u00f3vil en la intersecci\u00f3n de Coronel Iseas y San Lorenzo. En paralelo, en otro punto de la ciudad, un ciclista de 61 a\u00f1os fue embestido por un motociclista en el barrio Estaci\u00f3n. La v\u00edctima permanece en terapia intensiva con pron\u00f3stico reservado.<\/p>\n\n\n\n<p>Por si fuera poco, la violencia escal\u00f3 en el barrio La Ribera, donde un hombre de 23 a\u00f1os, Maximiliano Ch\u00e1vez, fue asesinado de una pu\u00f1alada por su pareja, Brisa Brizuela, quien ahora enfrenta cargos por homicidio agravado por el v\u00ednculo. Seg\u00fan las primeras declaraciones, el crimen habr\u00eda surgido tras una discusi\u00f3n familiar.<\/p>\n\n\n\n<p>Estos episodios han generado una fuerte conmoci\u00f3n en la ciudad y reavivan el debate sobre la seguridad vial y la violencia intrafamiliar. Mientras las investigaciones avanzan, Villa Mercedes intenta asimilar un fin de semana que quedar\u00e1 grabado en su memoria como uno de los m\u00e1s tr\u00e1gicos del a\u00f1o.<\/p>\n","protected":false},"excerpt":{"rendered":"<p>Villa Mercedes vivi\u00f3 un fin de semana marcado por hechos tr\u00e1gicos que han conmocionado a la comunidad. Entre accidentes fatales y un crimen en el barrio La Ribera, la ciudad fue escenario de una serie de eventos que reflejan una jornada cargada de dolor y preocupaci\u00f3n. El s\u00e1bado por la noche, un motociclista de 37 &hellip;<\/p>\n","protected":false},"author":8,"featured_media":7426,"comment_status":"open","ping_status":"open","sticky":false,"template":"","format":"standard","meta":{"advanced_seo_description":"","jetpack_seo_html_title":"","jetpack_seo_noindex":false,"_jetpack_memberships_contains_paid_content":false,"footnotes":"","jetpack_publicize_message":"","jetpack_publicize_feature_enabled":true,"jetpack_social_post_already_shared":false,"jetpack_social_options":{"image_generator_settings":{"template":"highway","default_image_id":0,"font":"","enabled":false},"version":2}},"categories":[47,33],"tags":[],"class_list":["post-7424","post","type-post","status-publish","format-standard","has-post-thumbnail","hentry","category-policiales-y-judiciales","category-villa-mercedes-actualidad"],"jetpack_publicize_connections":[],"jetpack_featured_media_url":"https:\/\/i0.wp.com\/calleangosta.com\/ca\/wp-content\/uploads\/2024\/12\/WhatsApp-Image-2024-12-22-at-22.12.20.jpeg?fit=716%2C652&ssl=1","jetpack_sharing_enabled":true,"_links":{"self":[{"href":"https:\/\/calleangosta.com\/ca\/wp-json\/wp\/v2\/posts\/7424","targetHints":{"allow":["GET"]}}],"collection":[{"href":"https:\/\/calleangosta.com\/ca\/wp-json\/wp\/v2\/posts"}],"about":[{"href":"https:\/\/calleangosta.com\/ca\/wp-json\/wp\/v2\/types\/post"}],"author":[{"embeddable":true,"href":"https:\/\/calleangosta.com\/ca\/wp-json\/wp\/v2\/users\/8"}],"replies":[{"embeddable":true,"href":"https:\/\/calleangosta.com\/ca\/wp-json\/wp\/v2\/comments?post=7424"}],"version-history":[{"count":1,"href":"https:\/\/calleangosta.com\/ca\/wp-json\/wp\/v2\/posts\/7424\/revisions"}],"predecessor-version":[{"id":7427,"href":"https:\/\/calleangosta.com\/ca\/wp-json\/wp\/v2\/posts\/7424\/revisions\/7427"}],"wp:featuredmedia":[{"embeddable":true,"href":"https:\/\/calleangosta.com\/ca\/wp-json\/wp\/v2\/media\/7426"}],"wp:attachment":[{"href":"https:\/\/calleangosta.com\/ca\/wp-json\/wp\/v2\/media?parent=7424"}],"wp:term":[{"taxonomy":"category","embeddable":true,"href":"https:\/\/calleangosta.com\/ca\/wp-json\/wp\/v2\/categories?post=7424"},{"taxonomy":"post_tag","embeddable":true,"href":"https:\/\/calleangosta.com\/ca\/wp-json\/wp\/v2\/tags?post=7424"}],"curies":[{"name":"wp","href":"https:\/\/api.w.org\/{rel}","templated":true}]}}