{"id":7529,"date":"2024-12-30T16:15:23","date_gmt":"2024-12-30T19:15:23","guid":{"rendered":"https:\/\/calleangosta.com\/ca\/?p=7529"},"modified":"2025-01-01T19:00:51","modified_gmt":"2025-01-01T22:00:51","slug":"prision-preventiva-de-cuatro-meses-para-la-imputada-en-el-caso-maxi-chavez","status":"publish","type":"post","link":"https:\/\/calleangosta.com\/ca\/prision-preventiva-de-cuatro-meses-para-la-imputada-en-el-caso-maxi-chavez\/","title":{"rendered":"Prisi\u00f3n preventiva de cuatro meses para la imputada en el caso Maxi Ch\u00e1vez"},"content":{"rendered":"\n<p>La jueza de Garant\u00eda N\u00b0 3, Mirta Ucelay, dict\u00f3 prisi\u00f3n preventiva por cuatro meses contra Brisa Brizuela, imputada por el homicidio de Maximiliano Ch\u00e1vez, ocurrido el 21 de diciembre en Villa Mercedes. La decisi\u00f3n fue tomada durante una audiencia celebrada este lunes, donde tambi\u00e9n se otorg\u00f3 una pr\u00f3rroga de detenci\u00f3n de ocho d\u00edas, solicitada por la defensa, antes de fijar una nueva audiencia para el pr\u00f3ximo lunes 30.<\/p>\n\n\n\n<p>Desde horas tempranas, familiares y amigos de la v\u00edctima se manifestaron frente al Poder Judicial de Villa Mercedes exigiendo justicia. Reclaman que Brizuela, de 20 a\u00f1os, sea trasladada al Servicio Penitenciario mientras espera el juicio. A nueve d\u00edas del crimen, la familia de Ch\u00e1vez contin\u00faa pidiendo respuestas y destac\u00f3 que el hijo de la pareja, de apenas dos a\u00f1os, permanece bajo su cuidado.<\/p>\n\n\n\n<p>La fiscal de Instrucci\u00f3n N\u00ba2, Daniela Torres, detall\u00f3 los avances en la investigaci\u00f3n. Confirm\u00f3 que Brizuela est\u00e1 imputada por homicidio calificado, debido a la relaci\u00f3n de pareja que manten\u00eda con Ch\u00e1vez por m\u00e1s de cinco a\u00f1os y el hijo en com\u00fan. Torres precis\u00f3 que a\u00fan faltan pericias fundamentales, como el an\u00e1lisis de la escena del crimen, los resultados de luminol y las muestras del cuerpo de la v\u00edctima.<\/p>\n\n\n\n<p>La fiscal tambi\u00e9n indic\u00f3 que la versi\u00f3n inicial del caso, que suger\u00eda un suicidio, no concuerda con los indicios recolectados. Se\u00f1al\u00f3 que el escenario del hecho presenta discrepancias importantes, como la presencia de dos cuchillos en la escena, que podr\u00edan haber sido usados, y evidencias de manipulaci\u00f3n antes de la llegada de las autoridades.<\/p>\n\n\n\n<p>El informe psicol\u00f3gico de Brizuela describe rasgos de personalidad impulsiva y carencias afectivas. Declaraciones de testigos y vecinos sugieren que ejerc\u00eda violencia hacia Ch\u00e1vez, incluyendo aislamiento de su familia y restricciones de contacto, como una orden de alejamiento contra sus parientes dictada hace dos a\u00f1os.<\/p>\n\n\n\n<p>El informe m\u00e9dico revel\u00f3 que la herida letal que caus\u00f3 la muerte de Ch\u00e1vez perfor\u00f3 su coraz\u00f3n, lo que contradice la posibilidad de un incidente menor. La fiscal\u00eda tambi\u00e9n espera los resultados del an\u00e1lisis del tel\u00e9fono de Brizuela y testimonios adicionales para esclarecer los hechos.<\/p>\n\n\n\n<p>La fiscal Torres expres\u00f3 su intenci\u00f3n de que durante los pr\u00f3ximos cuatro meses se completen todas las pericias necesarias para avanzar con claridad hacia el juicio. Mientras tanto, el pedido de justicia por Maxi Ch\u00e1vez sigue resonando con fuerza en Villa Mercedes.<\/p>\n","protected":false},"excerpt":{"rendered":"<p>La jueza de Garant\u00eda N\u00b0 3, Mirta Ucelay, dict\u00f3 prisi\u00f3n preventiva por cuatro meses contra Brisa Brizuela, imputada por el homicidio de Maximiliano Ch\u00e1vez, ocurrido el 21 de diciembre en Villa Mercedes. La decisi\u00f3n fue tomada durante una audiencia celebrada este lunes, donde tambi\u00e9n se otorg\u00f3 una pr\u00f3rroga de detenci\u00f3n de ocho d\u00edas, solicitada por &hellip;<\/p>\n","protected":false},"author":13,"featured_media":7533,"comment_status":"open","ping_status":"open","sticky":false,"template":"","format":"standard","meta":{"advanced_seo_description":"","jetpack_seo_html_title":"","jetpack_seo_noindex":false,"_jetpack_memberships_contains_paid_content":false,"footnotes":"","jetpack_publicize_message":"","jetpack_publicize_feature_enabled":true,"jetpack_social_post_already_shared":false,"jetpack_social_options":{"image_generator_settings":{"template":"highway","default_image_id":0,"font":"","enabled":false},"version":2}},"categories":[47],"tags":[],"class_list":["post-7529","post","type-post","status-publish","format-standard","has-post-thumbnail","hentry","category-policiales-y-judiciales"],"jetpack_publicize_connections":[],"jetpack_featured_media_url":"https:\/\/i0.wp.com\/calleangosta.com\/ca\/wp-content\/uploads\/2024\/12\/descarga-79-1.jpg?fit=290%2C174&ssl=1","jetpack_sharing_enabled":true,"_links":{"self":[{"href":"https:\/\/calleangosta.com\/ca\/wp-json\/wp\/v2\/posts\/7529","targetHints":{"allow":["GET"]}}],"collection":[{"href":"https:\/\/calleangosta.com\/ca\/wp-json\/wp\/v2\/posts"}],"about":[{"href":"https:\/\/calleangosta.com\/ca\/wp-json\/wp\/v2\/types\/post"}],"author":[{"embeddable":true,"href":"https:\/\/calleangosta.com\/ca\/wp-json\/wp\/v2\/users\/13"}],"replies":[{"embeddable":true,"href":"https:\/\/calleangosta.com\/ca\/wp-json\/wp\/v2\/comments?post=7529"}],"version-history":[{"count":1,"href":"https:\/\/calleangosta.com\/ca\/wp-json\/wp\/v2\/posts\/7529\/revisions"}],"predecessor-version":[{"id":7534,"href":"https:\/\/calleangosta.com\/ca\/wp-json\/wp\/v2\/posts\/7529\/revisions\/7534"}],"wp:featuredmedia":[{"embeddable":true,"href":"https:\/\/calleangosta.com\/ca\/wp-json\/wp\/v2\/media\/7533"}],"wp:attachment":[{"href":"https:\/\/calleangosta.com\/ca\/wp-json\/wp\/v2\/media?parent=7529"}],"wp:term":[{"taxonomy":"category","embeddable":true,"href":"https:\/\/calleangosta.com\/ca\/wp-json\/wp\/v2\/categories?post=7529"},{"taxonomy":"post_tag","embeddable":true,"href":"https:\/\/calleangosta.com\/ca\/wp-json\/wp\/v2\/tags?post=7529"}],"curies":[{"name":"wp","href":"https:\/\/api.w.org\/{rel}","templated":true}]}}