{"id":7549,"date":"2025-01-01T18:49:19","date_gmt":"2025-01-01T21:49:19","guid":{"rendered":"https:\/\/calleangosta.com\/ca\/?p=7549"},"modified":"2025-01-01T18:52:44","modified_gmt":"2025-01-01T21:52:44","slug":"el-arte-textil-como-expresion-de-identidad-rebeca-romero-muestra-aracne-y-paseo-de-las-artes","status":"publish","type":"post","link":"https:\/\/calleangosta.com\/ca\/el-arte-textil-como-expresion-de-identidad-rebeca-romero-muestra-aracne-y-paseo-de-las-artes\/","title":{"rendered":"El arte textil como expresi\u00f3n de identidad: Rebeca Romero, muestra Aracne y Paseo de las Artes"},"content":{"rendered":"\n<p>La creatividad y la conexi\u00f3n emocional fueron protagonistas en la muestra colectiva <strong>\u00abAracne\u00bb<\/strong>, presentada en la Casa de la Cultura durante los meses de junio y julio. Este evento reuni\u00f3 a diversas artistas, entre ellas Rebeca Romero, quienes exploraron a trav\u00e9s del arte textil las historias, emociones y simbolismos que atraviesan generaciones. En esta propuesta, los vestuarios y piezas creadas cobraron vida como relatos de identidad, resistencia y transformaci\u00f3n.<\/p>\n\n\n\n<p>Entre las obras expuestas, Rebeca Romero rindi\u00f3 homenaje a tres generaciones de mujeres de su vida: su abuela, su madre y ella misma. A trav\u00e9s de tres vestuarios cuidadosamente dise\u00f1ados, plasm\u00f3 un recorrido personal e introspectivo que celebra las ra\u00edces, el amor por el arte y la magia de unir puntadas para construir mundos infinitos.<\/p>\n\n\n\n<figure class=\"wp-block-gallery has-nested-images columns-default is-cropped wp-block-gallery-1 is-layout-flex wp-block-gallery-is-layout-flex\">\n<figure class=\"wp-block-image size-large\"><img data-recalc-dims=\"1\" loading=\"lazy\" decoding=\"async\" width=\"480\" height=\"600\" data-attachment-id=\"7552\" data-permalink=\"https:\/\/calleangosta.com\/ca\/el-arte-textil-como-expresion-de-identidad-rebeca-romero-muestra-aracne-y-paseo-de-las-artes\/rebe-2\/\" data-orig-file=\"https:\/\/i0.wp.com\/calleangosta.com\/ca\/wp-content\/uploads\/2025\/01\/rebe-2.jpg?fit=1080%2C1349&amp;ssl=1\" data-orig-size=\"1080,1349\" data-comments-opened=\"1\" data-image-meta=\"{&quot;aperture&quot;:&quot;0&quot;,&quot;credit&quot;:&quot;&quot;,&quot;camera&quot;:&quot;&quot;,&quot;caption&quot;:&quot;&quot;,&quot;created_timestamp&quot;:&quot;0&quot;,&quot;copyright&quot;:&quot;&quot;,&quot;focal_length&quot;:&quot;0&quot;,&quot;iso&quot;:&quot;0&quot;,&quot;shutter_speed&quot;:&quot;0&quot;,&quot;title&quot;:&quot;&quot;,&quot;orientation&quot;:&quot;0&quot;}\" data-image-title=\"rebe (2)\" data-image-description=\"\" data-image-caption=\"\" data-large-file=\"https:\/\/i0.wp.com\/calleangosta.com\/ca\/wp-content\/uploads\/2025\/01\/rebe-2.jpg?fit=480%2C600&amp;ssl=1\" data-id=\"7552\" src=\"https:\/\/i0.wp.com\/calleangosta.com\/ca\/wp-content\/uploads\/2025\/01\/rebe-2.jpg?resize=480%2C600&#038;ssl=1\" alt=\"\" class=\"wp-image-7552\" srcset=\"https:\/\/i0.wp.com\/calleangosta.com\/ca\/wp-content\/uploads\/2025\/01\/rebe-2.jpg?resize=480%2C600&amp;ssl=1 480w, https:\/\/i0.wp.com\/calleangosta.com\/ca\/wp-content\/uploads\/2025\/01\/rebe-2.jpg?resize=240%2C300&amp;ssl=1 240w, https:\/\/i0.wp.com\/calleangosta.com\/ca\/wp-content\/uploads\/2025\/01\/rebe-2.jpg?resize=120%2C150&amp;ssl=1 120w, https:\/\/i0.wp.com\/calleangosta.com\/ca\/wp-content\/uploads\/2025\/01\/rebe-2.jpg?resize=768%2C959&amp;ssl=1 768w, https:\/\/i0.wp.com\/calleangosta.com\/ca\/wp-content\/uploads\/2025\/01\/rebe-2.jpg?w=1080&amp;ssl=1 1080w\" sizes=\"auto, (max-width: 480px) 100vw, 480px\" \/><\/figure>\n\n\n\n<figure class=\"wp-block-image size-large\"><img data-recalc-dims=\"1\" loading=\"lazy\" decoding=\"async\" width=\"480\" height=\"600\" data-attachment-id=\"7553\" data-permalink=\"https:\/\/calleangosta.com\/ca\/el-arte-textil-como-expresion-de-identidad-rebeca-romero-muestra-aracne-y-paseo-de-las-artes\/rebe-7\/\" data-orig-file=\"https:\/\/i0.wp.com\/calleangosta.com\/ca\/wp-content\/uploads\/2025\/01\/rebe-7.jpg?fit=1080%2C1350&amp;ssl=1\" data-orig-size=\"1080,1350\" data-comments-opened=\"1\" data-image-meta=\"{&quot;aperture&quot;:&quot;0&quot;,&quot;credit&quot;:&quot;&quot;,&quot;camera&quot;:&quot;&quot;,&quot;caption&quot;:&quot;&quot;,&quot;created_timestamp&quot;:&quot;0&quot;,&quot;copyright&quot;:&quot;&quot;,&quot;focal_length&quot;:&quot;0&quot;,&quot;iso&quot;:&quot;0&quot;,&quot;shutter_speed&quot;:&quot;0&quot;,&quot;title&quot;:&quot;&quot;,&quot;orientation&quot;:&quot;0&quot;}\" data-image-title=\"rebe (7)\" data-image-description=\"\" data-image-caption=\"\" data-large-file=\"https:\/\/i0.wp.com\/calleangosta.com\/ca\/wp-content\/uploads\/2025\/01\/rebe-7.jpg?fit=480%2C600&amp;ssl=1\" data-id=\"7553\" src=\"https:\/\/i0.wp.com\/calleangosta.com\/ca\/wp-content\/uploads\/2025\/01\/rebe-7.jpg?resize=480%2C600&#038;ssl=1\" alt=\"\" class=\"wp-image-7553\" srcset=\"https:\/\/i0.wp.com\/calleangosta.com\/ca\/wp-content\/uploads\/2025\/01\/rebe-7.jpg?resize=480%2C600&amp;ssl=1 480w, https:\/\/i0.wp.com\/calleangosta.com\/ca\/wp-content\/uploads\/2025\/01\/rebe-7.jpg?resize=240%2C300&amp;ssl=1 240w, https:\/\/i0.wp.com\/calleangosta.com\/ca\/wp-content\/uploads\/2025\/01\/rebe-7.jpg?resize=120%2C150&amp;ssl=1 120w, https:\/\/i0.wp.com\/calleangosta.com\/ca\/wp-content\/uploads\/2025\/01\/rebe-7.jpg?resize=768%2C960&amp;ssl=1 768w, https:\/\/i0.wp.com\/calleangosta.com\/ca\/wp-content\/uploads\/2025\/01\/rebe-7.jpg?w=1080&amp;ssl=1 1080w\" sizes=\"auto, (max-width: 480px) 100vw, 480px\" \/><\/figure>\n\n\n\n<figure class=\"wp-block-image size-large\"><img data-recalc-dims=\"1\" loading=\"lazy\" decoding=\"async\" width=\"480\" height=\"600\" data-attachment-id=\"7551\" data-permalink=\"https:\/\/calleangosta.com\/ca\/el-arte-textil-como-expresion-de-identidad-rebeca-romero-muestra-aracne-y-paseo-de-las-artes\/rebe-8\/\" data-orig-file=\"https:\/\/i0.wp.com\/calleangosta.com\/ca\/wp-content\/uploads\/2025\/01\/rebe-8.jpg?fit=1080%2C1350&amp;ssl=1\" data-orig-size=\"1080,1350\" data-comments-opened=\"1\" data-image-meta=\"{&quot;aperture&quot;:&quot;0&quot;,&quot;credit&quot;:&quot;&quot;,&quot;camera&quot;:&quot;&quot;,&quot;caption&quot;:&quot;&quot;,&quot;created_timestamp&quot;:&quot;0&quot;,&quot;copyright&quot;:&quot;&quot;,&quot;focal_length&quot;:&quot;0&quot;,&quot;iso&quot;:&quot;0&quot;,&quot;shutter_speed&quot;:&quot;0&quot;,&quot;title&quot;:&quot;&quot;,&quot;orientation&quot;:&quot;0&quot;}\" data-image-title=\"rebe (8)\" data-image-description=\"\" data-image-caption=\"\" data-large-file=\"https:\/\/i0.wp.com\/calleangosta.com\/ca\/wp-content\/uploads\/2025\/01\/rebe-8.jpg?fit=480%2C600&amp;ssl=1\" data-id=\"7551\" src=\"https:\/\/i0.wp.com\/calleangosta.com\/ca\/wp-content\/uploads\/2025\/01\/rebe-8.jpg?resize=480%2C600&#038;ssl=1\" alt=\"\" class=\"wp-image-7551\" srcset=\"https:\/\/i0.wp.com\/calleangosta.com\/ca\/wp-content\/uploads\/2025\/01\/rebe-8.jpg?resize=480%2C600&amp;ssl=1 480w, https:\/\/i0.wp.com\/calleangosta.com\/ca\/wp-content\/uploads\/2025\/01\/rebe-8.jpg?resize=240%2C300&amp;ssl=1 240w, https:\/\/i0.wp.com\/calleangosta.com\/ca\/wp-content\/uploads\/2025\/01\/rebe-8.jpg?resize=120%2C150&amp;ssl=1 120w, https:\/\/i0.wp.com\/calleangosta.com\/ca\/wp-content\/uploads\/2025\/01\/rebe-8.jpg?resize=768%2C960&amp;ssl=1 768w, https:\/\/i0.wp.com\/calleangosta.com\/ca\/wp-content\/uploads\/2025\/01\/rebe-8.jpg?w=1080&amp;ssl=1 1080w\" sizes=\"auto, (max-width: 480px) 100vw, 480px\" \/><\/figure>\n\n\n\n<figure class=\"wp-block-image size-large\"><img data-recalc-dims=\"1\" loading=\"lazy\" decoding=\"async\" width=\"480\" height=\"600\" data-attachment-id=\"7550\" data-permalink=\"https:\/\/calleangosta.com\/ca\/el-arte-textil-como-expresion-de-identidad-rebeca-romero-muestra-aracne-y-paseo-de-las-artes\/rebe-1\/\" data-orig-file=\"https:\/\/i0.wp.com\/calleangosta.com\/ca\/wp-content\/uploads\/2025\/01\/rebe-1.jpg?fit=1080%2C1349&amp;ssl=1\" data-orig-size=\"1080,1349\" data-comments-opened=\"1\" data-image-meta=\"{&quot;aperture&quot;:&quot;0&quot;,&quot;credit&quot;:&quot;&quot;,&quot;camera&quot;:&quot;&quot;,&quot;caption&quot;:&quot;&quot;,&quot;created_timestamp&quot;:&quot;0&quot;,&quot;copyright&quot;:&quot;&quot;,&quot;focal_length&quot;:&quot;0&quot;,&quot;iso&quot;:&quot;0&quot;,&quot;shutter_speed&quot;:&quot;0&quot;,&quot;title&quot;:&quot;&quot;,&quot;orientation&quot;:&quot;0&quot;}\" data-image-title=\"rebe (1)\" data-image-description=\"\" data-image-caption=\"\" data-large-file=\"https:\/\/i0.wp.com\/calleangosta.com\/ca\/wp-content\/uploads\/2025\/01\/rebe-1.jpg?fit=480%2C600&amp;ssl=1\" data-id=\"7550\" src=\"https:\/\/i0.wp.com\/calleangosta.com\/ca\/wp-content\/uploads\/2025\/01\/rebe-1.jpg?resize=480%2C600&#038;ssl=1\" alt=\"\" class=\"wp-image-7550\" srcset=\"https:\/\/i0.wp.com\/calleangosta.com\/ca\/wp-content\/uploads\/2025\/01\/rebe-1.jpg?resize=480%2C600&amp;ssl=1 480w, https:\/\/i0.wp.com\/calleangosta.com\/ca\/wp-content\/uploads\/2025\/01\/rebe-1.jpg?resize=240%2C300&amp;ssl=1 240w, https:\/\/i0.wp.com\/calleangosta.com\/ca\/wp-content\/uploads\/2025\/01\/rebe-1.jpg?resize=120%2C150&amp;ssl=1 120w, https:\/\/i0.wp.com\/calleangosta.com\/ca\/wp-content\/uploads\/2025\/01\/rebe-1.jpg?resize=768%2C959&amp;ssl=1 768w, https:\/\/i0.wp.com\/calleangosta.com\/ca\/wp-content\/uploads\/2025\/01\/rebe-1.jpg?w=1080&amp;ssl=1 1080w\" sizes=\"auto, (max-width: 480px) 100vw, 480px\" \/><\/figure>\n\n\n\n<figure class=\"wp-block-image size-large\"><img data-recalc-dims=\"1\" loading=\"lazy\" decoding=\"async\" width=\"480\" height=\"600\" data-attachment-id=\"7555\" data-permalink=\"https:\/\/calleangosta.com\/ca\/el-arte-textil-como-expresion-de-identidad-rebeca-romero-muestra-aracne-y-paseo-de-las-artes\/rebe-6\/\" data-orig-file=\"https:\/\/i0.wp.com\/calleangosta.com\/ca\/wp-content\/uploads\/2025\/01\/rebe-6.jpg?fit=1080%2C1350&amp;ssl=1\" data-orig-size=\"1080,1350\" data-comments-opened=\"1\" data-image-meta=\"{&quot;aperture&quot;:&quot;0&quot;,&quot;credit&quot;:&quot;&quot;,&quot;camera&quot;:&quot;&quot;,&quot;caption&quot;:&quot;&quot;,&quot;created_timestamp&quot;:&quot;0&quot;,&quot;copyright&quot;:&quot;&quot;,&quot;focal_length&quot;:&quot;0&quot;,&quot;iso&quot;:&quot;0&quot;,&quot;shutter_speed&quot;:&quot;0&quot;,&quot;title&quot;:&quot;&quot;,&quot;orientation&quot;:&quot;0&quot;}\" data-image-title=\"rebe (6)\" data-image-description=\"\" data-image-caption=\"\" data-large-file=\"https:\/\/i0.wp.com\/calleangosta.com\/ca\/wp-content\/uploads\/2025\/01\/rebe-6.jpg?fit=480%2C600&amp;ssl=1\" data-id=\"7555\" src=\"https:\/\/i0.wp.com\/calleangosta.com\/ca\/wp-content\/uploads\/2025\/01\/rebe-6.jpg?resize=480%2C600&#038;ssl=1\" alt=\"\" class=\"wp-image-7555\" srcset=\"https:\/\/i0.wp.com\/calleangosta.com\/ca\/wp-content\/uploads\/2025\/01\/rebe-6.jpg?resize=480%2C600&amp;ssl=1 480w, https:\/\/i0.wp.com\/calleangosta.com\/ca\/wp-content\/uploads\/2025\/01\/rebe-6.jpg?resize=240%2C300&amp;ssl=1 240w, https:\/\/i0.wp.com\/calleangosta.com\/ca\/wp-content\/uploads\/2025\/01\/rebe-6.jpg?resize=120%2C150&amp;ssl=1 120w, https:\/\/i0.wp.com\/calleangosta.com\/ca\/wp-content\/uploads\/2025\/01\/rebe-6.jpg?resize=768%2C960&amp;ssl=1 768w, https:\/\/i0.wp.com\/calleangosta.com\/ca\/wp-content\/uploads\/2025\/01\/rebe-6.jpg?w=1080&amp;ssl=1 1080w\" sizes=\"auto, (max-width: 480px) 100vw, 480px\" \/><\/figure>\n\n\n\n<figure class=\"wp-block-image size-large\"><img data-recalc-dims=\"1\" loading=\"lazy\" decoding=\"async\" width=\"480\" height=\"600\" data-attachment-id=\"7554\" data-permalink=\"https:\/\/calleangosta.com\/ca\/el-arte-textil-como-expresion-de-identidad-rebeca-romero-muestra-aracne-y-paseo-de-las-artes\/rebe-5\/\" data-orig-file=\"https:\/\/i0.wp.com\/calleangosta.com\/ca\/wp-content\/uploads\/2025\/01\/rebe-5.jpg?fit=1080%2C1350&amp;ssl=1\" data-orig-size=\"1080,1350\" data-comments-opened=\"1\" data-image-meta=\"{&quot;aperture&quot;:&quot;0&quot;,&quot;credit&quot;:&quot;&quot;,&quot;camera&quot;:&quot;&quot;,&quot;caption&quot;:&quot;&quot;,&quot;created_timestamp&quot;:&quot;0&quot;,&quot;copyright&quot;:&quot;&quot;,&quot;focal_length&quot;:&quot;0&quot;,&quot;iso&quot;:&quot;0&quot;,&quot;shutter_speed&quot;:&quot;0&quot;,&quot;title&quot;:&quot;&quot;,&quot;orientation&quot;:&quot;0&quot;}\" data-image-title=\"rebe (5)\" data-image-description=\"\" data-image-caption=\"\" data-large-file=\"https:\/\/i0.wp.com\/calleangosta.com\/ca\/wp-content\/uploads\/2025\/01\/rebe-5.jpg?fit=480%2C600&amp;ssl=1\" data-id=\"7554\" src=\"https:\/\/i0.wp.com\/calleangosta.com\/ca\/wp-content\/uploads\/2025\/01\/rebe-5.jpg?resize=480%2C600&#038;ssl=1\" alt=\"\" class=\"wp-image-7554\" srcset=\"https:\/\/i0.wp.com\/calleangosta.com\/ca\/wp-content\/uploads\/2025\/01\/rebe-5.jpg?resize=480%2C600&amp;ssl=1 480w, https:\/\/i0.wp.com\/calleangosta.com\/ca\/wp-content\/uploads\/2025\/01\/rebe-5.jpg?resize=240%2C300&amp;ssl=1 240w, https:\/\/i0.wp.com\/calleangosta.com\/ca\/wp-content\/uploads\/2025\/01\/rebe-5.jpg?resize=120%2C150&amp;ssl=1 120w, https:\/\/i0.wp.com\/calleangosta.com\/ca\/wp-content\/uploads\/2025\/01\/rebe-5.jpg?resize=768%2C960&amp;ssl=1 768w, https:\/\/i0.wp.com\/calleangosta.com\/ca\/wp-content\/uploads\/2025\/01\/rebe-5.jpg?w=1080&amp;ssl=1 1080w\" sizes=\"auto, (max-width: 480px) 100vw, 480px\" \/><\/figure>\n\n\n\n<figure class=\"wp-block-image size-large\"><img data-recalc-dims=\"1\" loading=\"lazy\" decoding=\"async\" width=\"480\" height=\"600\" data-attachment-id=\"7558\" data-permalink=\"https:\/\/calleangosta.com\/ca\/el-arte-textil-como-expresion-de-identidad-rebeca-romero-muestra-aracne-y-paseo-de-las-artes\/rebe-13\/\" data-orig-file=\"https:\/\/i0.wp.com\/calleangosta.com\/ca\/wp-content\/uploads\/2025\/01\/rebe-13.jpg?fit=1080%2C1349&amp;ssl=1\" data-orig-size=\"1080,1349\" data-comments-opened=\"1\" data-image-meta=\"{&quot;aperture&quot;:&quot;0&quot;,&quot;credit&quot;:&quot;&quot;,&quot;camera&quot;:&quot;&quot;,&quot;caption&quot;:&quot;&quot;,&quot;created_timestamp&quot;:&quot;0&quot;,&quot;copyright&quot;:&quot;&quot;,&quot;focal_length&quot;:&quot;0&quot;,&quot;iso&quot;:&quot;0&quot;,&quot;shutter_speed&quot;:&quot;0&quot;,&quot;title&quot;:&quot;&quot;,&quot;orientation&quot;:&quot;0&quot;}\" data-image-title=\"rebe (13)\" data-image-description=\"\" data-image-caption=\"\" data-large-file=\"https:\/\/i0.wp.com\/calleangosta.com\/ca\/wp-content\/uploads\/2025\/01\/rebe-13.jpg?fit=480%2C600&amp;ssl=1\" data-id=\"7558\" src=\"https:\/\/i0.wp.com\/calleangosta.com\/ca\/wp-content\/uploads\/2025\/01\/rebe-13.jpg?resize=480%2C600&#038;ssl=1\" alt=\"\" class=\"wp-image-7558\" srcset=\"https:\/\/i0.wp.com\/calleangosta.com\/ca\/wp-content\/uploads\/2025\/01\/rebe-13.jpg?resize=480%2C600&amp;ssl=1 480w, https:\/\/i0.wp.com\/calleangosta.com\/ca\/wp-content\/uploads\/2025\/01\/rebe-13.jpg?resize=240%2C300&amp;ssl=1 240w, https:\/\/i0.wp.com\/calleangosta.com\/ca\/wp-content\/uploads\/2025\/01\/rebe-13.jpg?resize=120%2C150&amp;ssl=1 120w, https:\/\/i0.wp.com\/calleangosta.com\/ca\/wp-content\/uploads\/2025\/01\/rebe-13.jpg?resize=768%2C959&amp;ssl=1 768w, https:\/\/i0.wp.com\/calleangosta.com\/ca\/wp-content\/uploads\/2025\/01\/rebe-13.jpg?w=1080&amp;ssl=1 1080w\" sizes=\"auto, (max-width: 480px) 100vw, 480px\" \/><\/figure>\n\n\n\n<figure class=\"wp-block-image size-large\"><img data-recalc-dims=\"1\" loading=\"lazy\" decoding=\"async\" width=\"600\" height=\"357\" data-attachment-id=\"7565\" data-permalink=\"https:\/\/calleangosta.com\/ca\/el-arte-textil-como-expresion-de-identidad-rebeca-romero-muestra-aracne-y-paseo-de-las-artes\/rebeca\/\" data-orig-file=\"https:\/\/i0.wp.com\/calleangosta.com\/ca\/wp-content\/uploads\/2025\/01\/rebeca-e1735767836844.jpg?fit=957%2C570&amp;ssl=1\" data-orig-size=\"957,570\" data-comments-opened=\"1\" data-image-meta=\"{&quot;aperture&quot;:&quot;0&quot;,&quot;credit&quot;:&quot;&quot;,&quot;camera&quot;:&quot;&quot;,&quot;caption&quot;:&quot;&quot;,&quot;created_timestamp&quot;:&quot;0&quot;,&quot;copyright&quot;:&quot;&quot;,&quot;focal_length&quot;:&quot;0&quot;,&quot;iso&quot;:&quot;0&quot;,&quot;shutter_speed&quot;:&quot;0&quot;,&quot;title&quot;:&quot;&quot;,&quot;orientation&quot;:&quot;0&quot;}\" data-image-title=\"rebeca\" data-image-description=\"\" data-image-caption=\"\" data-large-file=\"https:\/\/i0.wp.com\/calleangosta.com\/ca\/wp-content\/uploads\/2025\/01\/rebeca-e1735767836844.jpg?fit=600%2C357&amp;ssl=1\" data-id=\"7565\" src=\"https:\/\/i0.wp.com\/calleangosta.com\/ca\/wp-content\/uploads\/2025\/01\/rebeca-e1735767836844-600x357.jpg?resize=600%2C357&#038;ssl=1\" alt=\"\" class=\"wp-image-7565\" srcset=\"https:\/\/i0.wp.com\/calleangosta.com\/ca\/wp-content\/uploads\/2025\/01\/rebeca-e1735767836844.jpg?resize=600%2C357&amp;ssl=1 600w, https:\/\/i0.wp.com\/calleangosta.com\/ca\/wp-content\/uploads\/2025\/01\/rebeca-e1735767836844.jpg?resize=300%2C179&amp;ssl=1 300w, https:\/\/i0.wp.com\/calleangosta.com\/ca\/wp-content\/uploads\/2025\/01\/rebeca-e1735767836844.jpg?resize=150%2C89&amp;ssl=1 150w, https:\/\/i0.wp.com\/calleangosta.com\/ca\/wp-content\/uploads\/2025\/01\/rebeca-e1735767836844.jpg?resize=768%2C457&amp;ssl=1 768w, https:\/\/i0.wp.com\/calleangosta.com\/ca\/wp-content\/uploads\/2025\/01\/rebeca-e1735767836844.jpg?w=957&amp;ssl=1 957w\" sizes=\"auto, (max-width: 600px) 100vw, 600px\" \/><\/figure>\n<\/figure>\n\n\n\n<p>Aunque cada obra tuvo un proceso creativo individual y profundamente personal, el valor de la colectividad fue el eje central de la muestra. \u201cEl vestuario sin un cuerpo que lo habite y le d\u00e9 vida es solo un envoltorio\u201d, expres\u00f3 Romero, destacando la importancia de la colaboraci\u00f3n art\u00edstica. Grandes talentos del teatro, el clown, la acrobacia y el maquillaje se unieron para dar movimiento y alma a estas piezas. Virginia, Bel\u00e9n, Linda, Mariela y otras artistas fueron las \u00abdiosas\u00bb que transformaron los vestuarios en verdaderas obras vivientes.<\/p>\n\n\n\n<p>El esfuerzo conjunto no se detuvo all\u00ed. En la inauguraci\u00f3n del <strong>Paseo de las Artes<\/strong> en la Plaza del Sesquicentenario, la puesta en escena adquiri\u00f3 un nuevo significado. A pesar de los contratiempos t\u00e9cnicos y organizativos, el colectivo art\u00edstico se sobrepuso para entregar un mensaje poderoso. M\u00e1s all\u00e1 de lo est\u00e9tico, buscaban transmitir una idea profunda: el arte como una forma de resistencia y una herramienta para transformar la realidad.<\/p>\n\n\n\n<p>\u201cSomos artistas independientes, le ponemos el cuerpo a todo\u201d, destac\u00f3 Romero, subrayando el valor de aunar saberes y esfuerzos para enfrentar desaf\u00edos y trascender barreras. La colectividad se erige como una salida en tiempos donde la cultura y el arte enfrentan desvalorizaciones y adversidades.<\/p>\n\n\n\n<div class=\"wp-block-group\"><div class=\"wp-block-group__inner-container is-layout-constrained wp-block-group-is-layout-constrained\">\n<figure class=\"wp-block-gallery has-nested-images columns-default is-cropped wp-block-gallery-2 is-layout-flex wp-block-gallery-is-layout-flex\">\n<figure class=\"wp-block-image size-large\"><img data-recalc-dims=\"1\" loading=\"lazy\" decoding=\"async\" width=\"480\" height=\"600\" data-attachment-id=\"7557\" data-permalink=\"https:\/\/calleangosta.com\/ca\/el-arte-textil-como-expresion-de-identidad-rebeca-romero-muestra-aracne-y-paseo-de-las-artes\/rebe-9\/\" data-orig-file=\"https:\/\/i0.wp.com\/calleangosta.com\/ca\/wp-content\/uploads\/2025\/01\/rebe-9.jpg?fit=1080%2C1350&amp;ssl=1\" data-orig-size=\"1080,1350\" data-comments-opened=\"1\" data-image-meta=\"{&quot;aperture&quot;:&quot;0&quot;,&quot;credit&quot;:&quot;&quot;,&quot;camera&quot;:&quot;&quot;,&quot;caption&quot;:&quot;&quot;,&quot;created_timestamp&quot;:&quot;0&quot;,&quot;copyright&quot;:&quot;&quot;,&quot;focal_length&quot;:&quot;0&quot;,&quot;iso&quot;:&quot;0&quot;,&quot;shutter_speed&quot;:&quot;0&quot;,&quot;title&quot;:&quot;&quot;,&quot;orientation&quot;:&quot;0&quot;}\" data-image-title=\"rebe (9)\" data-image-description=\"\" data-image-caption=\"\" data-large-file=\"https:\/\/i0.wp.com\/calleangosta.com\/ca\/wp-content\/uploads\/2025\/01\/rebe-9.jpg?fit=480%2C600&amp;ssl=1\" data-id=\"7557\" src=\"https:\/\/i0.wp.com\/calleangosta.com\/ca\/wp-content\/uploads\/2025\/01\/rebe-9.jpg?resize=480%2C600&#038;ssl=1\" alt=\"\" class=\"wp-image-7557\" srcset=\"https:\/\/i0.wp.com\/calleangosta.com\/ca\/wp-content\/uploads\/2025\/01\/rebe-9.jpg?resize=480%2C600&amp;ssl=1 480w, https:\/\/i0.wp.com\/calleangosta.com\/ca\/wp-content\/uploads\/2025\/01\/rebe-9.jpg?resize=240%2C300&amp;ssl=1 240w, https:\/\/i0.wp.com\/calleangosta.com\/ca\/wp-content\/uploads\/2025\/01\/rebe-9.jpg?resize=120%2C150&amp;ssl=1 120w, https:\/\/i0.wp.com\/calleangosta.com\/ca\/wp-content\/uploads\/2025\/01\/rebe-9.jpg?resize=768%2C960&amp;ssl=1 768w, https:\/\/i0.wp.com\/calleangosta.com\/ca\/wp-content\/uploads\/2025\/01\/rebe-9.jpg?w=1080&amp;ssl=1 1080w\" sizes=\"auto, (max-width: 480px) 100vw, 480px\" \/><\/figure>\n\n\n\n<figure class=\"wp-block-image size-large\"><img data-recalc-dims=\"1\" loading=\"lazy\" decoding=\"async\" width=\"480\" height=\"600\" data-attachment-id=\"7563\" data-permalink=\"https:\/\/calleangosta.com\/ca\/el-arte-textil-como-expresion-de-identidad-rebeca-romero-muestra-aracne-y-paseo-de-las-artes\/rebe-10\/\" data-orig-file=\"https:\/\/i0.wp.com\/calleangosta.com\/ca\/wp-content\/uploads\/2025\/01\/rebe-10.jpg?fit=1080%2C1350&amp;ssl=1\" data-orig-size=\"1080,1350\" data-comments-opened=\"1\" data-image-meta=\"{&quot;aperture&quot;:&quot;0&quot;,&quot;credit&quot;:&quot;&quot;,&quot;camera&quot;:&quot;&quot;,&quot;caption&quot;:&quot;&quot;,&quot;created_timestamp&quot;:&quot;0&quot;,&quot;copyright&quot;:&quot;&quot;,&quot;focal_length&quot;:&quot;0&quot;,&quot;iso&quot;:&quot;0&quot;,&quot;shutter_speed&quot;:&quot;0&quot;,&quot;title&quot;:&quot;&quot;,&quot;orientation&quot;:&quot;0&quot;}\" data-image-title=\"rebe (10)\" data-image-description=\"\" data-image-caption=\"\" data-large-file=\"https:\/\/i0.wp.com\/calleangosta.com\/ca\/wp-content\/uploads\/2025\/01\/rebe-10.jpg?fit=480%2C600&amp;ssl=1\" data-id=\"7563\" src=\"https:\/\/i0.wp.com\/calleangosta.com\/ca\/wp-content\/uploads\/2025\/01\/rebe-10.jpg?resize=480%2C600&#038;ssl=1\" alt=\"\" class=\"wp-image-7563\" srcset=\"https:\/\/i0.wp.com\/calleangosta.com\/ca\/wp-content\/uploads\/2025\/01\/rebe-10.jpg?resize=480%2C600&amp;ssl=1 480w, https:\/\/i0.wp.com\/calleangosta.com\/ca\/wp-content\/uploads\/2025\/01\/rebe-10.jpg?resize=240%2C300&amp;ssl=1 240w, https:\/\/i0.wp.com\/calleangosta.com\/ca\/wp-content\/uploads\/2025\/01\/rebe-10.jpg?resize=120%2C150&amp;ssl=1 120w, https:\/\/i0.wp.com\/calleangosta.com\/ca\/wp-content\/uploads\/2025\/01\/rebe-10.jpg?resize=768%2C960&amp;ssl=1 768w, https:\/\/i0.wp.com\/calleangosta.com\/ca\/wp-content\/uploads\/2025\/01\/rebe-10.jpg?w=1080&amp;ssl=1 1080w\" sizes=\"auto, (max-width: 480px) 100vw, 480px\" \/><\/figure>\n\n\n\n<figure class=\"wp-block-image size-large\"><img data-recalc-dims=\"1\" loading=\"lazy\" decoding=\"async\" width=\"480\" height=\"600\" data-attachment-id=\"7564\" data-permalink=\"https:\/\/calleangosta.com\/ca\/el-arte-textil-como-expresion-de-identidad-rebeca-romero-muestra-aracne-y-paseo-de-las-artes\/rebe-15\/\" data-orig-file=\"https:\/\/i0.wp.com\/calleangosta.com\/ca\/wp-content\/uploads\/2025\/01\/rebe-15.jpg?fit=1080%2C1350&amp;ssl=1\" data-orig-size=\"1080,1350\" data-comments-opened=\"1\" data-image-meta=\"{&quot;aperture&quot;:&quot;0&quot;,&quot;credit&quot;:&quot;&quot;,&quot;camera&quot;:&quot;&quot;,&quot;caption&quot;:&quot;&quot;,&quot;created_timestamp&quot;:&quot;0&quot;,&quot;copyright&quot;:&quot;&quot;,&quot;focal_length&quot;:&quot;0&quot;,&quot;iso&quot;:&quot;0&quot;,&quot;shutter_speed&quot;:&quot;0&quot;,&quot;title&quot;:&quot;&quot;,&quot;orientation&quot;:&quot;0&quot;}\" data-image-title=\"rebe (15)\" data-image-description=\"\" data-image-caption=\"\" data-large-file=\"https:\/\/i0.wp.com\/calleangosta.com\/ca\/wp-content\/uploads\/2025\/01\/rebe-15.jpg?fit=480%2C600&amp;ssl=1\" data-id=\"7564\" src=\"https:\/\/i0.wp.com\/calleangosta.com\/ca\/wp-content\/uploads\/2025\/01\/rebe-15.jpg?resize=480%2C600&#038;ssl=1\" alt=\"\" class=\"wp-image-7564\" srcset=\"https:\/\/i0.wp.com\/calleangosta.com\/ca\/wp-content\/uploads\/2025\/01\/rebe-15.jpg?resize=480%2C600&amp;ssl=1 480w, https:\/\/i0.wp.com\/calleangosta.com\/ca\/wp-content\/uploads\/2025\/01\/rebe-15.jpg?resize=240%2C300&amp;ssl=1 240w, https:\/\/i0.wp.com\/calleangosta.com\/ca\/wp-content\/uploads\/2025\/01\/rebe-15.jpg?resize=120%2C150&amp;ssl=1 120w, https:\/\/i0.wp.com\/calleangosta.com\/ca\/wp-content\/uploads\/2025\/01\/rebe-15.jpg?resize=768%2C960&amp;ssl=1 768w, https:\/\/i0.wp.com\/calleangosta.com\/ca\/wp-content\/uploads\/2025\/01\/rebe-15.jpg?w=1080&amp;ssl=1 1080w\" sizes=\"auto, (max-width: 480px) 100vw, 480px\" \/><\/figure>\n\n\n\n<figure class=\"wp-block-image size-large\"><img data-recalc-dims=\"1\" loading=\"lazy\" decoding=\"async\" width=\"600\" height=\"450\" data-attachment-id=\"7559\" data-permalink=\"https:\/\/calleangosta.com\/ca\/el-arte-textil-como-expresion-de-identidad-rebeca-romero-muestra-aracne-y-paseo-de-las-artes\/rebe-14\/\" data-orig-file=\"https:\/\/i0.wp.com\/calleangosta.com\/ca\/wp-content\/uploads\/2025\/01\/rebe-14.jpg?fit=1080%2C810&amp;ssl=1\" data-orig-size=\"1080,810\" data-comments-opened=\"1\" data-image-meta=\"{&quot;aperture&quot;:&quot;0&quot;,&quot;credit&quot;:&quot;&quot;,&quot;camera&quot;:&quot;&quot;,&quot;caption&quot;:&quot;&quot;,&quot;created_timestamp&quot;:&quot;0&quot;,&quot;copyright&quot;:&quot;&quot;,&quot;focal_length&quot;:&quot;0&quot;,&quot;iso&quot;:&quot;0&quot;,&quot;shutter_speed&quot;:&quot;0&quot;,&quot;title&quot;:&quot;&quot;,&quot;orientation&quot;:&quot;0&quot;}\" data-image-title=\"rebe (14)\" data-image-description=\"\" data-image-caption=\"\" data-large-file=\"https:\/\/i0.wp.com\/calleangosta.com\/ca\/wp-content\/uploads\/2025\/01\/rebe-14.jpg?fit=600%2C450&amp;ssl=1\" data-id=\"7559\" src=\"https:\/\/i0.wp.com\/calleangosta.com\/ca\/wp-content\/uploads\/2025\/01\/rebe-14.jpg?resize=600%2C450&#038;ssl=1\" alt=\"\" class=\"wp-image-7559\" srcset=\"https:\/\/i0.wp.com\/calleangosta.com\/ca\/wp-content\/uploads\/2025\/01\/rebe-14.jpg?resize=600%2C450&amp;ssl=1 600w, https:\/\/i0.wp.com\/calleangosta.com\/ca\/wp-content\/uploads\/2025\/01\/rebe-14.jpg?resize=300%2C225&amp;ssl=1 300w, https:\/\/i0.wp.com\/calleangosta.com\/ca\/wp-content\/uploads\/2025\/01\/rebe-14.jpg?resize=150%2C113&amp;ssl=1 150w, https:\/\/i0.wp.com\/calleangosta.com\/ca\/wp-content\/uploads\/2025\/01\/rebe-14.jpg?resize=768%2C576&amp;ssl=1 768w, https:\/\/i0.wp.com\/calleangosta.com\/ca\/wp-content\/uploads\/2025\/01\/rebe-14.jpg?w=1080&amp;ssl=1 1080w\" sizes=\"auto, (max-width: 600px) 100vw, 600px\" \/><\/figure>\n\n\n\n<figure class=\"wp-block-image size-large\"><img data-recalc-dims=\"1\" loading=\"lazy\" decoding=\"async\" width=\"480\" height=\"600\" data-attachment-id=\"7560\" data-permalink=\"https:\/\/calleangosta.com\/ca\/el-arte-textil-como-expresion-de-identidad-rebeca-romero-muestra-aracne-y-paseo-de-las-artes\/rebe-11\/\" data-orig-file=\"https:\/\/i0.wp.com\/calleangosta.com\/ca\/wp-content\/uploads\/2025\/01\/rebe-11.jpg?fit=1080%2C1350&amp;ssl=1\" data-orig-size=\"1080,1350\" data-comments-opened=\"1\" data-image-meta=\"{&quot;aperture&quot;:&quot;0&quot;,&quot;credit&quot;:&quot;&quot;,&quot;camera&quot;:&quot;&quot;,&quot;caption&quot;:&quot;&quot;,&quot;created_timestamp&quot;:&quot;0&quot;,&quot;copyright&quot;:&quot;&quot;,&quot;focal_length&quot;:&quot;0&quot;,&quot;iso&quot;:&quot;0&quot;,&quot;shutter_speed&quot;:&quot;0&quot;,&quot;title&quot;:&quot;&quot;,&quot;orientation&quot;:&quot;0&quot;}\" data-image-title=\"rebe (11)\" data-image-description=\"\" data-image-caption=\"\" data-large-file=\"https:\/\/i0.wp.com\/calleangosta.com\/ca\/wp-content\/uploads\/2025\/01\/rebe-11.jpg?fit=480%2C600&amp;ssl=1\" data-id=\"7560\" src=\"https:\/\/i0.wp.com\/calleangosta.com\/ca\/wp-content\/uploads\/2025\/01\/rebe-11.jpg?resize=480%2C600&#038;ssl=1\" alt=\"\" class=\"wp-image-7560\" srcset=\"https:\/\/i0.wp.com\/calleangosta.com\/ca\/wp-content\/uploads\/2025\/01\/rebe-11.jpg?resize=480%2C600&amp;ssl=1 480w, https:\/\/i0.wp.com\/calleangosta.com\/ca\/wp-content\/uploads\/2025\/01\/rebe-11.jpg?resize=240%2C300&amp;ssl=1 240w, https:\/\/i0.wp.com\/calleangosta.com\/ca\/wp-content\/uploads\/2025\/01\/rebe-11.jpg?resize=120%2C150&amp;ssl=1 120w, https:\/\/i0.wp.com\/calleangosta.com\/ca\/wp-content\/uploads\/2025\/01\/rebe-11.jpg?resize=768%2C960&amp;ssl=1 768w, https:\/\/i0.wp.com\/calleangosta.com\/ca\/wp-content\/uploads\/2025\/01\/rebe-11.jpg?w=1080&amp;ssl=1 1080w\" sizes=\"auto, (max-width: 480px) 100vw, 480px\" \/><\/figure>\n\n\n\n<figure class=\"wp-block-image size-large\"><img data-recalc-dims=\"1\" loading=\"lazy\" decoding=\"async\" width=\"480\" height=\"600\" data-attachment-id=\"7561\" data-permalink=\"https:\/\/calleangosta.com\/ca\/el-arte-textil-como-expresion-de-identidad-rebeca-romero-muestra-aracne-y-paseo-de-las-artes\/rebe-4\/\" data-orig-file=\"https:\/\/i0.wp.com\/calleangosta.com\/ca\/wp-content\/uploads\/2025\/01\/rebe-4.jpg?fit=1080%2C1350&amp;ssl=1\" data-orig-size=\"1080,1350\" data-comments-opened=\"1\" data-image-meta=\"{&quot;aperture&quot;:&quot;0&quot;,&quot;credit&quot;:&quot;&quot;,&quot;camera&quot;:&quot;&quot;,&quot;caption&quot;:&quot;&quot;,&quot;created_timestamp&quot;:&quot;0&quot;,&quot;copyright&quot;:&quot;&quot;,&quot;focal_length&quot;:&quot;0&quot;,&quot;iso&quot;:&quot;0&quot;,&quot;shutter_speed&quot;:&quot;0&quot;,&quot;title&quot;:&quot;&quot;,&quot;orientation&quot;:&quot;0&quot;}\" data-image-title=\"rebe (4)\" data-image-description=\"\" data-image-caption=\"\" data-large-file=\"https:\/\/i0.wp.com\/calleangosta.com\/ca\/wp-content\/uploads\/2025\/01\/rebe-4.jpg?fit=480%2C600&amp;ssl=1\" data-id=\"7561\" src=\"https:\/\/i0.wp.com\/calleangosta.com\/ca\/wp-content\/uploads\/2025\/01\/rebe-4.jpg?resize=480%2C600&#038;ssl=1\" alt=\"\" class=\"wp-image-7561\" srcset=\"https:\/\/i0.wp.com\/calleangosta.com\/ca\/wp-content\/uploads\/2025\/01\/rebe-4.jpg?resize=480%2C600&amp;ssl=1 480w, https:\/\/i0.wp.com\/calleangosta.com\/ca\/wp-content\/uploads\/2025\/01\/rebe-4.jpg?resize=240%2C300&amp;ssl=1 240w, https:\/\/i0.wp.com\/calleangosta.com\/ca\/wp-content\/uploads\/2025\/01\/rebe-4.jpg?resize=120%2C150&amp;ssl=1 120w, https:\/\/i0.wp.com\/calleangosta.com\/ca\/wp-content\/uploads\/2025\/01\/rebe-4.jpg?resize=768%2C960&amp;ssl=1 768w, https:\/\/i0.wp.com\/calleangosta.com\/ca\/wp-content\/uploads\/2025\/01\/rebe-4.jpg?w=1080&amp;ssl=1 1080w\" sizes=\"auto, (max-width: 480px) 100vw, 480px\" \/><\/figure>\n\n\n\n<figure class=\"wp-block-image size-large\"><img data-recalc-dims=\"1\" loading=\"lazy\" decoding=\"async\" width=\"480\" height=\"600\" data-attachment-id=\"7562\" data-permalink=\"https:\/\/calleangosta.com\/ca\/el-arte-textil-como-expresion-de-identidad-rebeca-romero-muestra-aracne-y-paseo-de-las-artes\/rebe-3\/\" data-orig-file=\"https:\/\/i0.wp.com\/calleangosta.com\/ca\/wp-content\/uploads\/2025\/01\/rebe-3.jpg?fit=1080%2C1350&amp;ssl=1\" data-orig-size=\"1080,1350\" data-comments-opened=\"1\" data-image-meta=\"{&quot;aperture&quot;:&quot;0&quot;,&quot;credit&quot;:&quot;&quot;,&quot;camera&quot;:&quot;&quot;,&quot;caption&quot;:&quot;&quot;,&quot;created_timestamp&quot;:&quot;0&quot;,&quot;copyright&quot;:&quot;&quot;,&quot;focal_length&quot;:&quot;0&quot;,&quot;iso&quot;:&quot;0&quot;,&quot;shutter_speed&quot;:&quot;0&quot;,&quot;title&quot;:&quot;&quot;,&quot;orientation&quot;:&quot;0&quot;}\" data-image-title=\"rebe (3)\" data-image-description=\"\" data-image-caption=\"\" data-large-file=\"https:\/\/i0.wp.com\/calleangosta.com\/ca\/wp-content\/uploads\/2025\/01\/rebe-3.jpg?fit=480%2C600&amp;ssl=1\" data-id=\"7562\" src=\"https:\/\/i0.wp.com\/calleangosta.com\/ca\/wp-content\/uploads\/2025\/01\/rebe-3.jpg?resize=480%2C600&#038;ssl=1\" alt=\"\" class=\"wp-image-7562\" srcset=\"https:\/\/i0.wp.com\/calleangosta.com\/ca\/wp-content\/uploads\/2025\/01\/rebe-3.jpg?resize=480%2C600&amp;ssl=1 480w, https:\/\/i0.wp.com\/calleangosta.com\/ca\/wp-content\/uploads\/2025\/01\/rebe-3.jpg?resize=240%2C300&amp;ssl=1 240w, https:\/\/i0.wp.com\/calleangosta.com\/ca\/wp-content\/uploads\/2025\/01\/rebe-3.jpg?resize=120%2C150&amp;ssl=1 120w, https:\/\/i0.wp.com\/calleangosta.com\/ca\/wp-content\/uploads\/2025\/01\/rebe-3.jpg?resize=768%2C960&amp;ssl=1 768w, https:\/\/i0.wp.com\/calleangosta.com\/ca\/wp-content\/uploads\/2025\/01\/rebe-3.jpg?w=1080&amp;ssl=1 1080w\" sizes=\"auto, (max-width: 480px) 100vw, 480px\" \/><\/figure>\n\n\n\n<figure class=\"wp-block-image size-large\"><img data-recalc-dims=\"1\" loading=\"lazy\" decoding=\"async\" width=\"600\" height=\"450\" data-attachment-id=\"7556\" data-permalink=\"https:\/\/calleangosta.com\/ca\/el-arte-textil-como-expresion-de-identidad-rebeca-romero-muestra-aracne-y-paseo-de-las-artes\/rebe-12\/\" data-orig-file=\"https:\/\/i0.wp.com\/calleangosta.com\/ca\/wp-content\/uploads\/2025\/01\/rebe-12.jpg?fit=1080%2C810&amp;ssl=1\" data-orig-size=\"1080,810\" data-comments-opened=\"1\" data-image-meta=\"{&quot;aperture&quot;:&quot;0&quot;,&quot;credit&quot;:&quot;&quot;,&quot;camera&quot;:&quot;&quot;,&quot;caption&quot;:&quot;&quot;,&quot;created_timestamp&quot;:&quot;0&quot;,&quot;copyright&quot;:&quot;&quot;,&quot;focal_length&quot;:&quot;0&quot;,&quot;iso&quot;:&quot;0&quot;,&quot;shutter_speed&quot;:&quot;0&quot;,&quot;title&quot;:&quot;&quot;,&quot;orientation&quot;:&quot;0&quot;}\" data-image-title=\"rebe (12)\" data-image-description=\"\" data-image-caption=\"\" data-large-file=\"https:\/\/i0.wp.com\/calleangosta.com\/ca\/wp-content\/uploads\/2025\/01\/rebe-12.jpg?fit=600%2C450&amp;ssl=1\" data-id=\"7556\" src=\"https:\/\/i0.wp.com\/calleangosta.com\/ca\/wp-content\/uploads\/2025\/01\/rebe-12.jpg?resize=600%2C450&#038;ssl=1\" alt=\"\" class=\"wp-image-7556\" srcset=\"https:\/\/i0.wp.com\/calleangosta.com\/ca\/wp-content\/uploads\/2025\/01\/rebe-12.jpg?resize=600%2C450&amp;ssl=1 600w, https:\/\/i0.wp.com\/calleangosta.com\/ca\/wp-content\/uploads\/2025\/01\/rebe-12.jpg?resize=300%2C225&amp;ssl=1 300w, https:\/\/i0.wp.com\/calleangosta.com\/ca\/wp-content\/uploads\/2025\/01\/rebe-12.jpg?resize=150%2C113&amp;ssl=1 150w, https:\/\/i0.wp.com\/calleangosta.com\/ca\/wp-content\/uploads\/2025\/01\/rebe-12.jpg?resize=768%2C576&amp;ssl=1 768w, https:\/\/i0.wp.com\/calleangosta.com\/ca\/wp-content\/uploads\/2025\/01\/rebe-12.jpg?w=1080&amp;ssl=1 1080w\" sizes=\"auto, (max-width: 600px) 100vw, 600px\" \/><\/figure>\n<\/figure>\n<\/div><\/div>\n\n\n\n<p>En esta muestra y evento, qued\u00f3 claro que el arte no solo embellece, sino que se convierte en un veh\u00edculo para expresar, conectar y resistir. La galer\u00eda de fotos que acompa\u00f1a este art\u00edculo captura la esencia de estos momentos: vestuarios que cuentan historias, rostros que transmiten emociones, y un colectivo que hace del arte un acto de resistencia y cambio.<\/p>\n\n\n\n<p>Rebeca ofrece sus producciones art\u00edsticas, bordados, dibujos, etc. y se pueden ver, elegir, comprar en sus redes sociales. La buscan con como <a href=\"https:\/\/www.instagram.com\/_u\/una_wacha_piola.ok?fbclid=IwZXh0bgNhZW0CMTAAAR2-DIqGPj7DUR3JV4uy-bTPMsT51734226KrBRlJmSULQBi2sJe9CERGcs_aem_tYUYg4v-FD6vPZ5q3esF1A\" target=\"_blank\" rel=\"noreferrer noopener\">@una_wacha_piola.ok<\/a><\/p>\n\n\n\n<blockquote class=\"instagram-media\" data-instgrm-captioned data-instgrm-permalink=\"https:\/\/www.instagram.com\/p\/DB66wRLJUfQ\/?utm_source=ig_embed&amp;utm_campaign=loading\" data-instgrm-version=\"14\" style=\" background:#FFF; border:0; border-radius:3px; box-shadow:0 0 1px 0 rgba(0,0,0,0.5),0 1px 10px 0 rgba(0,0,0,0.15); margin: 1px; max-width:540px; min-width:326px; padding:0; width:99.375%; width:-webkit-calc(100% - 2px); width:calc(100% - 2px);\"><div style=\"padding:16px;\"> <a href=\"https:\/\/www.instagram.com\/p\/DB66wRLJUfQ\/?utm_source=ig_embed&amp;utm_campaign=loading\" style=\" background:#FFFFFF; line-height:0; padding:0 0; text-align:center; text-decoration:none; width:100%;\" target=\"_blank\"> <div style=\" display: flex; flex-direction: row; align-items: center;\"> <div style=\"background-color: #F4F4F4; border-radius: 50%; flex-grow: 0; height: 40px; margin-right: 14px; width: 40px;\"><\/div> <div style=\"display: flex; flex-direction: column; flex-grow: 1; justify-content: center;\"> <div style=\" background-color: #F4F4F4; border-radius: 4px; flex-grow: 0; height: 14px; margin-bottom: 6px; width: 100px;\"><\/div> <div style=\" background-color: #F4F4F4; border-radius: 4px; flex-grow: 0; height: 14px; width: 60px;\"><\/div><\/div><\/div><div style=\"padding: 19% 0;\"><\/div> <div style=\"display:block; height:50px; margin:0 auto 12px; width:50px;\"><svg width=\"50px\" height=\"50px\" viewBox=\"0 0 60 60\" version=\"1.1\" xmlns=\"https:\/\/www.w3.org\/2000\/svg\" xmlns:xlink=\"https:\/\/www.w3.org\/1999\/xlink\"><g stroke=\"none\" stroke-width=\"1\" fill=\"none\" fill-rule=\"evenodd\"><g transform=\"translate(-511.000000, -20.000000)\" fill=\"#000000\"><g><path d=\"M556.869,30.41 C554.814,30.41 553.148,32.076 553.148,34.131 C553.148,36.186 554.814,37.852 556.869,37.852 C558.924,37.852 560.59,36.186 560.59,34.131 C560.59,32.076 558.924,30.41 556.869,30.41 M541,60.657 C535.114,60.657 530.342,55.887 530.342,50 C530.342,44.114 535.114,39.342 541,39.342 C546.887,39.342 551.658,44.114 551.658,50 C551.658,55.887 546.887,60.657 541,60.657 M541,33.886 C532.1,33.886 524.886,41.1 524.886,50 C524.886,58.899 532.1,66.113 541,66.113 C549.9,66.113 557.115,58.899 557.115,50 C557.115,41.1 549.9,33.886 541,33.886 M565.378,62.101 C565.244,65.022 564.756,66.606 564.346,67.663 C563.803,69.06 563.154,70.057 562.106,71.106 C561.058,72.155 560.06,72.803 558.662,73.347 C557.607,73.757 556.021,74.244 553.102,74.378 C549.944,74.521 548.997,74.552 541,74.552 C533.003,74.552 532.056,74.521 528.898,74.378 C525.979,74.244 524.393,73.757 523.338,73.347 C521.94,72.803 520.942,72.155 519.894,71.106 C518.846,70.057 518.197,69.06 517.654,67.663 C517.244,66.606 516.755,65.022 516.623,62.101 C516.479,58.943 516.448,57.996 516.448,50 C516.448,42.003 516.479,41.056 516.623,37.899 C516.755,34.978 517.244,33.391 517.654,32.338 C518.197,30.938 518.846,29.942 519.894,28.894 C520.942,27.846 521.94,27.196 523.338,26.654 C524.393,26.244 525.979,25.756 528.898,25.623 C532.057,25.479 533.004,25.448 541,25.448 C548.997,25.448 549.943,25.479 553.102,25.623 C556.021,25.756 557.607,26.244 558.662,26.654 C560.06,27.196 561.058,27.846 562.106,28.894 C563.154,29.942 563.803,30.938 564.346,32.338 C564.756,33.391 565.244,34.978 565.378,37.899 C565.522,41.056 565.552,42.003 565.552,50 C565.552,57.996 565.522,58.943 565.378,62.101 M570.82,37.631 C570.674,34.438 570.167,32.258 569.425,30.349 C568.659,28.377 567.633,26.702 565.965,25.035 C564.297,23.368 562.623,22.342 560.652,21.575 C558.743,20.834 556.562,20.326 553.369,20.18 C550.169,20.033 549.148,20 541,20 C532.853,20 531.831,20.033 528.631,20.18 C525.438,20.326 523.257,20.834 521.349,21.575 C519.376,22.342 517.703,23.368 516.035,25.035 C514.368,26.702 513.342,28.377 512.574,30.349 C511.834,32.258 511.326,34.438 511.181,37.631 C511.035,40.831 511,41.851 511,50 C511,58.147 511.035,59.17 511.181,62.369 C511.326,65.562 511.834,67.743 512.574,69.651 C513.342,71.625 514.368,73.296 516.035,74.965 C517.703,76.634 519.376,77.658 521.349,78.425 C523.257,79.167 525.438,79.673 528.631,79.82 C531.831,79.965 532.853,80.001 541,80.001 C549.148,80.001 550.169,79.965 553.369,79.82 C556.562,79.673 558.743,79.167 560.652,78.425 C562.623,77.658 564.297,76.634 565.965,74.965 C567.633,73.296 568.659,71.625 569.425,69.651 C570.167,67.743 570.674,65.562 570.82,62.369 C570.966,59.17 571,58.147 571,50 C571,41.851 570.966,40.831 570.82,37.631\"><\/path><\/g><\/g><\/g><\/svg><\/div><div style=\"padding-top: 8px;\"> <div style=\" color:#3897f0; font-family:Arial,sans-serif; font-size:14px; font-style:normal; font-weight:550; line-height:18px;\">Ver esta publicaci\u00f3n en Instagram<\/div><\/div><div style=\"padding: 12.5% 0;\"><\/div> <div style=\"display: flex; flex-direction: row; margin-bottom: 14px; align-items: center;\"><div> <div style=\"background-color: #F4F4F4; border-radius: 50%; height: 12.5px; width: 12.5px; transform: translateX(0px) translateY(7px);\"><\/div> <div style=\"background-color: #F4F4F4; height: 12.5px; transform: rotate(-45deg) translateX(3px) translateY(1px); width: 12.5px; flex-grow: 0; margin-right: 14px; margin-left: 2px;\"><\/div> <div style=\"background-color: #F4F4F4; border-radius: 50%; height: 12.5px; width: 12.5px; transform: translateX(9px) translateY(-18px);\"><\/div><\/div><div style=\"margin-left: 8px;\"> <div style=\" background-color: #F4F4F4; border-radius: 50%; flex-grow: 0; height: 20px; width: 20px;\"><\/div> <div style=\" width: 0; height: 0; border-top: 2px solid transparent; border-left: 6px solid #f4f4f4; border-bottom: 2px solid transparent; transform: translateX(16px) translateY(-4px) rotate(30deg)\"><\/div><\/div><div style=\"margin-left: auto;\"> <div style=\" width: 0px; border-top: 8px solid #F4F4F4; border-right: 8px solid transparent; transform: translateY(16px);\"><\/div> <div style=\" background-color: #F4F4F4; flex-grow: 0; height: 12px; width: 16px; transform: translateY(-4px);\"><\/div> <div style=\" width: 0; height: 0; border-top: 8px solid #F4F4F4; border-left: 8px solid transparent; transform: translateY(-4px) translateX(8px);\"><\/div><\/div><\/div> <div style=\"display: flex; flex-direction: column; flex-grow: 1; justify-content: center; margin-bottom: 24px;\"> <div style=\" background-color: #F4F4F4; border-radius: 4px; flex-grow: 0; height: 14px; margin-bottom: 6px; width: 224px;\"><\/div> <div style=\" background-color: #F4F4F4; border-radius: 4px; flex-grow: 0; height: 14px; width: 144px;\"><\/div><\/div><\/a><p style=\" color:#c9c8cd; font-family:Arial,sans-serif; font-size:14px; line-height:17px; margin-bottom:0; margin-top:8px; overflow:hidden; padding:8px 0 7px; text-align:center; text-overflow:ellipsis; white-space:nowrap;\"><a href=\"https:\/\/www.instagram.com\/p\/DB66wRLJUfQ\/?utm_source=ig_embed&amp;utm_campaign=loading\" style=\" color:#c9c8cd; font-family:Arial,sans-serif; font-size:14px; font-style:normal; font-weight:normal; line-height:17px; text-decoration:none;\" target=\"_blank\">Una publicaci\u00f3n compartida de #UnaWachaPiola (@una_wacha_piola.ok)<\/a><\/p><\/div><\/blockquote>\n<script async src=\"\/\/www.instagram.com\/embed.js\"><\/script>\n\n\n\n<p><strong>Cuerpas Artistas<\/strong><br><a href=\"https:\/\/www.instagram.com\/_u\/mariela_de_marco?fbclid=IwZXh0bgNhZW0CMTAAAR1DPZaA4pZOjFjcn2SHiu8T-arL82WrsKWKlRaeerqRCoKUABqxD23VT7I_aem_-g1WvEkHPCLp4z1II3WRnw\" target=\"_blank\" rel=\"noreferrer noopener\">@mariela_de_marco<\/a><br><a href=\"https:\/\/www.instagram.com\/_u\/virginia.a.diaz?fbclid=IwZXh0bgNhZW0CMTAAAR1nwtEuh29OLtXpuudV9zEuLg7rBNEZmch3mku4DjUuip-vUgZQVQ1o8Cg_aem_FYcAMZkpQTxfpKIvhzNO2Q\" target=\"_blank\" rel=\"noreferrer noopener\">@virginia.a.diaz<\/a><br><a href=\"https:\/\/www.instagram.com\/_u\/lindaelisak?fbclid=IwZXh0bgNhZW0CMTAAAR1UVW2NIVNeMF3wwUWYpPyPkvkBqV-HO2yDXJiRB1uOyjRSwhPfKt_jJpM_aem_DsF9j0hksrWsrMKNv8PREQ\" target=\"_blank\" rel=\"noreferrer noopener\">@lindaelisak<\/a><br><strong>Maquillaje<\/strong><br><a href=\"https:\/\/www.instagram.com\/_u\/belenpueta?fbclid=IwZXh0bgNhZW0CMTAAAR15RFaDx2-J7Tcr534-9dWzxnQTzd6JHtPCFt_e4ey2FkBndVxi6jXqZJ4_aem_94DgfDkb0S3M5MK_oszedQ\" target=\"_blank\" rel=\"noreferrer noopener\">@belenpueta<\/a><br><strong>Vestuarios<\/strong><br><a href=\"https:\/\/www.instagram.com\/_u\/una_wacha_piola.ok?fbclid=IwZXh0bgNhZW0CMTAAAR2-DIqGPj7DUR3JV4uy-bTPMsT51734226KrBRlJmSULQBi2sJe9CERGcs_aem_tYUYg4v-FD6vPZ5q3esF1A\" target=\"_blank\" rel=\"noreferrer noopener\">@una_wacha_piola.ok<\/a><br><a href=\"https:\/\/www.instagram.com\/_u\/campanita_rebe?fbclid=IwZXh0bgNhZW0CMTAAAR1MLfZ8kkunE0LUuKJZP1OIXmHdnqk2uoKhUHQsUvl-Hz_1Wrcjhq_zYic_aem_zBk3t-vWZ8IDScbTC3_s2Q\" target=\"_blank\" rel=\"noreferrer noopener\">@campanita_rebe<\/a><br>Fotograf\u00eda<br><a href=\"https:\/\/www.instagram.com\/_u\/erica0rtiz?fbclid=IwZXh0bgNhZW0CMTAAAR0fD9ZsGTh1gXowcYAqYH7bqqHwJw9LVgRLXUPks4YZhs4imgmnFRysT7Y_aem_gOlfW_2VRPm07Tnc49s11w\" target=\"_blank\" rel=\"noreferrer noopener\">@erica0rtiz<\/a><\/p>\n","protected":false},"excerpt":{"rendered":"<p>La creatividad y la conexi\u00f3n emocional fueron protagonistas en la muestra colectiva \u00abAracne\u00bb, presentada en la Casa de la Cultura durante los meses de junio y julio. Este evento reuni\u00f3 a diversas artistas, entre ellas Rebeca Romero, quienes exploraron a trav\u00e9s del arte textil las historias, emociones y simbolismos que atraviesan generaciones. En esta propuesta, &hellip;<\/p>\n","protected":false},"author":2,"featured_media":7565,"comment_status":"open","ping_status":"open","sticky":false,"template":"","format":"standard","meta":{"advanced_seo_description":"","jetpack_seo_html_title":"","jetpack_seo_noindex":false,"_jetpack_memberships_contains_paid_content":false,"footnotes":"","jetpack_publicize_message":"","jetpack_publicize_feature_enabled":true,"jetpack_social_post_already_shared":false,"jetpack_social_options":{"image_generator_settings":{"template":"highway","default_image_id":0,"font":"","enabled":false},"version":2}},"categories":[11],"tags":[],"class_list":["post-7549","post","type-post","status-publish","format-standard","has-post-thumbnail","hentry","category-diseno"],"jetpack_publicize_connections":[],"jetpack_featured_media_url":"https:\/\/i0.wp.com\/calleangosta.com\/ca\/wp-content\/uploads\/2025\/01\/rebeca-e1735767836844.jpg?fit=957%2C570&ssl=1","jetpack_sharing_enabled":true,"_links":{"self":[{"href":"https:\/\/calleangosta.com\/ca\/wp-json\/wp\/v2\/posts\/7549","targetHints":{"allow":["GET"]}}],"collection":[{"href":"https:\/\/calleangosta.com\/ca\/wp-json\/wp\/v2\/posts"}],"about":[{"href":"https:\/\/calleangosta.com\/ca\/wp-json\/wp\/v2\/types\/post"}],"author":[{"embeddable":true,"href":"https:\/\/calleangosta.com\/ca\/wp-json\/wp\/v2\/users\/2"}],"replies":[{"embeddable":true,"href":"https:\/\/calleangosta.com\/ca\/wp-json\/wp\/v2\/comments?post=7549"}],"version-history":[{"count":2,"href":"https:\/\/calleangosta.com\/ca\/wp-json\/wp\/v2\/posts\/7549\/revisions"}],"predecessor-version":[{"id":7568,"href":"https:\/\/calleangosta.com\/ca\/wp-json\/wp\/v2\/posts\/7549\/revisions\/7568"}],"wp:featuredmedia":[{"embeddable":true,"href":"https:\/\/calleangosta.com\/ca\/wp-json\/wp\/v2\/media\/7565"}],"wp:attachment":[{"href":"https:\/\/calleangosta.com\/ca\/wp-json\/wp\/v2\/media?parent=7549"}],"wp:term":[{"taxonomy":"category","embeddable":true,"href":"https:\/\/calleangosta.com\/ca\/wp-json\/wp\/v2\/categories?post=7549"},{"taxonomy":"post_tag","embeddable":true,"href":"https:\/\/calleangosta.com\/ca\/wp-json\/wp\/v2\/tags?post=7549"}],"curies":[{"name":"wp","href":"https:\/\/api.w.org\/{rel}","templated":true}]}}