{"id":7604,"date":"2025-01-03T12:59:05","date_gmt":"2025-01-03T15:59:05","guid":{"rendered":"https:\/\/calleangosta.com\/ca\/?p=7604"},"modified":"2025-01-03T12:59:06","modified_gmt":"2025-01-03T15:59:06","slug":"detenido-por-el-homicidio-de-lucas-pastran-permanecera-cuatro-meses-en-prision-preventiva","status":"publish","type":"post","link":"https:\/\/calleangosta.com\/ca\/detenido-por-el-homicidio-de-lucas-pastran-permanecera-cuatro-meses-en-prision-preventiva\/","title":{"rendered":"Detenido por el homicidio de Lucas Pastr\u00e1n permanecer\u00e1 cuatro meses en prisi\u00f3n preventiva"},"content":{"rendered":"\n<p>El juez Santiago Ortiz dispuso que Federico Sosa, acusado del homicidio de Lucas Emanuel Pastr\u00e1n, contin\u00fae detenido con prisi\u00f3n preventiva por un periodo de cuatro meses. El tr\u00e1gico hecho ocurri\u00f3 el pasado 25 de diciembre en el barrio San Jos\u00e9 de Villa Mercedes.<\/p>\n\n\n\n<p>La causa, que cuenta con la intervenci\u00f3n del fiscal adjunto Marcelo Palacios y el fiscal de instrucci\u00f3n Jos\u00e9 Olgu\u00edn, se encuentra caratulada como homicidio calificado por alevos\u00eda y el uso de arma de fuego. La fiscal\u00eda argument\u00f3 que existen suficientes indicios que justifican la medida, destacando el riesgo de fuga del imputado y la necesidad de salvaguardar a los testigos claves en el proceso. Adem\u00e1s, recordaron que el delito tiene una pena estipulada de prisi\u00f3n perpetua.<\/p>\n\n\n\n<p>Seg\u00fan el relato de los investigadores, el ataque se produjo tras una discusi\u00f3n entre los dos hombres. Lucas Pastr\u00e1n habr\u00eda intentado retirarse del lugar cuando Sosa le dispar\u00f3 por la espalda. La v\u00edctima fue encontrada herida en la intersecci\u00f3n de las calles Teniente Escudero y Guayaquil, y aunque fue trasladada de inmediato al Policl\u00ednico Regional, perdi\u00f3 la vida poco despu\u00e9s debido a la gravedad de sus lesiones.<\/p>\n\n\n\n<p>La resoluci\u00f3n judicial fija un periodo de cuatro meses para completar informes periciales y otros procedimientos necesarios antes de decidir si el caso ser\u00e1 elevado a juicio. Mientras tanto, el acusado permanecer\u00e1 detenido bajo la medida preventiva dictada por el juez.<\/p>\n","protected":false},"excerpt":{"rendered":"<p>El juez Santiago Ortiz dispuso que Federico Sosa, acusado del homicidio de Lucas Emanuel Pastr\u00e1n, contin\u00fae detenido con prisi\u00f3n preventiva por un periodo de cuatro meses. El tr\u00e1gico hecho ocurri\u00f3 el pasado 25 de diciembre en el barrio San Jos\u00e9 de Villa Mercedes. La causa, que cuenta con la intervenci\u00f3n del fiscal adjunto Marcelo Palacios &hellip;<\/p>\n","protected":false},"author":13,"featured_media":7605,"comment_status":"open","ping_status":"open","sticky":false,"template":"","format":"standard","meta":{"advanced_seo_description":"","jetpack_seo_html_title":"","jetpack_seo_noindex":false,"_jetpack_memberships_contains_paid_content":false,"footnotes":"","jetpack_publicize_message":"","jetpack_publicize_feature_enabled":true,"jetpack_social_post_already_shared":false,"jetpack_social_options":{"image_generator_settings":{"template":"highway","default_image_id":0,"font":"","enabled":false},"version":2}},"categories":[47],"tags":[],"class_list":["post-7604","post","type-post","status-publish","format-standard","has-post-thumbnail","hentry","category-policiales-y-judiciales"],"jetpack_publicize_connections":[],"jetpack_featured_media_url":"https:\/\/i0.wp.com\/calleangosta.com\/ca\/wp-content\/uploads\/2025\/01\/Asesinato-Pastran.jpg?fit=1920%2C1080&ssl=1","jetpack_sharing_enabled":true,"_links":{"self":[{"href":"https:\/\/calleangosta.com\/ca\/wp-json\/wp\/v2\/posts\/7604","targetHints":{"allow":["GET"]}}],"collection":[{"href":"https:\/\/calleangosta.com\/ca\/wp-json\/wp\/v2\/posts"}],"about":[{"href":"https:\/\/calleangosta.com\/ca\/wp-json\/wp\/v2\/types\/post"}],"author":[{"embeddable":true,"href":"https:\/\/calleangosta.com\/ca\/wp-json\/wp\/v2\/users\/13"}],"replies":[{"embeddable":true,"href":"https:\/\/calleangosta.com\/ca\/wp-json\/wp\/v2\/comments?post=7604"}],"version-history":[{"count":1,"href":"https:\/\/calleangosta.com\/ca\/wp-json\/wp\/v2\/posts\/7604\/revisions"}],"predecessor-version":[{"id":7606,"href":"https:\/\/calleangosta.com\/ca\/wp-json\/wp\/v2\/posts\/7604\/revisions\/7606"}],"wp:featuredmedia":[{"embeddable":true,"href":"https:\/\/calleangosta.com\/ca\/wp-json\/wp\/v2\/media\/7605"}],"wp:attachment":[{"href":"https:\/\/calleangosta.com\/ca\/wp-json\/wp\/v2\/media?parent=7604"}],"wp:term":[{"taxonomy":"category","embeddable":true,"href":"https:\/\/calleangosta.com\/ca\/wp-json\/wp\/v2\/categories?post=7604"},{"taxonomy":"post_tag","embeddable":true,"href":"https:\/\/calleangosta.com\/ca\/wp-json\/wp\/v2\/tags?post=7604"}],"curies":[{"name":"wp","href":"https:\/\/api.w.org\/{rel}","templated":true}]}}