{"id":7615,"date":"2025-01-03T19:39:50","date_gmt":"2025-01-03T22:39:50","guid":{"rendered":"https:\/\/calleangosta.com\/ca\/?p=7615"},"modified":"2025-01-03T19:45:43","modified_gmt":"2025-01-03T22:45:43","slug":"suba-en-el-transporte-interurbano-viajar-cuesta-hasta-10-000","status":"publish","type":"post","link":"https:\/\/calleangosta.com\/ca\/suba-en-el-transporte-interurbano-viajar-cuesta-hasta-10-000\/","title":{"rendered":"Suba en el transporte interurbano: viajar cuesta hasta $10.000"},"content":{"rendered":"\n<p>Desde este s\u00e1bado, las tarifas del transporte interurbano en San Luis tendr\u00e1n un incremento de entre el 7% y el 10%, afectando todos los servicios de corta, media y larga distancia. La medida, implementada por la Direcci\u00f3n de Transporte, ha generado un fuerte rechazo debido al impacto en el bolsillo de los puntanos, quienes enfrentan un contexto econ\u00f3mico cr\u00edtico.<\/p>\n\n\n\n<h4 class=\"wp-block-heading\">Nuevas tarifas para los principales destinos<\/h4>\n\n\n\n<ul class=\"wp-block-list\">\n<li><strong>San Luis &#8211; Merlo:<\/strong> $10.000<\/li>\n\n\n\n<li><strong>San Luis &#8211; Villa Mercedes:<\/strong> $5.500<\/li>\n\n\n\n<li><strong>San Luis &#8211; Nogol\u00ed:<\/strong> $3.000<\/li>\n\n\n\n<li><strong>San Luis &#8211; La Punta:<\/strong> $1.200<\/li>\n\n\n\n<li><strong>San Luis &#8211; El Volc\u00e1n:<\/strong> $1.400<\/li>\n\n\n\n<li><strong>San Luis &#8211; Potrero de los Funes:<\/strong> $1.300<\/li>\n\n\n\n<li><strong>San Luis &#8211; La Carolina:<\/strong> $4.000<\/li>\n<\/ul>\n\n\n\n<p>Otros destinos como San Luis a Quines y Candelaria tambi\u00e9n registraron aumentos significativos, alcanzando $8.100 y $10.000 respectivamente.<\/p>\n\n\n\n<h4 class=\"wp-block-heading\">Justificaciones oficiales<\/h4>\n\n\n\n<p>Seg\u00fan el organismo provincial, el ajuste responde al cumplimiento de acuerdos salariales con la Uni\u00f3n Tranviarios Automotor (UTA) y al aumento en los costos de insumos b\u00e1sicos como combustibles y repuestos. Sin embargo, usuarios y sectores cr\u00edticos calificaron la medida como un \u00abboletazo\u00bb que agrava la ya dif\u00edcil situaci\u00f3n econ\u00f3mica.<\/p>\n\n\n\n<h4 class=\"wp-block-heading\">Impacto social<\/h4>\n\n\n\n<p>La actualizaci\u00f3n de precios llega en un momento donde muchas familias luchan por equilibrar sus finanzas frente a la inflaci\u00f3n y los ajustes tarifarios. La suba del transporte interurbano podr\u00eda tener repercusiones en la movilidad de trabajadores y estudiantes, adem\u00e1s de encarecer a\u00fan m\u00e1s el costo de vida en la provincia.<\/p>\n\n\n\n<p>Los usuarios han expresado su descontento a trav\u00e9s de las redes sociales, con quejas sobre la falta de mejoras en el servicio a pesar de los reiterados incrementos tarifarios.<\/p>\n\n\n\n<h3 class=\"wp-block-heading\">Opiniones encontradas<\/h3>\n\n\n\n<p>Mientras el gobierno defiende la medida como necesaria para garantizar la operatividad del sistema, el malestar social contin\u00faa creciendo. Con estas tarifas, muchos puntanos deber\u00e1n repensar la frecuencia de sus viajes o buscar alternativas m\u00e1s econ\u00f3micas.<\/p>\n","protected":false},"excerpt":{"rendered":"<p>Desde este s\u00e1bado, las tarifas del transporte interurbano en San Luis tendr\u00e1n un incremento de entre el 7% y el 10%, afectando todos los servicios de corta, media y larga distancia. La medida, implementada por la Direcci\u00f3n de Transporte, ha generado un fuerte rechazo debido al impacto en el bolsillo de los puntanos, quienes enfrentan &hellip;<\/p>\n","protected":false},"author":12,"featured_media":7619,"comment_status":"open","ping_status":"open","sticky":false,"template":"","format":"standard","meta":{"advanced_seo_description":"","jetpack_seo_html_title":"","jetpack_seo_noindex":false,"_jetpack_memberships_contains_paid_content":false,"footnotes":"","jetpack_publicize_message":"","jetpack_publicize_feature_enabled":true,"jetpack_social_post_already_shared":false,"jetpack_social_options":{"image_generator_settings":{"template":"highway","default_image_id":0,"font":"","enabled":false},"version":2}},"categories":[32],"tags":[],"class_list":["post-7615","post","type-post","status-publish","format-standard","has-post-thumbnail","hentry","category-san-luis"],"jetpack_publicize_connections":[],"jetpack_featured_media_url":"https:\/\/i0.wp.com\/calleangosta.com\/ca\/wp-content\/uploads\/2025\/01\/coles.jpg?fit=646%2C416&ssl=1","jetpack_sharing_enabled":true,"_links":{"self":[{"href":"https:\/\/calleangosta.com\/ca\/wp-json\/wp\/v2\/posts\/7615","targetHints":{"allow":["GET"]}}],"collection":[{"href":"https:\/\/calleangosta.com\/ca\/wp-json\/wp\/v2\/posts"}],"about":[{"href":"https:\/\/calleangosta.com\/ca\/wp-json\/wp\/v2\/types\/post"}],"author":[{"embeddable":true,"href":"https:\/\/calleangosta.com\/ca\/wp-json\/wp\/v2\/users\/12"}],"replies":[{"embeddable":true,"href":"https:\/\/calleangosta.com\/ca\/wp-json\/wp\/v2\/comments?post=7615"}],"version-history":[{"count":1,"href":"https:\/\/calleangosta.com\/ca\/wp-json\/wp\/v2\/posts\/7615\/revisions"}],"predecessor-version":[{"id":7617,"href":"https:\/\/calleangosta.com\/ca\/wp-json\/wp\/v2\/posts\/7615\/revisions\/7617"}],"wp:featuredmedia":[{"embeddable":true,"href":"https:\/\/calleangosta.com\/ca\/wp-json\/wp\/v2\/media\/7619"}],"wp:attachment":[{"href":"https:\/\/calleangosta.com\/ca\/wp-json\/wp\/v2\/media?parent=7615"}],"wp:term":[{"taxonomy":"category","embeddable":true,"href":"https:\/\/calleangosta.com\/ca\/wp-json\/wp\/v2\/categories?post=7615"},{"taxonomy":"post_tag","embeddable":true,"href":"https:\/\/calleangosta.com\/ca\/wp-json\/wp\/v2\/tags?post=7615"}],"curies":[{"name":"wp","href":"https:\/\/api.w.org\/{rel}","templated":true}]}}