{"id":7621,"date":"2025-01-04T14:21:34","date_gmt":"2025-01-04T17:21:34","guid":{"rendered":"https:\/\/calleangosta.com\/ca\/?p=7621"},"modified":"2025-01-04T14:21:35","modified_gmt":"2025-01-04T17:21:35","slug":"sin-pistas-sobre-los-asaltantes-de-un-comerciante-en-cortaderas","status":"publish","type":"post","link":"https:\/\/calleangosta.com\/ca\/sin-pistas-sobre-los-asaltantes-de-un-comerciante-en-cortaderas\/","title":{"rendered":"Sin pistas sobre los asaltantes de un comerciante en Cortaderas"},"content":{"rendered":"\n<p>A una semana del violento asalto a un comerciante en Cortaderas, la Polic\u00eda contin\u00faa sin avances significativos en la identificaci\u00f3n de los tres delincuentes ni en la recuperaci\u00f3n de los 800 mil pesos robados.<\/p>\n\n\n\n<p>El ataque ocurri\u00f3 cuando el empresario gastron\u00f3mico de apellido Monti se dirig\u00eda hacia la zona conocida como \u00abLa Pituca\u00bb. Seg\u00fan su relato, fue interceptado por tres sujetos que actuaron en aparente coordinaci\u00f3n. Uno intent\u00f3 detener el veh\u00edculo cruz\u00e1ndose frente a \u00e9l, mientras que otro rompi\u00f3 la ventanilla y lo amenaz\u00f3 con un cuchillo, exigi\u00e9ndole el dinero que transportaba en un sobre. Un tercer delincuente se sum\u00f3 al asalto, y tras concretar el robo, los tres escaparon a pie por un descampado.<\/p>\n\n\n\n<p>El incidente ha reavivado las preocupaciones sobre la inseguridad en esta tranquila localidad del Valle del Conlara. En septiembre del a\u00f1o pasado, Cortaderas fue escenario de un tr\u00e1gico hecho: el asesinato del oficial de polic\u00eda Renato Fuentes durante un asalto. Tras ese episodio, el Ministerio de Seguridad inaugur\u00f3 una nueva comisar\u00eda, medida que buscaba responder a los reclamos de mayor presencia policial en la zona.<\/p>\n\n\n\n<p>La intendenta de Cortaderas hab\u00eda advertido sobre el aumento de la inseguridad meses antes del asesinato del oficial Fuentes. Ahora, el reciente ataque al comerciante refuerza la sensaci\u00f3n de vulnerabilidad entre los habitantes, quienes exigen acciones concretas para prevenir futuros hechos delictivos.<\/p>\n\n\n\n<p>Mientras tanto, la investigaci\u00f3n sigue abierta, y las autoridades trabajan para esclarecer el caso y devolver algo de tranquilidad a los vecinos de Cortaderas.<\/p>\n","protected":false},"excerpt":{"rendered":"<p>A una semana del violento asalto a un comerciante en Cortaderas, la Polic\u00eda contin\u00faa sin avances significativos en la identificaci\u00f3n de los tres delincuentes ni en la recuperaci\u00f3n de los 800 mil pesos robados. El ataque ocurri\u00f3 cuando el empresario gastron\u00f3mico de apellido Monti se dirig\u00eda hacia la zona conocida como \u00abLa Pituca\u00bb. Seg\u00fan su &hellip;<\/p>\n","protected":false},"author":12,"featured_media":7622,"comment_status":"open","ping_status":"open","sticky":false,"template":"","format":"standard","meta":{"advanced_seo_description":"","jetpack_seo_html_title":"","jetpack_seo_noindex":false,"_jetpack_memberships_contains_paid_content":false,"footnotes":"","jetpack_publicize_message":"","jetpack_publicize_feature_enabled":true,"jetpack_social_post_already_shared":false,"jetpack_social_options":{"image_generator_settings":{"template":"highway","default_image_id":0,"font":"","enabled":false},"version":2}},"categories":[47],"tags":[],"class_list":["post-7621","post","type-post","status-publish","format-standard","has-post-thumbnail","hentry","category-policiales-y-judiciales"],"jetpack_publicize_connections":[],"jetpack_featured_media_url":"https:\/\/i0.wp.com\/calleangosta.com\/ca\/wp-content\/uploads\/2025\/01\/WhatsApp-Image-2024-10-25-at-13.36.54-750x420-1.jpeg?fit=750%2C420&ssl=1","jetpack_sharing_enabled":true,"_links":{"self":[{"href":"https:\/\/calleangosta.com\/ca\/wp-json\/wp\/v2\/posts\/7621","targetHints":{"allow":["GET"]}}],"collection":[{"href":"https:\/\/calleangosta.com\/ca\/wp-json\/wp\/v2\/posts"}],"about":[{"href":"https:\/\/calleangosta.com\/ca\/wp-json\/wp\/v2\/types\/post"}],"author":[{"embeddable":true,"href":"https:\/\/calleangosta.com\/ca\/wp-json\/wp\/v2\/users\/12"}],"replies":[{"embeddable":true,"href":"https:\/\/calleangosta.com\/ca\/wp-json\/wp\/v2\/comments?post=7621"}],"version-history":[{"count":1,"href":"https:\/\/calleangosta.com\/ca\/wp-json\/wp\/v2\/posts\/7621\/revisions"}],"predecessor-version":[{"id":7623,"href":"https:\/\/calleangosta.com\/ca\/wp-json\/wp\/v2\/posts\/7621\/revisions\/7623"}],"wp:featuredmedia":[{"embeddable":true,"href":"https:\/\/calleangosta.com\/ca\/wp-json\/wp\/v2\/media\/7622"}],"wp:attachment":[{"href":"https:\/\/calleangosta.com\/ca\/wp-json\/wp\/v2\/media?parent=7621"}],"wp:term":[{"taxonomy":"category","embeddable":true,"href":"https:\/\/calleangosta.com\/ca\/wp-json\/wp\/v2\/categories?post=7621"},{"taxonomy":"post_tag","embeddable":true,"href":"https:\/\/calleangosta.com\/ca\/wp-json\/wp\/v2\/tags?post=7621"}],"curies":[{"name":"wp","href":"https:\/\/api.w.org\/{rel}","templated":true}]}}