{"id":7640,"date":"2025-01-05T16:14:40","date_gmt":"2025-01-05T19:14:40","guid":{"rendered":"https:\/\/calleangosta.com\/ca\/?p=7640"},"modified":"2025-01-05T16:14:42","modified_gmt":"2025-01-05T19:14:42","slug":"suspenden-el-festival-del-agua-y-del-oro-en-la-carolina-tras-una-gresca-con-heridos","status":"publish","type":"post","link":"https:\/\/calleangosta.com\/ca\/suspenden-el-festival-del-agua-y-del-oro-en-la-carolina-tras-una-gresca-con-heridos\/","title":{"rendered":"Suspenden el Festival del Agua y del Oro en La Carolina tras una gresca con heridos"},"content":{"rendered":"\n<p>La segunda jornada del Festival del Agua y del Oro, celebrada en La Carolina, tuvo que ser abruptamente suspendida debido a una pelea que dej\u00f3 al menos un herido por apu\u00f1alamiento.<\/p>\n\n\n\n<p>El incidente ocurri\u00f3 en el SUM de la Municipalidad, donde se llevaban a cabo actuaciones folcl\u00f3ricas y bailables. Artistas como Los Hermanos Videla, Daniela Calder\u00f3n, \u201cDiablito\u201d Mart\u00ednez y \u201cLos Borrelli\u201d estaban en la grilla del evento, pero el cierre del festival qued\u00f3 trunco debido al conflicto.<\/p>\n\n\n\n<p>Seg\u00fan fuentes locales, en la gresca habr\u00edan participado dos sobrinos de un funcionario del Museo de La Carolina, quien tambi\u00e9n colaboraba con la organizaci\u00f3n del evento. Uno de los j\u00f3venes habr\u00eda sido apu\u00f1alado por un hombre proveniente de San Francisco, cuya identidad no fue revelada.<\/p>\n\n\n\n<p>El enfrentamiento tendr\u00eda antecedentes. En la edici\u00f3n pasada del festival, los involucrados habr\u00edan protagonizado un altercado menor, que este a\u00f1o escal\u00f3 a un violento reencuentro.<\/p>\n\n\n\n<p>La primera jornada del festival, realizada el viernes, se desarroll\u00f3 sin inconvenientes, con actuaciones de artistas locales y la presencia de autoridades como el ministro de Turismo y Cultura, Juan \u00c1lvarez Pinto.<\/p>\n\n\n\n<p>Hasta el momento, la Municipalidad no ha informado si habr\u00e1 una reprogramaci\u00f3n del evento ni sobre la devoluci\u00f3n del dinero de las entradas.<\/p>\n","protected":false},"excerpt":{"rendered":"<p>La segunda jornada del Festival del Agua y del Oro, celebrada en La Carolina, tuvo que ser abruptamente suspendida debido a una pelea que dej\u00f3 al menos un herido por apu\u00f1alamiento. El incidente ocurri\u00f3 en el SUM de la Municipalidad, donde se llevaban a cabo actuaciones folcl\u00f3ricas y bailables. Artistas como Los Hermanos Videla, Daniela &hellip;<\/p>\n","protected":false},"author":12,"featured_media":7641,"comment_status":"open","ping_status":"open","sticky":false,"template":"","format":"standard","meta":{"advanced_seo_description":"","jetpack_seo_html_title":"","jetpack_seo_noindex":false,"_jetpack_memberships_contains_paid_content":false,"footnotes":"","jetpack_publicize_message":"","jetpack_publicize_feature_enabled":true,"jetpack_social_post_already_shared":false,"jetpack_social_options":{"image_generator_settings":{"template":"highway","default_image_id":0,"font":"","enabled":false},"version":2}},"categories":[45],"tags":[],"class_list":["post-7640","post","type-post","status-publish","format-standard","has-post-thumbnail","hentry","category-dpto-coronel-pringles"],"jetpack_publicize_connections":[],"jetpack_featured_media_url":"https:\/\/i0.wp.com\/calleangosta.com\/ca\/wp-content\/uploads\/2025\/01\/WhatsApp-Image-2025-01-05-at-16.11.21.jpeg?fit=1080%2C608&ssl=1","jetpack_sharing_enabled":true,"_links":{"self":[{"href":"https:\/\/calleangosta.com\/ca\/wp-json\/wp\/v2\/posts\/7640","targetHints":{"allow":["GET"]}}],"collection":[{"href":"https:\/\/calleangosta.com\/ca\/wp-json\/wp\/v2\/posts"}],"about":[{"href":"https:\/\/calleangosta.com\/ca\/wp-json\/wp\/v2\/types\/post"}],"author":[{"embeddable":true,"href":"https:\/\/calleangosta.com\/ca\/wp-json\/wp\/v2\/users\/12"}],"replies":[{"embeddable":true,"href":"https:\/\/calleangosta.com\/ca\/wp-json\/wp\/v2\/comments?post=7640"}],"version-history":[{"count":1,"href":"https:\/\/calleangosta.com\/ca\/wp-json\/wp\/v2\/posts\/7640\/revisions"}],"predecessor-version":[{"id":7642,"href":"https:\/\/calleangosta.com\/ca\/wp-json\/wp\/v2\/posts\/7640\/revisions\/7642"}],"wp:featuredmedia":[{"embeddable":true,"href":"https:\/\/calleangosta.com\/ca\/wp-json\/wp\/v2\/media\/7641"}],"wp:attachment":[{"href":"https:\/\/calleangosta.com\/ca\/wp-json\/wp\/v2\/media?parent=7640"}],"wp:term":[{"taxonomy":"category","embeddable":true,"href":"https:\/\/calleangosta.com\/ca\/wp-json\/wp\/v2\/categories?post=7640"},{"taxonomy":"post_tag","embeddable":true,"href":"https:\/\/calleangosta.com\/ca\/wp-json\/wp\/v2\/tags?post=7640"}],"curies":[{"name":"wp","href":"https:\/\/api.w.org\/{rel}","templated":true}]}}