{"id":7675,"date":"2025-01-07T20:36:45","date_gmt":"2025-01-07T23:36:45","guid":{"rendered":"https:\/\/calleangosta.com\/ca\/?p=7675"},"modified":"2025-01-08T00:50:36","modified_gmt":"2025-01-08T03:50:36","slug":"danica-cerro-su-planta-en-llavallol-tras-86-anos-y-despidio-a-150-trabajadores","status":"publish","type":"post","link":"https:\/\/calleangosta.com\/ca\/danica-cerro-su-planta-en-llavallol-tras-86-anos-y-despidio-a-150-trabajadores\/","title":{"rendered":"D\u00e1nica cerr\u00f3 su planta en Llavallol tras 86 a\u00f1os y despidi\u00f3 a 150 trabajadores"},"content":{"rendered":"\n<p>La hist\u00f3rica planta de D\u00e1nica, ubicada en la localidad bonaerense de Llavallol, cerr\u00f3 sus puertas tras 86 a\u00f1os de operaci\u00f3n. La medida, que deja a alrededor de 150 trabajadores sin empleo, se da en el marco de una ca\u00edda del consumo atribuida por el gremio a las pol\u00edticas econ\u00f3micas del gobierno de Javier Milei.<\/p>\n\n\n\n<p>El cierre hab\u00eda sido anunciado por la empresa en noviembre de 2024 mediante una presentaci\u00f3n ante la Secretar\u00eda de Trabajo, Empleo y Seguridad Social, y se concret\u00f3 en la primera semana de enero de 2025. En un intento inicial por mitigar los efectos, la compa\u00f1\u00eda propuso un plan de retiros voluntarios.<\/p>\n\n\n\n<h3 class=\"wp-block-heading\">Impacto en los trabajadores y respuesta sindical<\/h3>\n\n\n\n<p>Fuentes de la Federaci\u00f3n de Trabajadores del Complejo Industrial Oleaginoso se\u00f1alaron que la decisi\u00f3n se relaciona con un \u201cdesplome del consumo producto de las pol\u00edticas recesivas del Gobierno nacional\u201d. La empresa, que pertenece al Grupo Beltr\u00e1n, enfrenta ahora negociaciones lideradas por el sindicato aceitero del \u00c1rea Metropolitana para intentar reabrir parcialmente la planta, aunque con una menor cantidad de personal.<\/p>\n\n\n\n<p>Desde el gremio explicaron que algunos trabajadores aceptaron el despido y cobraron su indemnizaci\u00f3n, mientras que otros 150 quedaron definitivamente desempleados. Adem\u00e1s, cuestionaron la postura de la empresa respecto a las causas del cierre, indicando que \u201ces com\u00fan que las compa\u00f1\u00edas eviten responsabilizar al Gobierno y atribuyan los problemas a factores externos como el clima o el mercado internacional\u201d.<\/p>\n\n\n\n<h3 class=\"wp-block-heading\">Historia de una planta emblem\u00e1tica<\/h3>\n\n\n\n<p>El establecimiento de Llavallol fue fundado en 1939 por un inmigrante dan\u00e9s y se convirti\u00f3 en un \u00edcono de la industria alimenticia argentina. En 1963, D\u00e1nica lanz\u00f3 al mercado su primera margarina, que gan\u00f3 notoriedad gracias a campa\u00f1as publicitarias. M\u00e1s adelante, en 1974, la compa\u00f1\u00eda introdujo la primera mayonesa comercial del pa\u00eds.<\/p>\n\n\n\n<p>La firma tambi\u00e9n operaba una planta en Villa Mercedes, San Luis, construida en 1987, pero este complejo cerr\u00f3 en 2023 tras conflictos gremiales.<\/p>\n\n\n\n<p>El cese de actividades de D\u00e1nica en Llavallol se suma a una serie de cierres de empresas y f\u00e1bricas en distintos puntos del pa\u00eds, reflejando un complejo panorama econ\u00f3mico que afecta tanto a la industria como a los trabajadores. Mientras las negociaciones por una posible reapertura parcial contin\u00faan, el cierre deja una huella profunda en los 150 empleados y en una comunidad que vio en esta planta un s\u00edmbolo de desarrollo durante d\u00e9cadas.<\/p>\n","protected":false},"excerpt":{"rendered":"<p>La hist\u00f3rica planta de D\u00e1nica, ubicada en la localidad bonaerense de Llavallol, cerr\u00f3 sus puertas tras 86 a\u00f1os de operaci\u00f3n. La medida, que deja a alrededor de 150 trabajadores sin empleo, se da en el marco de una ca\u00edda del consumo atribuida por el gremio a las pol\u00edticas econ\u00f3micas del gobierno de Javier Milei. El &hellip;<\/p>\n","protected":false},"author":13,"featured_media":7676,"comment_status":"open","ping_status":"open","sticky":false,"template":"","format":"standard","meta":{"advanced_seo_description":"","jetpack_seo_html_title":"","jetpack_seo_noindex":false,"_jetpack_memberships_contains_paid_content":false,"footnotes":"","jetpack_publicize_message":"","jetpack_publicize_feature_enabled":true,"jetpack_social_post_already_shared":false,"jetpack_social_options":{"image_generator_settings":{"template":"highway","default_image_id":0,"font":"","enabled":false},"version":2}},"categories":[31,34],"tags":[],"class_list":["post-7675","post","type-post","status-publish","format-standard","has-post-thumbnail","hentry","category-argentina","category-sindicales"],"jetpack_publicize_connections":[],"jetpack_featured_media_url":"https:\/\/i0.wp.com\/calleangosta.com\/ca\/wp-content\/uploads\/2025\/01\/danica-llavallol-scaled-1.jpeg?fit=620%2C395&ssl=1","jetpack_sharing_enabled":true,"_links":{"self":[{"href":"https:\/\/calleangosta.com\/ca\/wp-json\/wp\/v2\/posts\/7675","targetHints":{"allow":["GET"]}}],"collection":[{"href":"https:\/\/calleangosta.com\/ca\/wp-json\/wp\/v2\/posts"}],"about":[{"href":"https:\/\/calleangosta.com\/ca\/wp-json\/wp\/v2\/types\/post"}],"author":[{"embeddable":true,"href":"https:\/\/calleangosta.com\/ca\/wp-json\/wp\/v2\/users\/13"}],"replies":[{"embeddable":true,"href":"https:\/\/calleangosta.com\/ca\/wp-json\/wp\/v2\/comments?post=7675"}],"version-history":[{"count":1,"href":"https:\/\/calleangosta.com\/ca\/wp-json\/wp\/v2\/posts\/7675\/revisions"}],"predecessor-version":[{"id":7677,"href":"https:\/\/calleangosta.com\/ca\/wp-json\/wp\/v2\/posts\/7675\/revisions\/7677"}],"wp:featuredmedia":[{"embeddable":true,"href":"https:\/\/calleangosta.com\/ca\/wp-json\/wp\/v2\/media\/7676"}],"wp:attachment":[{"href":"https:\/\/calleangosta.com\/ca\/wp-json\/wp\/v2\/media?parent=7675"}],"wp:term":[{"taxonomy":"category","embeddable":true,"href":"https:\/\/calleangosta.com\/ca\/wp-json\/wp\/v2\/categories?post=7675"},{"taxonomy":"post_tag","embeddable":true,"href":"https:\/\/calleangosta.com\/ca\/wp-json\/wp\/v2\/tags?post=7675"}],"curies":[{"name":"wp","href":"https:\/\/api.w.org\/{rel}","templated":true}]}}