{"id":7678,"date":"2025-01-07T20:43:37","date_gmt":"2025-01-07T23:43:37","guid":{"rendered":"https:\/\/calleangosta.com\/ca\/?p=7678"},"modified":"2025-01-07T20:43:38","modified_gmt":"2025-01-07T23:43:38","slug":"28-localidades-afectadas-por-el-temporal-en-san-luis","status":"publish","type":"post","link":"https:\/\/calleangosta.com\/ca\/28-localidades-afectadas-por-el-temporal-en-san-luis\/","title":{"rendered":"28 localidades afectadas por el temporal en San Luis"},"content":{"rendered":"\n<p>El fuerte temporal que azot\u00f3 a la provincia de San Luis este lunes dej\u00f3 serios da\u00f1os en 28 de las 40 localidades relevadas por el Gobierno provincial. La tormenta provoc\u00f3 voladuras de techos, ca\u00eddas de \u00e1rboles y postes, adem\u00e1s de cortes de energ\u00eda el\u00e9ctrica y agua en varias zonas.<\/p>\n\n\n\n<h3 class=\"wp-block-heading\">Localidades m\u00e1s afectadas<\/h3>\n\n\n\n<p>Entre las m\u00e1s perjudicadas se encuentran <strong>San Luis capital<\/strong>, <strong>Juana Koslay<\/strong>, <strong>Potrero de los Funes<\/strong> y <strong>El Volc\u00e1n<\/strong>, donde se registraron voladuras de techos y prolongados cortes de energ\u00eda. En <strong>Estancia Grande<\/strong> y <strong>La Toma<\/strong>, la situaci\u00f3n fue m\u00e1s cr\u00edtica, ya que se evacu\u00f3 a una familia en cada localidad debido a da\u00f1os severos en sus viviendas.<\/p>\n\n\n\n<p>En <strong>Naschel<\/strong>, el temporal dej\u00f3 a los vecinos sin luz ni agua, mientras que la ca\u00edda de postes y \u00e1rboles agrav\u00f3 la situaci\u00f3n. Similar panorama se vivi\u00f3 en <strong>Los Manantiales<\/strong>, donde las bombas de agua quedaron fuera de servicio, dejando a toda la localidad sin suministro. <strong>Renca<\/strong>, <strong>Beazley<\/strong> y <strong>Leandro Alem<\/strong> tambi\u00e9n reportaron voladuras de techos, ca\u00edda de postes el\u00e9ctricos y cortes de servicios.<\/p>\n\n\n\n<h3 class=\"wp-block-heading\">Menor impacto en otras zonas<\/h3>\n\n\n\n<p>En contraste, 12 localidades, incluyendo <strong>Justo Daract<\/strong>, <strong>Quines<\/strong>, <strong>Carpinter\u00eda<\/strong> y <strong>Desaguadero<\/strong>, reportaron afectaciones menores y no registraron evacuaciones ni da\u00f1os significativos.<\/p>\n\n\n\n<h3 class=\"wp-block-heading\">Respuesta y asistencia<\/h3>\n\n\n\n<p>El Gobierno provincial y los municipios trabajan de manera coordinada para asistir a las familias damnificadas y restablecer los servicios esenciales en las \u00e1reas m\u00e1s afectadas.<\/p>\n\n\n\n<h3 class=\"wp-block-heading\">Listado de da\u00f1os por localidad<\/h3>\n\n\n\n<ul class=\"wp-block-list\">\n<li><strong>San Luis capital<\/strong>: Voladuras de techos, ca\u00edda de \u00e1rboles y cortes el\u00e9ctricos.<\/li>\n\n\n\n<li><strong>Juana Koslay<\/strong>: Da\u00f1os en infraestructura.<\/li>\n\n\n\n<li><strong>Potrero de los Funes<\/strong>: Da\u00f1os similares a los de la capital.<\/li>\n\n\n\n<li><strong>Estancia Grande<\/strong>: Voladuras de techos y ca\u00edda de postes; una familia evacuada.<\/li>\n\n\n\n<li><strong>Naschel<\/strong>: Sin luz ni agua, voladuras de techos y ca\u00edda de postes.<\/li>\n\n\n\n<li><strong>La Toma<\/strong>: Da\u00f1os graves con una familia evacuada.<\/li>\n\n\n\n<li><strong>Los Manantiales<\/strong>: Sin servicio de agua ni luz.<\/li>\n\n\n\n<li><strong>Leandro Alem<\/strong>: Cortes de luz, ca\u00edda de postes y \u00e1rboles.<\/li>\n\n\n\n<li><strong>Renca y Beazley<\/strong>: Voladuras de techos y ca\u00edda de postes el\u00e9ctricos.<\/li>\n<\/ul>\n\n\n\n<p>El temporal dej\u00f3 una fuerte demanda de asistencia y reconstrucci\u00f3n en varias comunidades, poniendo a prueba la capacidad de respuesta de las autoridades locales.<\/p>\n","protected":false},"excerpt":{"rendered":"<p>El fuerte temporal que azot\u00f3 a la provincia de San Luis este lunes dej\u00f3 serios da\u00f1os en 28 de las 40 localidades relevadas por el Gobierno provincial. La tormenta provoc\u00f3 voladuras de techos, ca\u00eddas de \u00e1rboles y postes, adem\u00e1s de cortes de energ\u00eda el\u00e9ctrica y agua en varias zonas. Localidades m\u00e1s afectadas Entre las m\u00e1s &hellip;<\/p>\n","protected":false},"author":13,"featured_media":7679,"comment_status":"open","ping_status":"open","sticky":false,"template":"","format":"standard","meta":{"advanced_seo_description":"","jetpack_seo_html_title":"","jetpack_seo_noindex":false,"_jetpack_memberships_contains_paid_content":false,"footnotes":"","jetpack_publicize_message":"","jetpack_publicize_feature_enabled":true,"jetpack_social_post_already_shared":false,"jetpack_social_options":{"image_generator_settings":{"template":"highway","default_image_id":0,"font":"","enabled":false},"version":2}},"categories":[32],"tags":[],"class_list":["post-7678","post","type-post","status-publish","format-standard","has-post-thumbnail","hentry","category-san-luis"],"jetpack_publicize_connections":[],"jetpack_featured_media_url":"https:\/\/i0.wp.com\/calleangosta.com\/ca\/wp-content\/uploads\/2025\/01\/tormenta.jpg?fit=993%2C660&ssl=1","jetpack_sharing_enabled":true,"_links":{"self":[{"href":"https:\/\/calleangosta.com\/ca\/wp-json\/wp\/v2\/posts\/7678","targetHints":{"allow":["GET"]}}],"collection":[{"href":"https:\/\/calleangosta.com\/ca\/wp-json\/wp\/v2\/posts"}],"about":[{"href":"https:\/\/calleangosta.com\/ca\/wp-json\/wp\/v2\/types\/post"}],"author":[{"embeddable":true,"href":"https:\/\/calleangosta.com\/ca\/wp-json\/wp\/v2\/users\/13"}],"replies":[{"embeddable":true,"href":"https:\/\/calleangosta.com\/ca\/wp-json\/wp\/v2\/comments?post=7678"}],"version-history":[{"count":1,"href":"https:\/\/calleangosta.com\/ca\/wp-json\/wp\/v2\/posts\/7678\/revisions"}],"predecessor-version":[{"id":7680,"href":"https:\/\/calleangosta.com\/ca\/wp-json\/wp\/v2\/posts\/7678\/revisions\/7680"}],"wp:featuredmedia":[{"embeddable":true,"href":"https:\/\/calleangosta.com\/ca\/wp-json\/wp\/v2\/media\/7679"}],"wp:attachment":[{"href":"https:\/\/calleangosta.com\/ca\/wp-json\/wp\/v2\/media?parent=7678"}],"wp:term":[{"taxonomy":"category","embeddable":true,"href":"https:\/\/calleangosta.com\/ca\/wp-json\/wp\/v2\/categories?post=7678"},{"taxonomy":"post_tag","embeddable":true,"href":"https:\/\/calleangosta.com\/ca\/wp-json\/wp\/v2\/tags?post=7678"}],"curies":[{"name":"wp","href":"https:\/\/api.w.org\/{rel}","templated":true}]}}