{"id":7683,"date":"2025-01-08T01:04:59","date_gmt":"2025-01-08T04:04:59","guid":{"rendered":"https:\/\/calleangosta.com\/ca\/?p=7683"},"modified":"2025-01-08T01:06:20","modified_gmt":"2025-01-08T04:06:20","slug":"san-luis-se-prepara-para-las-elecciones-2025-detalles-del-calendario-electoral","status":"publish","type":"post","link":"https:\/\/calleangosta.com\/ca\/san-luis-se-prepara-para-las-elecciones-2025-detalles-del-calendario-electoral\/","title":{"rendered":"San Luis se Prepara para las Elecciones 2025: Detalles del Calendario Electoral"},"content":{"rendered":"\n<p>San Luis se alista para un nuevo a\u00f1o electoral crucial en 2025. Seg\u00fan el calendario oficial proporcionado por la Secretar\u00eda de Asuntos Institucionales y Enlace Parlamentario, el cronograma est\u00e1 enmarcado en las leyes provinciales XI-345-2004 y XI-1149-2024, y establece hitos claves desde la convocatoria hasta la proclamaci\u00f3n de autoridades electas.<\/p>\n\n\n\n<h4 class=\"wp-block-heading\"><strong>Fechas Claves<\/strong><\/h4>\n\n\n\n<ul class=\"wp-block-list\">\n<li><strong>Convocatoria a Elecciones Generales:<\/strong> 120 d\u00edas antes del 11 de mayo, d\u00eda fijado para las elecciones.<\/li>\n\n\n\n<li><strong>Constituci\u00f3n del Tribunal Electoral Provincial:<\/strong> 3 de febrero de 2025.<\/li>\n\n\n\n<li><strong>Presentaci\u00f3n de Alianzas y Listas de Candidatos:<\/strong> Hasta el 12 y 22 de marzo respectivamente.<\/li>\n\n\n\n<li><strong>Inicio de la Campa\u00f1a:<\/strong> 11 de abril, con la inclusi\u00f3n de medios audiovisuales a partir del 21 del mismo mes.<\/li>\n\n\n\n<li><strong>Prohibiciones y Veda Electoral:<\/strong> Desde el 3 de mayo, quedar\u00e1n restringidas las publicaciones de encuestas, actos de gobierno y propaganda oficial, concluyendo con el inicio de la veda 48 horas antes del comicio.<\/li>\n<\/ul>\n\n\n\n<h4 class=\"wp-block-heading\"><strong>El D\u00eda de las Elecciones<\/strong><\/h4>\n\n\n\n<p>El 11 de mayo, los ciudadanos acudir\u00e1n a las urnas para decidir el futuro pol\u00edtico de la provincia. Los resultados definitivos comenzar\u00e1n a procesarse el 13 de mayo y las nuevas autoridades ser\u00e1n proclamadas a m\u00e1s tardar el 21 de mayo.<\/p>\n\n\n\n<p>El calendario refuerza la importancia de la organizaci\u00f3n y el cumplimiento de normativas para garantizar elecciones transparentes y democr\u00e1ticas. La Justicia Electoral ser\u00e1 responsable de oficializar el cronograma y supervisar el proceso.<\/p>\n\n\n\n<p>Esta hoja de ruta no solo marca el pulso de la pol\u00edtica provincial, sino que tambi\u00e9n establece un recordatorio para los partidos pol\u00edticos y la ciudadan\u00eda sobre sus derechos y responsabilidades en este proceso democr\u00e1tico.<\/p>\n\n\n\n<h3 class=\"wp-block-heading\"><strong>Elecciones Provinciales y Municipales 2025: Qu\u00e9 se Elige en San Luis<\/strong><\/h3>\n\n\n\n<p>El pr\u00f3ximo 11 de mayo de 2025, los ciudadanos de San Luis participar\u00e1n en elecciones generales para renovar importantes cargos provinciales y municipales. Este proceso electoral definir\u00e1 el rumbo pol\u00edtico de la provincia y las comunas para los pr\u00f3ximos a\u00f1os.<\/p>\n\n\n\n<h4 class=\"wp-block-heading\"><strong>A Nivel Provincial<\/strong><\/h4>\n\n\n\n<p>Se renovar\u00e1:<\/p>\n\n\n\n<ul class=\"wp-block-list\">\n<li><strong>La mitad de las c\u00e1maras legislativas provinciales:<\/strong>\n<ul class=\"wp-block-list\">\n<li><strong>Senadores Provinciales:<\/strong> En los departamentos Belgrano, San Mart\u00edn, Ayacucho y Pedernera, se elegir\u00e1 un senador titular y uno suplente por cada uno.<\/li>\n\n\n\n<li><strong>Diputados Provinciales:<\/strong> Se elegir\u00e1n 22 titulares y 22 suplentes, distribuidos de la siguiente manera:\n<ul class=\"wp-block-list\">\n<li>Departamento Pueyrred\u00f3n: 10<\/li>\n\n\n\n<li>Dupuy: 3<\/li>\n\n\n\n<li>Pringles: 3<\/li>\n\n\n\n<li>Jun\u00edn: 3<\/li>\n\n\n\n<li>Belgrano: 3<\/li>\n<\/ul>\n<\/li>\n<\/ul>\n<\/li>\n<\/ul>\n\n\n\n<h4 class=\"wp-block-heading\"><strong>A Nivel Municipal<\/strong><\/h4>\n\n\n\n<p>El Gobierno provincial invit\u00f3 a las municipalidades a unificar sus elecciones con las provinciales, logrando una mayor participaci\u00f3n y eficiencia log\u00edstica. Los cargos en disputa incluyen:<\/p>\n\n\n\n<ul class=\"wp-block-list\">\n<li><strong>Intendencias:<\/strong> Renovaci\u00f3n en localidades como Juana Koslay, Potrero de los Funes, Uni\u00f3n, Naschel, Luj\u00e1n y Los Manantiales. Adem\u00e1s, Beazley, La Calera, Nogol\u00ed y Renca elegir\u00e1n intendentes comisionados.<\/li>\n\n\n\n<li><strong>Concejos Deliberantes:<\/strong> Se renovar\u00e1n parcialmente en distintas ciudades y localidades. Algunos ejemplos son:\n<ul class=\"wp-block-list\">\n<li>San Luis: 7 concejales<\/li>\n\n\n\n<li>Villa Mercedes: 6 concejales<\/li>\n\n\n\n<li>Juana Koslay: 2 concejales<\/li>\n\n\n\n<li>La Punta: 5 concejales<\/li>\n\n\n\n<li>Merlo: 5 concejales<\/li>\n\n\n\n<li>Tilisarao, Naschel, Quines, San Francisco y Santa Rosa del Conlara: 3 concejales cada uno.<\/li>\n<\/ul>\n<\/li>\n<\/ul>\n\n\n\n<h4 class=\"wp-block-heading\"><strong>La Relevancia del 11 de Mayo<\/strong><\/h4>\n\n\n\n<p>El proceso electoral no solo renovar\u00e1 liderazgos locales y provinciales, sino que tambi\u00e9n definir\u00e1 pol\u00edticas clave para el desarrollo de San Luis. Con una participaci\u00f3n prevista en toda la provincia, estas elecciones marcar\u00e1n un punto de inflexi\u00f3n en la vida pol\u00edtica de los ciudadanos.<\/p>\n\n\n\n<p>El compromiso c\u00edvico ser\u00e1 esencial para garantizar un proceso transparente y democr\u00e1tico, consolidando as\u00ed la representaci\u00f3n y gobernanza en todos los niveles del territorio puntano.<\/p>\n\n\n\n<p>El proceso electoral en San Luis para 2025 no solo estar\u00e1 marcado por la renovaci\u00f3n de autoridades, sino tambi\u00e9n por un cambio significativo en la manera de votar. Por primera vez, se implementar\u00e1 la <strong>Boleta \u00danica Papel (BUP)<\/strong>, dejando atr\u00e1s el tradicional sistema de boleta s\u00e1bana que caracteriz\u00f3 a las elecciones anteriores.<\/p>\n\n\n\n<h4 class=\"wp-block-heading\"><strong>\u00bfQu\u00e9 es la Boleta \u00danica Papel (BUP)?<\/strong><\/h4>\n\n\n\n<p>La BUP consiste en una \u00fanica papeleta donde estar\u00e1n listados todos los candidatos y partidos pol\u00edticos que compiten en los comicios. Esto implica:<\/p>\n\n\n\n<ul class=\"wp-block-list\">\n<li>Mayor claridad para los votantes al visualizar todas las opciones en un solo documento.<\/li>\n\n\n\n<li>La posibilidad de seleccionar candidatos de diferentes fuerzas pol\u00edticas por categor\u00eda de cargo, promoviendo un voto m\u00e1s personalizado.<\/li>\n\n\n\n<li>La opci\u00f3n de votar por todos los candidatos de una misma fuerza pol\u00edtica, similar al sistema anterior.<\/li>\n<\/ul>\n\n\n\n<p>Este cambio busca combatir problemas como la desaparici\u00f3n de boletas en los lugares de votaci\u00f3n y reducir los costos de impresi\u00f3n. Sin embargo, supone un desaf\u00edo en t\u00e9rminos de educaci\u00f3n c\u00edvica, ya que los ciudadanos deber\u00e1n familiarizarse con el nuevo mecanismo antes de emitir su voto.<\/p>\n\n\n\n<h4 class=\"wp-block-heading\"><strong>Cargos en Disputa<\/strong><\/h4>\n\n\n\n<p>El pr\u00f3ximo 11 de mayo, San Luis elegir\u00e1:<\/p>\n\n\n\n<ul class=\"wp-block-list\">\n<li><strong>22 diputados provinciales titulares y 22 suplentes<\/strong>, distribuidos en los departamentos Pueyrred\u00f3n, Dupuy, Pringles, Jun\u00edn y Belgrano.<\/li>\n\n\n\n<li><strong>4 senadores provinciales titulares y suplentes<\/strong> en los departamentos Ayacucho, Belgrano, General Pedernera y Libertador General San Mart\u00edn.<\/li>\n\n\n\n<li><strong>Intendentes y comisionados municipales<\/strong> en localidades como Juana Koslay, Potrero de los Funes, Uni\u00f3n, Naschel, y Beazley, entre otras.<\/li>\n\n\n\n<li><strong>Concejales titulares y suplentes<\/strong> en ciudades como San Luis (7), Villa Mercedes (6), Juana Koslay (2), y Merlo (5), entre muchas otras.<\/li>\n<\/ul>\n\n\n\n<h4 class=\"wp-block-heading\"><strong>Educaci\u00f3n C\u00edvica y Adaptaci\u00f3n<\/strong><\/h4>\n\n\n\n<p>La implementaci\u00f3n de la BUP exigir\u00e1 un esfuerzo conjunto entre el Gobierno y las instituciones para informar a la ciudadan\u00eda sobre c\u00f3mo utilizar este nuevo sistema. Se espera una campa\u00f1a de difusi\u00f3n en las pr\u00f3ximas semanas para garantizar que los electores comprendan las nuevas reglas del juego democr\u00e1tico.<\/p>\n\n\n\n<p>Este cambio, junto con la renovaci\u00f3n de un amplio n\u00famero de cargos, convierte a las elecciones 2025 en un hito para San Luis, marcando el inicio de una nueva era electoral en la provincia.<\/p>\n\n\n\n<h3 class=\"wp-block-heading\"><strong>Ya no habr\u00e1 boleta s\u00e1bana<\/strong><\/h3>\n\n\n\n<p><strong>Lo interesante de estas elecciones, por otro lado, es que por primera vez se aplicar\u00e1 un nuevo sistema electoral: la\u00a0Boleta \u00danica Papel\u00a0(BUP). Es decir, los diferentes partidos no tendr\u00e1n su propia boleta, con la impresi\u00f3n de sus candidatos, sino que estar\u00e1n todos incorporados en una misma papeleta. Se termina la llamada\u00a0boleta s\u00e1bana, de cada partido, que permit\u00eda el elector colocarla completa en la urna, apoyando a los candidatos de una misma fuerza.<\/strong><\/p>\n\n\n\n<p>El gobierno, seguramente, deber\u00e1 iniciar en las pr\u00f3ximas semanas una campa\u00f1a de difusi\u00f3n para informar y ense\u00f1ar a votar bajo este nuevo sistema. Por de pronto, la BUP tambi\u00e9n ofrece la opci\u00f3n de votar todos los candidatos de una misma fuerza pol\u00edtica, pero tambi\u00e9n permite hacerlo en forma individual, votando postulantes por categor\u00eda de cargos, de diferentes fuerzas pol\u00edticas.<\/p>\n\n\n\n<h3 class=\"wp-block-heading\"><strong>Los cargos y nombres en disputa<\/strong><\/h3>\n\n\n\n<p>En los pr\u00f3ximos comicios se elegir\u00e1n un total de 22 diputados provinciales y 4 senadores departamentales, pero tambi\u00e9n concejales e intendentes y comisionados.<\/p>\n\n\n\n<p>A continuaci\u00f3n, se ofrece el listado completo de autoridades que concluyen su mandato el 10 de diciembre, cuyos cargos est\u00e1n en disputa en las elecciones del 11 de mayo, seg\u00fan cargos, departamentos y localidades:<\/p>\n\n\n\n<h3 class=\"wp-block-heading\">SENADORES DEPARTAMENTALES<\/h3>\n\n\n\n<p><strong>Departamento Ayacucho:&nbsp;<\/strong>Garc\u00eda, Diego Nelson \u2013 Partido Justicialista<\/p>\n\n\n\n<p><strong>Departamento Belgrano:&nbsp;<\/strong>Garc\u00eda, Juan Carlos \u2013 Partido Justicialista<\/p>\n\n\n\n<p><strong>Departamento General Pedernera:&nbsp;<\/strong>Castro Luna, Adolfo \u2013 Cambia San Luis<\/p>\n\n\n\n<p><strong>Departamento Libertador General San Mart\u00edn:&nbsp;<\/strong>Cruz, Mariana \u2013 Partido Justicialista<\/p>\n\n\n\n<h3 class=\"wp-block-heading\">DIPUTADOS PROVINCIALES<\/h3>\n\n\n\n<p><strong>Departamento Belgrano<\/strong><\/p>\n\n\n\n<p>1. Albornoz, Nancy del Valle<\/p>\n\n\n\n<p>2. Leyes, Ram\u00f3n Alberto<\/p>\n\n\n\n<p>3. Pinelli, Claudia Mariela<\/p>\n\n\n\n<h3 class=\"wp-block-heading\"><strong>Departamento Coronel Pringles<\/strong><\/h3>\n\n\n\n<p>1. Blumencweig, Ingrid Rosa<\/p>\n\n\n\n<p>2. Gosteli, Mar\u00eda del Carmen<\/p>\n\n\n\n<p>3. Paez Logioia, Marcelo Horacio<\/p>\n\n\n\n<h3 class=\"wp-block-heading\"><strong>Departamento Gobernador Dupuy<\/strong><\/h3>\n\n\n\n<p>1. Altamiranda, Carlos Oscar<\/p>\n\n\n\n<p>2. Dassa, Claudia Rosanna<\/p>\n\n\n\n<p>3. Mu\u00f1oz, Graciela<\/p>\n\n\n\n<h3 class=\"wp-block-heading\"><strong>Departamento Juan Mart\u00edn de Pueyrred\u00f3n<\/strong><\/h3>\n\n\n\n<p>1. Berardo, Federico<\/p>\n\n\n\n<p>2. Chiatti, Mauro Antonio<\/p>\n\n\n\n<p>3. Delarco, Sonia Edith<\/p>\n\n\n\n<p>4. Farias, Humberto Ariel<\/p>\n\n\n\n<p>5. Gallardo, Mar\u00eda Eugenia<\/p>\n\n\n\n<p>6. Patafio, Marisa Noem\u00ed<\/p>\n\n\n\n<p>7. Perano, Luciana Mar\u00eda<\/p>\n\n\n\n<p>8. Pereira, Carlos Roberto<\/p>\n\n\n\n<p>9. Sosa Araujo, Silvia<\/p>\n\n\n\n<p>10. Spinuzza, Mar\u00eda Fernanda<\/p>\n\n\n\n<h3 class=\"wp-block-heading\"><strong>Departamento Jun\u00edn<\/strong><\/h3>\n\n\n\n<p>1. Mancilla, Mar\u00eda Gabriela<\/p>\n\n\n\n<p>2. Mu\u00f1oz, Carlos Transito<\/p>\n\n\n\n<p>3. Petrino, Gloria Isabel<\/p>\n\n\n\n<h3 class=\"wp-block-heading\"><strong>INTENDENTES<\/strong><\/h3>\n\n\n\n<p><strong>Departamento Ayacucho<\/strong><\/p>\n\n\n\n<p><strong>Luj\u00e1n.<\/strong>&nbsp;Intendente Municipal: L\u00f3pez, Pablo Oscar<\/p>\n\n\n\n<p><strong>Departamento Belgrano<\/strong><\/p>\n\n\n\n<p><strong>Nogol\u00ed.<\/strong>&nbsp;Int. Comisionado Municipal: Funes, Mercedes Ram\u00f3n<\/p>\n\n\n\n<p><strong>Los Manantiales.<\/strong>&nbsp;Intendente Municipal: Salinas, Alejandra Carolina<\/p>\n\n\n\n<p><strong>La Calera.<\/strong>&nbsp;Int. Comisionado Municipal: Lorenzetti, Diego Hern\u00e1n<\/p>\n\n\n\n<h3 class=\"wp-block-heading\"><strong>Departamento Chacabuco<\/strong><\/h3>\n\n\n\n<p><strong>Naschel.<\/strong>&nbsp;Intendente Municipal: Kuhn, Valeria Ver\u00f3nica<\/p>\n\n\n\n<p><strong>Renca.<\/strong>&nbsp;Int. Comisionado Municipal: Peralta, Romina Jes\u00fas<\/p>\n\n\n\n<h3 class=\"wp-block-heading\"><strong>Departamento Dupuy<\/strong><\/h3>\n\n\n\n<p><strong>Uni\u00f3n.<\/strong>&nbsp;Intendente Municipal: Esp\u00f3sito, Marcos Gabriel<\/p>\n\n\n\n<h3 class=\"wp-block-heading\"><strong>Departamento Juan Mart\u00edn de Pueyrred\u00f3n<\/strong><\/h3>\n\n\n\n<p><strong>Beazley.<\/strong>&nbsp;Int. Comisionado Municipal: Gonz\u00e1lez, Nelson Ezequiel<\/p>\n\n\n\n<p><strong>Potrero de los Funes.<\/strong>&nbsp;Intendente Municipal: G\u00f3mez, Jonathan Dami\u00e1n<\/p>\n\n\n\n<p><strong>Juana Koslay.<\/strong>&nbsp;Intendente Municipal: Videla, Jorge Donato Pedro<\/p>\n\n\n\n<h3 class=\"wp-block-heading\">CONCEJALES<\/h3>\n\n\n\n<h3 class=\"wp-block-heading\"><strong>Departamento Ayacucho<\/strong><\/h3>\n\n\n\n<h3 class=\"wp-block-heading\"><strong>Candelaria<\/strong><\/h3>\n\n\n\n<p>1. Casas, Mar\u00eda Gabriela \u2013 Fuerza San Luis \u2013 Presidente del HCD<\/p>\n\n\n\n<p>2. Llanos, Teresita Mabel \u2013 Unidos por San Luis<\/p>\n\n\n\n<h3 class=\"wp-block-heading\"><strong>Luj\u00e1n<\/strong><\/h3>\n\n\n\n<p>1. Valdez Pedernera, Jorge Alberto \u2013 Fuerza San Luis \u2013 Presidente del HCD<\/p>\n\n\n\n<p>2. Rosales, Xiomara Yanela \u2013 Frente Nuevo<\/p>\n\n\n\n<h3 class=\"wp-block-heading\"><strong>Quines<\/strong><\/h3>\n\n\n\n<p>1. Alcaraz, Gustavo Ariel \u2013 Unidos por San Luis \u2013 Presidente del HCD<\/p>\n\n\n\n<p>2. Astudillo, Ricardo \u2013 Fuerza San Luis<\/p>\n\n\n\n<p>3. Marin, Ramona Angelina \u2013 Fuerza San Luis.<\/p>\n\n\n\n<h3 class=\"wp-block-heading\"><strong>San Francisco del Monte de Oro<\/strong><\/h3>\n\n\n\n<p>1. Contreras, Jorge Daniel \u2013 Movimiento de Integraci\u00f3n y Desarrollo \u2013 Presidente del HCD<\/p>\n\n\n\n<p>2. Garc\u00eda, Jorge Eduardo \u2013 Fuerza San Luis \u2013 Vicepresidente del HCD<\/p>\n\n\n\n<p>3. Olgui Gui\u00f1az\u00fa, Tania Karen del Milagro \u2013 Movimiento de Integraci\u00f3n y Desarrollo<\/p>\n\n\n\n<h3 class=\"wp-block-heading\"><strong>Departamento Belgrano<\/strong><\/h3>\n\n\n\n<h3 class=\"wp-block-heading\"><strong>Los Manantiales<\/strong><\/h3>\n\n\n\n<p>1. Mu\u00f1oz, Marcela Elizabeth \u2013 Fuerza San Luis \u2013 Presidente del HCD<\/p>\n\n\n\n<p>2. Amaya Albornoz, Luciano Nahuel \u2013 Fuerza San Luis<\/p>\n\n\n\n<h3 class=\"wp-block-heading\"><strong>Departamento Chacabuco<\/strong><\/h3>\n\n\n\n<h3 class=\"wp-block-heading\"><strong>Concar\u00e1n<\/strong><\/h3>\n\n\n\n<p>1. Sergiani, Matias \u2013 Movimiento Revoluci\u00f3n Chacabuco \u2013 Presidente del HCD<\/p>\n\n\n\n<p>2. Garavaglia Jofe, Carlos Jose \u2013 Fuerzas San Luis<\/p>\n\n\n\n<p>3. Gonzales, Luis Patricio \u2013 Unidos por San Luis<\/p>\n\n\n\n<h3 class=\"wp-block-heading\"><strong>Naschel<\/strong><\/h3>\n\n\n\n<p>1. Rivero Arzac, Yanina \u2013 Fuerzas San Luis \u2013 Presidente del HCD<\/p>\n\n\n\n<p>2. Bertola, Marcos Miguel \u2013 Movipro<\/p>\n\n\n\n<h3 class=\"wp-block-heading\"><strong>Tilisarao<\/strong><\/h3>\n\n\n\n<p>1. Rosa, Ram\u00f3n Alejandro \u2013 Fuerza San Luis \u2013 Presidente del HCD<\/p>\n\n\n\n<p>2. Ponce, Silvia Anah\u00ed \u2013 Fuerza San Luis \u2013 Vicepresidente del HCD<\/p>\n\n\n\n<p>3. Sanmartino, Hugo Ezequiel \u2013 Juntos por el Cambio<\/p>\n\n\n\n<h3 class=\"wp-block-heading\"><strong>Departamento Coronel Pringles<\/strong><\/h3>\n\n\n\n<h3 class=\"wp-block-heading\"><strong>El Trapiche<\/strong><\/h3>\n\n\n\n<p>1. Ojeda, Estela Lucy \u2013 Fuerza San Luis<\/p>\n\n\n\n<p>2. Calder\u00f3n, Gladys Carolina \u2013 Unidos por San Luis<\/p>\n\n\n\n<h3 class=\"wp-block-heading\"><strong>La Toma<\/strong><\/h3>\n\n\n\n<p>1. Garoglio, Mayka Emmi \u2013 Fuerza San Luis \u2013 Vicepresidente del HCD (actualmente a cargo del Municipio)<\/p>\n\n\n\n<p>2. Quevedo, Mar\u00eda Cristina \u2013 Fuerza San Luis \u2013 Concejal (actualmente a cargo de la presidencia del HCD)<\/p>\n\n\n\n<p>3. Novillo, Ana Mar\u00eda \u2013 Unidos por San Luis<\/p>\n\n\n\n<h3 class=\"wp-block-heading\"><strong>Departamento General Pedernera<\/strong><\/h3>\n\n\n\n<h3 class=\"wp-block-heading\"><strong>Justo Daract<\/strong><\/h3>\n\n\n\n<p>1. Guardia, Patricio Emanuel \u2013 Fuerza San Luis<\/p>\n\n\n\n<p>2. Guerrero, Ram\u00f3n Ariel \u2013 Juntos por el Cambio<\/p>\n\n\n\n<p>3. Guinda, Dalma Ailen \u2013 Proyecto Clase Media<\/p>\n\n\n\n<p>4. Lucero, Claudia Alejandra \u2013 Fuerza San Luis<\/p>\n\n\n\n<p>5. Marchisio, Enzo Ivan \u2013 Unidos por San Luis<\/p>\n\n\n\n<h3 class=\"wp-block-heading\"><strong>Villa Mercedes<\/strong><\/h3>\n\n\n\n<p>1. Forgione Svoboda, Roberto Andres \u2013 Unidos por San Luis<\/p>\n\n\n\n<p>2. L\u00f3pez, Gabriela Del Carmen \u2013 Unidos por San Luis<\/p>\n\n\n\n<p>3. Lacerda Traversi, Luc\u00eda Vanesa \u2013 Fuerza San Luis<\/p>\n\n\n\n<p>4. Lucero, Virginia Soledad \u2013 fuerza San Luis<\/p>\n\n\n\n<p>5. Lucero, Cecilia Alejandra \u2013 Unidos por San Luis<\/p>\n\n\n\n<p>6. Mones Ruiz, Roberto Vicente \u2013 Fuerza San Luis<\/p>\n\n\n\n<h3 class=\"wp-block-heading\"><strong>Departamento Gobernador Dupuy<\/strong><\/h3>\n\n\n\n<h3 class=\"wp-block-heading\"><strong>Buena Esperanza<\/strong><\/h3>\n\n\n\n<p>1. Ferreyra Bosisio, Marilina \u2013 Fuerza San Luis \u2013 Presidente del HCD<\/p>\n\n\n\n<p>2. Prado, Diego Alberto \u2013 Fuerza San Luis \u2013 Vicepresidente del HCD<\/p>\n\n\n\n<h3 class=\"wp-block-heading\"><strong>Uni\u00f3n<\/strong><\/h3>\n\n\n\n<p>1. Panelo, Daniel \u2013 Juntos por el Cambio \u2013 Presidente del HCD<\/p>\n\n\n\n<p>2. Lucero, Edgardo Luciano \u2013 Fuerza San Luis<\/p>\n\n\n\n<h3 class=\"wp-block-heading\"><strong>Departamento Juan Mart\u00edn de Pueyrred\u00f3n<\/strong><\/h3>\n\n\n\n<h3 class=\"wp-block-heading\"><strong>El Volc\u00e1n<\/strong><\/h3>\n\n\n\n<p>1. Traverso, Carlos Alberto \u2013 Fuerza San Luis \u2013 Vicepresidente del HCD<\/p>\n\n\n\n<p>2. Boni, Graciela.<\/p>\n\n\n\n<h3 class=\"wp-block-heading\"><strong>Juana Koslay<\/strong><\/h3>\n\n\n\n<p>1. Gomez, Mar\u00eda Jos\u00e9 \u2013 Fuerza San Luis \u2013 Presidente del HCD<\/p>\n\n\n\n<p>2. Amaya Guevara, Marta Raquel \u2013 Unidos por San Luis<\/p>\n\n\n\n<h3 class=\"wp-block-heading\"><strong>La Punta<\/strong><\/h3>\n\n\n\n<p>1. Gil, Mario Jos\u00e9 \u2013 Unidos por San Luis \u2013 Presidente del HCD<\/p>\n\n\n\n<p>2. Roldan, Roc\u00edo Muriel \u2013 Fuerza San Luis<\/p>\n\n\n\n<h3 class=\"wp-block-heading\"><strong>Potrero de los Funes<\/strong><\/h3>\n\n\n\n<p>1. Vallejo, Cristina Roxana \u2013 Unidos por San Luis \u2013 Vicepresidente del HCD<\/p>\n\n\n\n<p>2. Arrascaeta Aranzazu, Guadalupe Bel\u00e9n \u2013 Fuerza San Luis<\/p>\n\n\n\n<h3 class=\"wp-block-heading\"><strong>San Luis<\/strong><\/h3>\n\n\n\n<p>1. Arancibia Rodr\u00edguez, Agustina \u2013 Unidos por San Luis \u2013 Presidente del HCD<\/p>\n\n\n\n<p>2. Alesso, Mauro Exequiel \u2013 Unidos por San Luis<\/p>\n\n\n\n<p>3. Calder\u00f3n, Paulina \u2013 Fuerza San Luis<\/p>\n\n\n\n<p>4. Cordido, Alejandro \u2013 Fuerza San Luis<\/p>\n\n\n\n<p>5. Divizia, Juan Mart\u00edn \u2013 Fuerza San Luis<\/p>\n\n\n\n<p>6. Mercado, Mar\u00eda del Carmen \u2013 Unidos por San Luis<\/p>\n\n\n\n<h3 class=\"wp-block-heading\"><strong>Departamento Jun\u00edn<\/strong><\/h3>\n\n\n\n<h3 class=\"wp-block-heading\"><strong>Carpinter\u00eda<\/strong><\/h3>\n\n\n\n<p>1. Nu\u00f1ez, Zabala Walter \u2013 Fuerza San Luis<\/p>\n\n\n\n<p>2. Quiroga, Brenda Eva \u2013 Fuerza San Luis<\/p>\n\n\n\n<h3 class=\"wp-block-heading\"><strong>Merlo<\/strong><\/h3>\n\n\n\n<p>1. Ventura, \u00c1ngela Ester \u2013 Unidos por San Luis \u2013 Vicepresidente del HCD<\/p>\n\n\n\n<p>2. Cornejo, Jorge Omar \u2013 Unidos por San Luis<\/p>\n\n\n\n<p>3. Cuello, Ezequiel Alberto \u2013 Juntos por el Cambio<\/p>\n\n\n\n<p>4. Fonseca, Gast\u00f3n \u2013 Unidad Justicialista<\/p>\n\n\n\n<p>5. Morales, Mar\u00eda Virginia \u2013 Unidad Justicialista<\/p>\n\n\n\n<h3 class=\"wp-block-heading\"><strong>Santa Rosa del Conlara<\/strong><\/h3>\n\n\n\n<p>1. Luna, Josefina Esther \u2013 Fuerza San Luis \u2013 Vicepresidente del HCD<\/p>\n\n\n\n<p>2. Leanza, Paula Andrea \u2013 Frente Nuevo<\/p>\n\n\n\n<p>3. Mora, Jos\u00e9 Luis \u2013 Fuerza San Luis<\/p>\n\n\n\n<h3 class=\"wp-block-heading\"><strong>Departamento Libertador General San Mart\u00edn<\/strong><\/h3>\n\n\n\n<h3 class=\"wp-block-heading\"><strong>San Martin<\/strong><\/h3>\n\n\n\n<p>1. Tobares, Fidela Soledad \u2013 Fuerzas San Luis \u2013 Presidente del HCD<\/p>\n\n\n\n<p>2. Zavala, Ra\u00fal Nazareno \u2013 Fuerza San Luis<\/p>\n\n\n\n<p><\/p>\n","protected":false},"excerpt":{"rendered":"<p>San Luis se alista para un nuevo a\u00f1o electoral crucial en 2025. Seg\u00fan el calendario oficial proporcionado por la Secretar\u00eda de Asuntos Institucionales y Enlace Parlamentario, el cronograma est\u00e1 enmarcado en las leyes provinciales XI-345-2004 y XI-1149-2024, y establece hitos claves desde la convocatoria hasta la proclamaci\u00f3n de autoridades electas. Fechas Claves Convocatoria a Elecciones &hellip;<\/p>\n","protected":false},"author":2,"featured_media":7684,"comment_status":"open","ping_status":"open","sticky":false,"template":"","format":"standard","meta":{"advanced_seo_description":"","jetpack_seo_html_title":"","jetpack_seo_noindex":false,"_jetpack_memberships_contains_paid_content":false,"footnotes":"","jetpack_publicize_message":"","jetpack_publicize_feature_enabled":true,"jetpack_social_post_already_shared":false,"jetpack_social_options":{"image_generator_settings":{"template":"highway","default_image_id":0,"font":"","enabled":false},"version":2}},"categories":[32],"tags":[],"class_list":["post-7683","post","type-post","status-publish","format-standard","has-post-thumbnail","hentry","category-san-luis"],"jetpack_publicize_connections":[],"jetpack_featured_media_url":"https:\/\/i0.wp.com\/calleangosta.com\/ca\/wp-content\/uploads\/2025\/01\/733685-11-06-2023-san-luis-comienza-su-jornada.jpg?fit=960%2C540&ssl=1","jetpack_sharing_enabled":true,"_links":{"self":[{"href":"https:\/\/calleangosta.com\/ca\/wp-json\/wp\/v2\/posts\/7683","targetHints":{"allow":["GET"]}}],"collection":[{"href":"https:\/\/calleangosta.com\/ca\/wp-json\/wp\/v2\/posts"}],"about":[{"href":"https:\/\/calleangosta.com\/ca\/wp-json\/wp\/v2\/types\/post"}],"author":[{"embeddable":true,"href":"https:\/\/calleangosta.com\/ca\/wp-json\/wp\/v2\/users\/2"}],"replies":[{"embeddable":true,"href":"https:\/\/calleangosta.com\/ca\/wp-json\/wp\/v2\/comments?post=7683"}],"version-history":[{"count":1,"href":"https:\/\/calleangosta.com\/ca\/wp-json\/wp\/v2\/posts\/7683\/revisions"}],"predecessor-version":[{"id":7685,"href":"https:\/\/calleangosta.com\/ca\/wp-json\/wp\/v2\/posts\/7683\/revisions\/7685"}],"wp:featuredmedia":[{"embeddable":true,"href":"https:\/\/calleangosta.com\/ca\/wp-json\/wp\/v2\/media\/7684"}],"wp:attachment":[{"href":"https:\/\/calleangosta.com\/ca\/wp-json\/wp\/v2\/media?parent=7683"}],"wp:term":[{"taxonomy":"category","embeddable":true,"href":"https:\/\/calleangosta.com\/ca\/wp-json\/wp\/v2\/categories?post=7683"},{"taxonomy":"post_tag","embeddable":true,"href":"https:\/\/calleangosta.com\/ca\/wp-json\/wp\/v2\/tags?post=7683"}],"curies":[{"name":"wp","href":"https:\/\/api.w.org\/{rel}","templated":true}]}}