{"id":7701,"date":"2025-01-09T14:15:27","date_gmt":"2025-01-09T17:15:27","guid":{"rendered":"https:\/\/calleangosta.com\/ca\/?p=7701"},"modified":"2025-01-09T14:15:28","modified_gmt":"2025-01-09T17:15:28","slug":"la-municipalidad-de-union-se-suma-a-las-elecciones-provinciales-del-11-de-mayo","status":"publish","type":"post","link":"https:\/\/calleangosta.com\/ca\/la-municipalidad-de-union-se-suma-a-las-elecciones-provinciales-del-11-de-mayo\/","title":{"rendered":"La Municipalidad de Uni\u00f3n se suma a las elecciones provinciales del 11 de mayo"},"content":{"rendered":"\n<p>Mediante el Decreto N\u00b0001-IMU-2025, el Intendente de Uni\u00f3n, Marcos Gabriel Esposito, confirm\u00f3 la adhesi\u00f3n de la localidad a la convocatoria del Gobierno de San Luis para las elecciones provinciales del pr\u00f3ximo 11 de mayo.<\/p>\n\n\n\n<p>En esta jornada, los ciudadanos de Uni\u00f3n estar\u00e1n llamados a las urnas para elegir al pr\u00f3ximo Intendente, quien asumir\u00e1 la gesti\u00f3n municipal para el per\u00edodo 2025-2029. Adem\u00e1s, se renovar\u00e1n dos concejales titulares y dos suplentes, completando la representaci\u00f3n legislativa en el \u00e1mbito municipal.<\/p>\n\n\n\n<p>Esta decisi\u00f3n garantiza la alineaci\u00f3n de las elecciones locales con el cronograma electoral provincial, facilitando la participaci\u00f3n ciudadana y optimizando los recursos destinados a la organizaci\u00f3n del acto democr\u00e1tico.<\/p>\n","protected":false},"excerpt":{"rendered":"<p>Mediante el Decreto N\u00b0001-IMU-2025, el Intendente de Uni\u00f3n, Marcos Gabriel Esposito, confirm\u00f3 la adhesi\u00f3n de la localidad a la convocatoria del Gobierno de San Luis para las elecciones provinciales del pr\u00f3ximo 11 de mayo. En esta jornada, los ciudadanos de Uni\u00f3n estar\u00e1n llamados a las urnas para elegir al pr\u00f3ximo Intendente, quien asumir\u00e1 la gesti\u00f3n &hellip;<\/p>\n","protected":false},"author":13,"featured_media":7702,"comment_status":"open","ping_status":"open","sticky":false,"template":"","format":"standard","meta":{"advanced_seo_description":"","jetpack_seo_html_title":"","jetpack_seo_noindex":false,"_jetpack_memberships_contains_paid_content":false,"footnotes":"","jetpack_publicize_message":"","jetpack_publicize_feature_enabled":true,"jetpack_social_post_already_shared":false,"jetpack_social_options":{"image_generator_settings":{"template":"highway","default_image_id":0,"font":"","enabled":false},"version":2}},"categories":[32],"tags":[],"class_list":["post-7701","post","type-post","status-publish","format-standard","has-post-thumbnail","hentry","category-san-luis"],"jetpack_publicize_connections":[],"jetpack_featured_media_url":"https:\/\/i0.wp.com\/calleangosta.com\/ca\/wp-content\/uploads\/2025\/01\/1636937288224.jpg?fit=1200%2C630&ssl=1","jetpack_sharing_enabled":true,"_links":{"self":[{"href":"https:\/\/calleangosta.com\/ca\/wp-json\/wp\/v2\/posts\/7701","targetHints":{"allow":["GET"]}}],"collection":[{"href":"https:\/\/calleangosta.com\/ca\/wp-json\/wp\/v2\/posts"}],"about":[{"href":"https:\/\/calleangosta.com\/ca\/wp-json\/wp\/v2\/types\/post"}],"author":[{"embeddable":true,"href":"https:\/\/calleangosta.com\/ca\/wp-json\/wp\/v2\/users\/13"}],"replies":[{"embeddable":true,"href":"https:\/\/calleangosta.com\/ca\/wp-json\/wp\/v2\/comments?post=7701"}],"version-history":[{"count":1,"href":"https:\/\/calleangosta.com\/ca\/wp-json\/wp\/v2\/posts\/7701\/revisions"}],"predecessor-version":[{"id":7703,"href":"https:\/\/calleangosta.com\/ca\/wp-json\/wp\/v2\/posts\/7701\/revisions\/7703"}],"wp:featuredmedia":[{"embeddable":true,"href":"https:\/\/calleangosta.com\/ca\/wp-json\/wp\/v2\/media\/7702"}],"wp:attachment":[{"href":"https:\/\/calleangosta.com\/ca\/wp-json\/wp\/v2\/media?parent=7701"}],"wp:term":[{"taxonomy":"category","embeddable":true,"href":"https:\/\/calleangosta.com\/ca\/wp-json\/wp\/v2\/categories?post=7701"},{"taxonomy":"post_tag","embeddable":true,"href":"https:\/\/calleangosta.com\/ca\/wp-json\/wp\/v2\/tags?post=7701"}],"curies":[{"name":"wp","href":"https:\/\/api.w.org\/{rel}","templated":true}]}}