{"id":7707,"date":"2025-01-09T14:54:26","date_gmt":"2025-01-09T17:54:26","guid":{"rendered":"https:\/\/calleangosta.com\/ca\/?p=7707"},"modified":"2025-01-09T14:54:27","modified_gmt":"2025-01-09T17:54:27","slug":"un-nino-de-9-anos-sufre-grave-accidente-tras-caer-de-un-caballo-en-alquiler","status":"publish","type":"post","link":"https:\/\/calleangosta.com\/ca\/un-nino-de-9-anos-sufre-grave-accidente-tras-caer-de-un-caballo-en-alquiler\/","title":{"rendered":"Un ni\u00f1o de 9 a\u00f1os sufre grave accidente tras caer de un caballo en alquiler"},"content":{"rendered":"\n<p>Un accidente en el circuito de Rinc\u00f3n del Este, en Villa de Merlo, encendi\u00f3 las alarmas este mi\u00e9rcoles por la tarde cuando un ni\u00f1o de 9 a\u00f1os, integrante de una familia de turistas, sufri\u00f3 una grave ca\u00edda de un caballo en alquiler.<\/p>\n\n\n\n<p>El menor present\u00f3 un traumatismo de cr\u00e1neo y otras lesiones de consideraci\u00f3n, lo que oblig\u00f3 a una intervenci\u00f3n inmediata de los servicios de emergencia. Bomberos Voluntarios de Merlo, personal del Sempro y efectivos policiales llegaron r\u00e1pidamente al lugar para brindar asistencia.<\/p>\n\n\n\n<p>Tras una primera evaluaci\u00f3n en el Hospital Madre Catalina Rodr\u00edguez, los m\u00e9dicos determinaron que el ni\u00f1o deb\u00eda ser trasladado de urgencia al Hospital Pedi\u00e1trico de San Luis, donde permanece internado en estado reservado.<\/p>\n\n\n\n<p>El hecho ha generado preocupaci\u00f3n en la comunidad local y entre los turistas que visitan el popular circuito. Hasta el momento, las autoridades no han esclarecido las circunstancias exactas del accidente ni las medidas de seguridad aplicadas durante la actividad.<\/p>\n\n\n\n<p>Este tipo de incidentes pone en debate la regulaci\u00f3n y control de las actividades ecuestres en destinos tur\u00edsticos, donde las experiencias recreativas deben garantizar la seguridad de los visitantes, especialmente de los ni\u00f1os.<\/p>\n\n\n\n<p>Las autoridades locales han prometido investigar lo sucedido para determinar responsabilidades y, en caso de ser necesario, implementar nuevas normativas que refuercen la seguridad en este tipo de actividades.<\/p>\n\n\n\n<p>Mientras tanto, la familia del menor atraviesa momentos de incertidumbre y espera noticias alentadoras sobre su recuperaci\u00f3n.<\/p>\n","protected":false},"excerpt":{"rendered":"<p>Un accidente en el circuito de Rinc\u00f3n del Este, en Villa de Merlo, encendi\u00f3 las alarmas este mi\u00e9rcoles por la tarde cuando un ni\u00f1o de 9 a\u00f1os, integrante de una familia de turistas, sufri\u00f3 una grave ca\u00edda de un caballo en alquiler. El menor present\u00f3 un traumatismo de cr\u00e1neo y otras lesiones de consideraci\u00f3n, lo &hellip;<\/p>\n","protected":false},"author":13,"featured_media":7708,"comment_status":"open","ping_status":"open","sticky":false,"template":"","format":"standard","meta":{"advanced_seo_description":"","jetpack_seo_html_title":"","jetpack_seo_noindex":false,"_jetpack_memberships_contains_paid_content":false,"footnotes":"","jetpack_publicize_message":"","jetpack_publicize_feature_enabled":true,"jetpack_social_post_already_shared":false,"jetpack_social_options":{"image_generator_settings":{"template":"highway","default_image_id":0,"font":"","enabled":false},"version":2}},"categories":[32],"tags":[],"class_list":["post-7707","post","type-post","status-publish","format-standard","has-post-thumbnail","hentry","category-san-luis"],"jetpack_publicize_connections":[],"jetpack_featured_media_url":"https:\/\/i0.wp.com\/calleangosta.com\/ca\/wp-content\/uploads\/2025\/01\/WhatsApp-Image-2025-01-09-at-14.51.32.jpeg?fit=648%2C364&ssl=1","jetpack_sharing_enabled":true,"_links":{"self":[{"href":"https:\/\/calleangosta.com\/ca\/wp-json\/wp\/v2\/posts\/7707","targetHints":{"allow":["GET"]}}],"collection":[{"href":"https:\/\/calleangosta.com\/ca\/wp-json\/wp\/v2\/posts"}],"about":[{"href":"https:\/\/calleangosta.com\/ca\/wp-json\/wp\/v2\/types\/post"}],"author":[{"embeddable":true,"href":"https:\/\/calleangosta.com\/ca\/wp-json\/wp\/v2\/users\/13"}],"replies":[{"embeddable":true,"href":"https:\/\/calleangosta.com\/ca\/wp-json\/wp\/v2\/comments?post=7707"}],"version-history":[{"count":1,"href":"https:\/\/calleangosta.com\/ca\/wp-json\/wp\/v2\/posts\/7707\/revisions"}],"predecessor-version":[{"id":7709,"href":"https:\/\/calleangosta.com\/ca\/wp-json\/wp\/v2\/posts\/7707\/revisions\/7709"}],"wp:featuredmedia":[{"embeddable":true,"href":"https:\/\/calleangosta.com\/ca\/wp-json\/wp\/v2\/media\/7708"}],"wp:attachment":[{"href":"https:\/\/calleangosta.com\/ca\/wp-json\/wp\/v2\/media?parent=7707"}],"wp:term":[{"taxonomy":"category","embeddable":true,"href":"https:\/\/calleangosta.com\/ca\/wp-json\/wp\/v2\/categories?post=7707"},{"taxonomy":"post_tag","embeddable":true,"href":"https:\/\/calleangosta.com\/ca\/wp-json\/wp\/v2\/tags?post=7707"}],"curies":[{"name":"wp","href":"https:\/\/api.w.org\/{rel}","templated":true}]}}