{"id":7715,"date":"2025-01-10T19:06:42","date_gmt":"2025-01-10T22:06:42","guid":{"rendered":"https:\/\/calleangosta.com\/ca\/?p=7715"},"modified":"2025-01-17T09:37:13","modified_gmt":"2025-01-17T12:37:13","slug":"dos-hombres-demorados-tras-protagonizar-una-pelea-en-la-via-publica","status":"publish","type":"post","link":"https:\/\/calleangosta.com\/ca\/dos-hombres-demorados-tras-protagonizar-una-pelea-en-la-via-publica\/","title":{"rendered":"Dos hombres demorados tras protagonizar una pelea en la v\u00eda p\u00fablica"},"content":{"rendered":"\n<p>Este viernes por la ma\u00f1ana, la Polic\u00eda de Villa Mercedes intervino en un altercado en la intersecci\u00f3n de las calles Mitre y Edison, donde dos hombres, de 20 y 42 a\u00f1os, se enfrentaban arroj\u00e1ndose objetos contundentes.<\/p>\n\n\n\n<p>El hecho se produjo mientras personal policial realizaba recorridos preventivos en la zona. Al observar el disturbio, los efectivos intervinieron para separar a los involucrados y restablecer el orden.<\/p>\n\n\n\n<p>Ambos hombres fueron demorados y trasladados a la Comisar\u00eda 8\u00aa, donde quedaron a disposici\u00f3n de las autoridades competentes para definir su situaci\u00f3n.<\/p>\n\n\n\n<p>La intervenci\u00f3n policial evit\u00f3 que el enfrentamiento pasara a mayores, resaltando la importancia de los patrullajes preventivos en la ciudad.<\/p>\n","protected":false},"excerpt":{"rendered":"<p>Este viernes por la ma\u00f1ana, la Polic\u00eda de Villa Mercedes intervino en un altercado en la intersecci\u00f3n de las calles Mitre y Edison, donde dos hombres, de 20 y 42 a\u00f1os, se enfrentaban arroj\u00e1ndose objetos contundentes. El hecho se produjo mientras personal policial realizaba recorridos preventivos en la zona. Al observar el disturbio, los efectivos &hellip;<\/p>\n","protected":false},"author":13,"featured_media":7716,"comment_status":"open","ping_status":"open","sticky":false,"template":"","format":"standard","meta":{"advanced_seo_description":"","jetpack_seo_html_title":"","jetpack_seo_noindex":false,"_jetpack_memberships_contains_paid_content":false,"footnotes":"","jetpack_publicize_message":"","jetpack_publicize_feature_enabled":true,"jetpack_social_post_already_shared":false,"jetpack_social_options":{"image_generator_settings":{"template":"highway","default_image_id":0,"font":"","enabled":false},"version":2}},"categories":[47],"tags":[],"class_list":["post-7715","post","type-post","status-publish","format-standard","has-post-thumbnail","hentry","category-policiales-y-judiciales"],"jetpack_publicize_connections":[],"jetpack_featured_media_url":"https:\/\/i0.wp.com\/calleangosta.com\/ca\/wp-content\/uploads\/2025\/01\/WhatsApp-Image-2025-01-10-at-19.04.25.jpeg?fit=495%2C378&ssl=1","jetpack_sharing_enabled":true,"_links":{"self":[{"href":"https:\/\/calleangosta.com\/ca\/wp-json\/wp\/v2\/posts\/7715","targetHints":{"allow":["GET"]}}],"collection":[{"href":"https:\/\/calleangosta.com\/ca\/wp-json\/wp\/v2\/posts"}],"about":[{"href":"https:\/\/calleangosta.com\/ca\/wp-json\/wp\/v2\/types\/post"}],"author":[{"embeddable":true,"href":"https:\/\/calleangosta.com\/ca\/wp-json\/wp\/v2\/users\/13"}],"replies":[{"embeddable":true,"href":"https:\/\/calleangosta.com\/ca\/wp-json\/wp\/v2\/comments?post=7715"}],"version-history":[{"count":1,"href":"https:\/\/calleangosta.com\/ca\/wp-json\/wp\/v2\/posts\/7715\/revisions"}],"predecessor-version":[{"id":7717,"href":"https:\/\/calleangosta.com\/ca\/wp-json\/wp\/v2\/posts\/7715\/revisions\/7717"}],"wp:featuredmedia":[{"embeddable":true,"href":"https:\/\/calleangosta.com\/ca\/wp-json\/wp\/v2\/media\/7716"}],"wp:attachment":[{"href":"https:\/\/calleangosta.com\/ca\/wp-json\/wp\/v2\/media?parent=7715"}],"wp:term":[{"taxonomy":"category","embeddable":true,"href":"https:\/\/calleangosta.com\/ca\/wp-json\/wp\/v2\/categories?post=7715"},{"taxonomy":"post_tag","embeddable":true,"href":"https:\/\/calleangosta.com\/ca\/wp-json\/wp\/v2\/tags?post=7715"}],"curies":[{"name":"wp","href":"https:\/\/api.w.org\/{rel}","templated":true}]}}