{"id":7781,"date":"2025-01-17T10:08:18","date_gmt":"2025-01-17T13:08:18","guid":{"rendered":"https:\/\/calleangosta.com\/ca\/?p=7781"},"modified":"2025-01-17T10:08:19","modified_gmt":"2025-01-17T13:08:19","slug":"matrimonio-cordobes-gana-el-dakar","status":"publish","type":"post","link":"https:\/\/calleangosta.com\/ca\/matrimonio-cordobes-gana-el-dakar\/","title":{"rendered":"Matrimonio cordob\u00e9s gana el Dakar"},"content":{"rendered":"\n<p>Los 62 kil\u00f3metros de la \u00faltima etapa del\u00a0<strong>Rally Dakar<\/strong>\u00a0fueron un tr\u00e1mite para<strong>\u00a0Nicol\u00e1s Cavigliasso\u00a0<\/strong>y\u00a0<strong>Valentina Pertegarini<\/strong>, quienes se llevaron el triunfo en la categor\u00eda\u00a0<strong>Challenger<\/strong>, que es la reservada para los prototipos de los UTV o veh\u00edculos areneros. Fueron los mejores en esa divisional y lo ratificaron este viernes en el que les alcanz\u00f3 ser s\u00e9ptimos en la \u00faltima etapa disputada en Shubaytah para imponerse en la clasificaci\u00f3n general. Se trata del\u00a0<strong>und\u00e9cimo t\u00edtulo que consigue Argentina en la carrera m\u00e1s dura del mundo.<\/strong><\/p>\n\n\n\n<p>El\u00a0<a href=\"https:\/\/www.infobae.com\/deportes\/2025\/01\/17\/se-conocieron-en-la-escuela-primaria-se-casaron-y-hoy-brillan-juntos-la-pareja-argentina-que-gano-el-rally-dakar\/\" target=\"_blank\" rel=\"noreferrer noopener\">matrimonio cordob\u00e9s lleg\u00f3 como candidato<\/a>\u00a0a pelear por la punta de la carrera luego de que Nicol\u00e1s obtuviera el subcampeonato mundial de Rally Raid en dicha categor\u00eda y Valentina lograra el t\u00edtulo entre los navegantes. A diferencia de otros a\u00f1os, esta vez los competidores de General Cabrera tuvieron su mejor preparaci\u00f3n a lo largo de 2024 ya que disputaron toda la temporada del certamen ecum\u00e9nico.<\/p>\n\n\n\n<p>Tampoco festejaron m\u00e1s all\u00e1 de la alegr\u00eda que tuvieron al llegar al campamento de Shubaytah, que fue el epicentro de los \u00faltimos tres d\u00edas. Se los not\u00f3 contentos por el deber cumplido, pero hicieron el honor a la frase de&nbsp;<strong>Juan Manuel Fangio: \u201cLas carreras se terminan cuando se baja la bandera de cuadros\u201d<\/strong>. Mantuvieron su humildad y eso les permiti\u00f3 encarar tranquilos los \u00faltimos 62 kil\u00f3metros cronometrados llevados a cabo este viernes en el Empty Quarter, el segundo desierto m\u00e1s grande del planeta detr\u00e1s del Sahara.<\/p>\n\n\n\n<p>\u201cEsto fue un trabajo de todo el a\u00f1o. Esta vez le metimos mucho entrenamiento. Dejamos mucho de lado, pero en lo f\u00edsico, lo an\u00edmico, creo que llegamos mucho mejor que otros a\u00f1os con Valen. Hicimos muchos kil\u00f3metros arriba del auto, nos entendimos a la perfecci\u00f3n con el equipo y eso ayud\u00f3 que lleguemos m\u00e1s fuertes y ac\u00e1 est\u00e1n los resultados\u201d.<\/p>\n\n\n\n<p>Cabe destacar que ambos le ponen mucho coraz\u00f3n al&nbsp;<strong>Rally Raid<\/strong>&nbsp;y si bien consiguieron sponsor, el principal que tienen es su empresa familiar productora de man\u00ed y la caba\u00f1a de vacas que tienen en su localidad. Viven de eso y la pr\u00e1ctica deportiva la hacen toda a pulm\u00f3n. Dejaron mucho de lado para poder llegar de la mejor forma a esta edici\u00f3n del&nbsp;<strong>Rally Dakar<\/strong>&nbsp;y lo consiguieron.<\/p>\n\n\n\n<p>Su victoria se suma a la conseguida por el propio Cavigliasso en 2019 y si de cuatriciclos se trata, fueron los hermanos&nbsp;<strong>Patronelli<\/strong>&nbsp;los que iniciaron el camino glorioso con sus cinco victorias.&nbsp;<strong>Marcos<\/strong>&nbsp;lo consigui\u00f3 en 2010, 2013 y 2016, y&nbsp;<strong>Alejandro<\/strong>, en 2011 y 2012. Tambi\u00e9n se anot\u00f3 en la especialidad&nbsp;<strong>Manuel And\u00fajar<\/strong>, en 2021 y 2024. Los otros dos t\u00edtulos se completan con los obtenidos por&nbsp;<strong>Kevin Benavides&nbsp;<\/strong>en motos, en 2021 y 2023.<\/p>\n","protected":false},"excerpt":{"rendered":"<p>Los 62 kil\u00f3metros de la \u00faltima etapa del\u00a0Rally Dakar\u00a0fueron un tr\u00e1mite para\u00a0Nicol\u00e1s Cavigliasso\u00a0y\u00a0Valentina Pertegarini, quienes se llevaron el triunfo en la categor\u00eda\u00a0Challenger, que es la reservada para los prototipos de los UTV o veh\u00edculos areneros. Fueron los mejores en esa divisional y lo ratificaron este viernes en el que les alcanz\u00f3 ser s\u00e9ptimos en la &hellip;<\/p>\n","protected":false},"author":7,"featured_media":7782,"comment_status":"open","ping_status":"open","sticky":false,"template":"","format":"standard","meta":{"advanced_seo_description":"","jetpack_seo_html_title":"","jetpack_seo_noindex":false,"_jetpack_memberships_contains_paid_content":false,"footnotes":"","jetpack_publicize_message":"","jetpack_publicize_feature_enabled":true,"jetpack_social_post_already_shared":false,"jetpack_social_options":{"image_generator_settings":{"template":"highway","default_image_id":0,"font":"","enabled":false},"version":2}},"categories":[16],"tags":[],"class_list":["post-7781","post","type-post","status-publish","format-standard","has-post-thumbnail","hentry","category-deportes"],"jetpack_publicize_connections":[],"jetpack_featured_media_url":"https:\/\/i0.wp.com\/calleangosta.com\/ca\/wp-content\/uploads\/2025\/01\/65a94ae892eb3185802768.jpg?fit=1000%2C493&ssl=1","jetpack_sharing_enabled":true,"_links":{"self":[{"href":"https:\/\/calleangosta.com\/ca\/wp-json\/wp\/v2\/posts\/7781","targetHints":{"allow":["GET"]}}],"collection":[{"href":"https:\/\/calleangosta.com\/ca\/wp-json\/wp\/v2\/posts"}],"about":[{"href":"https:\/\/calleangosta.com\/ca\/wp-json\/wp\/v2\/types\/post"}],"author":[{"embeddable":true,"href":"https:\/\/calleangosta.com\/ca\/wp-json\/wp\/v2\/users\/7"}],"replies":[{"embeddable":true,"href":"https:\/\/calleangosta.com\/ca\/wp-json\/wp\/v2\/comments?post=7781"}],"version-history":[{"count":1,"href":"https:\/\/calleangosta.com\/ca\/wp-json\/wp\/v2\/posts\/7781\/revisions"}],"predecessor-version":[{"id":7783,"href":"https:\/\/calleangosta.com\/ca\/wp-json\/wp\/v2\/posts\/7781\/revisions\/7783"}],"wp:featuredmedia":[{"embeddable":true,"href":"https:\/\/calleangosta.com\/ca\/wp-json\/wp\/v2\/media\/7782"}],"wp:attachment":[{"href":"https:\/\/calleangosta.com\/ca\/wp-json\/wp\/v2\/media?parent=7781"}],"wp:term":[{"taxonomy":"category","embeddable":true,"href":"https:\/\/calleangosta.com\/ca\/wp-json\/wp\/v2\/categories?post=7781"},{"taxonomy":"post_tag","embeddable":true,"href":"https:\/\/calleangosta.com\/ca\/wp-json\/wp\/v2\/tags?post=7781"}],"curies":[{"name":"wp","href":"https:\/\/api.w.org\/{rel}","templated":true}]}}