{"id":7785,"date":"2025-01-17T19:13:33","date_gmt":"2025-01-17T22:13:33","guid":{"rendered":"https:\/\/calleangosta.com\/ca\/?p=7785"},"modified":"2025-01-17T19:13:34","modified_gmt":"2025-01-17T22:13:34","slug":"fallo-judicial-en-san-luis-garantiza-el-acceso-a-la-senda-historica-de-la-quebrada-de-villa-elena","status":"publish","type":"post","link":"https:\/\/calleangosta.com\/ca\/fallo-judicial-en-san-luis-garantiza-el-acceso-a-la-senda-historica-de-la-quebrada-de-villa-elena\/","title":{"rendered":"Fallo Judicial en San Luis Garantiza el Acceso a la Senda Hist\u00f3rica de la Quebrada de Villa Elena"},"content":{"rendered":"\n<p>Con sustento en las normas jur\u00eddicas impulsadas y logradas por organizaciones de monta\u00f1ismo, en particular el colectivo <em>Andinistas Argentinos<\/em> a nivel nacional y el <em>Club Andino San Luis<\/em> a nivel municipal y provincial, y gracias a la vigencia de la Ordenanza N.\u00ba 43 del Municipio de Cortaderas sobre sendas de uso hist\u00f3rico, la Ley Provincial de Fomento del Monta\u00f1ismo (IX-1007-2019) y la Ley Nacional N.\u00ba 27.665, la Dra. Valeria Benavidez, jueza del Juzgado Civil, Comercial y Ambiental N.\u00ba 3 de San Luis, ha ordenado:<\/p>\n\n\n\n<blockquote class=\"wp-block-quote is-layout-flow wp-block-quote-is-layout-flow\">\n<p>\u201c&#8230;HACER LUGAR a la medida autosatisfactiva impetrada en autos\u2026 en su m\u00e9rito, ORDENAR al demandado xxxxxxxx, y a la persona que se encuentre en el lugar, al inmediato levantamiento y\/o cese del impedimento generado por su parte al libre acceso, uso y goce del sendero o camino de sierra que conduce a la Reserva Natural Quebrada Villa Elena, Dique Parrilla, cascadas y arroyos que son recursos naturales de la provincia de San Luis. Asimismo, deber\u00e1 abstenerse a futuro de adoptar medidas o realizar cualquier conducta que implique un obst\u00e1culo, interfiera o impida el ingreso y libre acceso a dicho sendero o camino de sierra, bajo apercibimiento de incumplimiento de una orden judicial\u2026\u201d<\/p>\n<\/blockquote>\n\n\n\n<p>Esta medida se dict\u00f3 gracias a la acci\u00f3n judicial iniciada por la <em>Agrupaci\u00f3n Juvennat<\/em>, la <em>Asociaci\u00f3n de Empresarios de Hoteler\u00eda y Gastronom\u00eda de Cortaderas<\/em> y la Fiscal\u00eda de Estado del Gobierno de la Provincia de San Luis. Las autoridades actuaron ante la petici\u00f3n de vecinos de Cortaderas y otros municipios de la zona de los Comechingones, quienes, mediante notas firmadas y formularios digitales, reunieron m\u00e1s de 4.000 firmas en 48 horas para solicitar al gobernador que, ante la restricci\u00f3n impuesta por un particular en el sector, tomara medidas para garantizar el acceso:<\/p>\n\n\n\n<blockquote class=\"wp-block-quote is-layout-flow wp-block-quote-is-layout-flow\">\n<p>\u201c&#8230;en un espacio natural que es adem\u00e1s parte del Parque Provincial Presidente Per\u00f3n\u2026 -el cual est\u00e1 reconocido como tal en normas provinciales y municipales- LE SOLICITAMOS QUE TOME LAS MEDIDAS PERTINENTES PARA DETENER ESTE AVANCE INJUSTIFICADO Y PROTEJA ESTE ESPACIO NATURAL DE USO HIST\u00d3RICO\u2026\u201d<\/p>\n<\/blockquote>\n\n\n\n<p>Ante esta petici\u00f3n vecinal, y con el apoyo de las asociaciones mencionadas, se solicit\u00f3 la medida autosatisfactiva que result\u00f3 en el fallo judicial informado.<\/p>\n\n\n\n<p>Desde las organizaciones de monta\u00f1ismo nucleadas en <em>Andinistas Argentinos<\/em>, destacaron que en la presentaci\u00f3n judicial se argument\u00f3 que el bloqueo del sendero constitu\u00eda una:<\/p>\n\n\n\n<blockquote class=\"wp-block-quote is-layout-flow wp-block-quote-is-layout-flow\">\n<p>\u201c&#8230;franca violaci\u00f3n a los Derechos Constitucionales, a la Ley Nacional N.\u00ba 27.665, a la Ley Provincial N.\u00ba IX-1007-2019 y a la Ordenanza Municipal del Municipio de Cortaderas\u2026\u201d<\/p>\n<\/blockquote>\n\n\n\n<p>Adem\u00e1s, enfatizaron que dichas normas declaran al monta\u00f1ismo como un deporte y actividad de inter\u00e9s cultural y socio-recreativo, reconociendo su influencia y aporte positivo en actividades de exploraci\u00f3n, cient\u00edficas, ambientales, educativas y de desarrollo humano. Gracias a la acci\u00f3n oportuna y la redacci\u00f3n del <em>Club Andino San Luis<\/em>, se logr\u00f3 resaltar en la acci\u00f3n judicial que:<\/p>\n\n\n\n<blockquote class=\"wp-block-quote is-layout-flow wp-block-quote-is-layout-flow\">\n<p>\u201c&#8230;el Municipio de Cortaderas, mediante ordenanza, se adhiri\u00f3 a la Ley Nacional y Provincial, declarando la Senda de la Quebrada de Villa Elena como &#8216;senda de uso hist\u00f3rico y de inter\u00e9s municipal&#8217;, as\u00ed como &#8216;espacios de uso deportivo y de inter\u00e9s municipal&#8217; (art\u00edculo 2 de la Ordenanza del Municipio de Cortaderas &#8211; &#8216;Fomento del Monta\u00f1ismo y Preservaci\u00f3n de Sendas de Uso Hist\u00f3rico y Caminos de las Sierras&#8217;)&#8230;\u201d<\/p>\n<\/blockquote>\n\n\n\n<p>Este fallo representa el primer antecedente judicial en Argentina que, ante situaciones de hecho, pone en valor la importancia de la existencia previa de leyes y ordenanzas para garantizar el acceso a trav\u00e9s de la acci\u00f3n estatal.<\/p>\n\n\n\n<p>\u201cEsta es una situaci\u00f3n excepcional\u2026\u201d, manifestaron los directivos de la Federaci\u00f3n <em>Andinistas Argentinos<\/em>. \u201c&#8230;Afortunadamente, la regla es que las cuestiones se solucionan mediante di\u00e1logo y acuerdos, logrando el respeto al acceso de uso hist\u00f3rico a espacios de sierras y monta\u00f1as en armon\u00eda con los dem\u00e1s intereses leg\u00edtimos. Sin embargo, sabemos que es crucial la vigencia de las leyes y ordenanzas para cuando la intransigencia se impone en posturas que pretenden privar a los monta\u00f1istas de desarrollar nuestra actividad, que es sin fines de lucro y declarada de inter\u00e9s nacional por ley, e incluso patrimonio cultural inmaterial de la humanidad por la UNESCO\u2026\u201d<\/p>\n","protected":false},"excerpt":{"rendered":"<p>Con sustento en las normas jur\u00eddicas impulsadas y logradas por organizaciones de monta\u00f1ismo, en particular el colectivo Andinistas Argentinos a nivel nacional y el Club Andino San Luis a nivel municipal y provincial, y gracias a la vigencia de la Ordenanza N.\u00ba 43 del Municipio de Cortaderas sobre sendas de uso hist\u00f3rico, la Ley Provincial &hellip;<\/p>\n","protected":false},"author":2,"featured_media":7786,"comment_status":"open","ping_status":"open","sticky":false,"template":"","format":"standard","meta":{"advanced_seo_description":"","jetpack_seo_html_title":"","jetpack_seo_noindex":false,"_jetpack_memberships_contains_paid_content":false,"footnotes":"","jetpack_publicize_message":"","jetpack_publicize_feature_enabled":true,"jetpack_social_post_already_shared":false,"jetpack_social_options":{"image_generator_settings":{"template":"highway","default_image_id":0,"font":"","enabled":false},"version":2}},"categories":[42,47,32],"tags":[],"class_list":["post-7785","post","type-post","status-publish","format-standard","has-post-thumbnail","hentry","category-dpto-chacabuco","category-policiales-y-judiciales","category-san-luis"],"jetpack_publicize_connections":[],"jetpack_featured_media_url":"https:\/\/i0.wp.com\/calleangosta.com\/ca\/wp-content\/uploads\/2025\/01\/472321096_1026069162880755_4977442960642624028_n.jpg?fit=1440%2C1440&ssl=1","jetpack_sharing_enabled":true,"_links":{"self":[{"href":"https:\/\/calleangosta.com\/ca\/wp-json\/wp\/v2\/posts\/7785","targetHints":{"allow":["GET"]}}],"collection":[{"href":"https:\/\/calleangosta.com\/ca\/wp-json\/wp\/v2\/posts"}],"about":[{"href":"https:\/\/calleangosta.com\/ca\/wp-json\/wp\/v2\/types\/post"}],"author":[{"embeddable":true,"href":"https:\/\/calleangosta.com\/ca\/wp-json\/wp\/v2\/users\/2"}],"replies":[{"embeddable":true,"href":"https:\/\/calleangosta.com\/ca\/wp-json\/wp\/v2\/comments?post=7785"}],"version-history":[{"count":1,"href":"https:\/\/calleangosta.com\/ca\/wp-json\/wp\/v2\/posts\/7785\/revisions"}],"predecessor-version":[{"id":7787,"href":"https:\/\/calleangosta.com\/ca\/wp-json\/wp\/v2\/posts\/7785\/revisions\/7787"}],"wp:featuredmedia":[{"embeddable":true,"href":"https:\/\/calleangosta.com\/ca\/wp-json\/wp\/v2\/media\/7786"}],"wp:attachment":[{"href":"https:\/\/calleangosta.com\/ca\/wp-json\/wp\/v2\/media?parent=7785"}],"wp:term":[{"taxonomy":"category","embeddable":true,"href":"https:\/\/calleangosta.com\/ca\/wp-json\/wp\/v2\/categories?post=7785"},{"taxonomy":"post_tag","embeddable":true,"href":"https:\/\/calleangosta.com\/ca\/wp-json\/wp\/v2\/tags?post=7785"}],"curies":[{"name":"wp","href":"https:\/\/api.w.org\/{rel}","templated":true}]}}