{"id":7801,"date":"2025-01-20T19:45:54","date_gmt":"2025-01-20T22:45:54","guid":{"rendered":"https:\/\/calleangosta.com\/ca\/?p=7801"},"modified":"2025-01-20T19:45:56","modified_gmt":"2025-01-20T22:45:56","slug":"arrancaron-las-sesiones-extraordinarias-en-el-congreso-con-reunion-clave-en-casa-rosada","status":"publish","type":"post","link":"https:\/\/calleangosta.com\/ca\/arrancaron-las-sesiones-extraordinarias-en-el-congreso-con-reunion-clave-en-casa-rosada\/","title":{"rendered":"Arrancaron las sesiones extraordinarias en el Congreso con reuni\u00f3n clave en Casa Rosada"},"content":{"rendered":"\n<p>Se dio inicio el per\u00edodo de sesiones extraordinarias en el Congreso, convocado por el Poder Ejecutivo, para tratar un temario compuesto por siete proyectos clave. Este martes, el foco estar\u00e1 en una reuni\u00f3n trascendental en Casa Rosada entre Guillermo Francos, funcionario del gobierno, y representantes de bloques opositores dialoguistas del PRO y la UCR.<\/p>\n\n\n\n<p>Seg\u00fan fuentes oficiales, asistir\u00e1n <strong>Cristian Ritondo<\/strong>, presidente del bloque radical en Diputados, <strong>Rodrigo de Loredo<\/strong>, y posiblemente <strong>Miguel \u00c1ngel Pichetto<\/strong>, l\u00edder de Encuentro Federal.<\/p>\n\n\n\n<p>Entre los proyectos m\u00e1s destacados a tratar figuran:<\/p>\n\n\n\n<ul class=\"wp-block-list\">\n<li>Los pliegos de <strong>Ariel Lijo<\/strong> y <strong>Manuel Garc\u00eda-Mansilla<\/strong> para ocupar vacantes en la Corte Suprema.<\/li>\n\n\n\n<li>La eliminaci\u00f3n de las <strong>PASO<\/strong> (Primarias Abiertas, Simult\u00e1neas y Obligatorias).<\/li>\n\n\n\n<li>Un nuevo proyecto de <strong>Ficha Limpia<\/strong>, a\u00fan en elaboraci\u00f3n.<\/li>\n<\/ul>\n\n\n\n<p>Adem\u00e1s, se buscar\u00e1 avanzar en la aprobaci\u00f3n de:<\/p>\n\n\n\n<ul class=\"wp-block-list\">\n<li>La <strong>Ley Antimafia<\/strong>.<\/li>\n\n\n\n<li>El proyecto de <strong>juicio en ausencia<\/strong>.<\/li>\n\n\n\n<li>La modificaci\u00f3n del r\u00e9gimen de reiterancia.<\/li>\n\n\n\n<li>Una ley de compensaci\u00f3n del \u00edndice de actualizaci\u00f3n de quebrantos.<\/li>\n<\/ul>\n\n\n\n<p>El temario propuesto por el Ejecutivo se centra en temas de car\u00e1cter judicial, electoral y de seguridad, reflejando las prioridades del oficialismo para este per\u00edodo legislativo. Se espera que los pr\u00f3ximos d\u00edas sean clave para definir alianzas y consensos que permitan el avance de estos proyectos en el Congreso.<\/p>\n","protected":false},"excerpt":{"rendered":"<p>Se dio inicio el per\u00edodo de sesiones extraordinarias en el Congreso, convocado por el Poder Ejecutivo, para tratar un temario compuesto por siete proyectos clave. Este martes, el foco estar\u00e1 en una reuni\u00f3n trascendental en Casa Rosada entre Guillermo Francos, funcionario del gobierno, y representantes de bloques opositores dialoguistas del PRO y la UCR. Seg\u00fan &hellip;<\/p>\n","protected":false},"author":13,"featured_media":7802,"comment_status":"open","ping_status":"open","sticky":false,"template":"","format":"standard","meta":{"advanced_seo_description":"","jetpack_seo_html_title":"","jetpack_seo_noindex":false,"_jetpack_memberships_contains_paid_content":false,"footnotes":"","jetpack_publicize_message":"","jetpack_publicize_feature_enabled":true,"jetpack_social_post_already_shared":false,"jetpack_social_options":{"image_generator_settings":{"template":"highway","default_image_id":0,"font":"","enabled":false},"version":2}},"categories":[31],"tags":[],"class_list":["post-7801","post","type-post","status-publish","format-standard","has-post-thumbnail","hentry","category-argentina"],"jetpack_publicize_connections":[],"jetpack_featured_media_url":"https:\/\/i0.wp.com\/calleangosta.com\/ca\/wp-content\/uploads\/2025\/01\/RQhKe2OJe_1200x0__1.jpg?fit=1200%2C784&ssl=1","jetpack_sharing_enabled":true,"_links":{"self":[{"href":"https:\/\/calleangosta.com\/ca\/wp-json\/wp\/v2\/posts\/7801","targetHints":{"allow":["GET"]}}],"collection":[{"href":"https:\/\/calleangosta.com\/ca\/wp-json\/wp\/v2\/posts"}],"about":[{"href":"https:\/\/calleangosta.com\/ca\/wp-json\/wp\/v2\/types\/post"}],"author":[{"embeddable":true,"href":"https:\/\/calleangosta.com\/ca\/wp-json\/wp\/v2\/users\/13"}],"replies":[{"embeddable":true,"href":"https:\/\/calleangosta.com\/ca\/wp-json\/wp\/v2\/comments?post=7801"}],"version-history":[{"count":1,"href":"https:\/\/calleangosta.com\/ca\/wp-json\/wp\/v2\/posts\/7801\/revisions"}],"predecessor-version":[{"id":7803,"href":"https:\/\/calleangosta.com\/ca\/wp-json\/wp\/v2\/posts\/7801\/revisions\/7803"}],"wp:featuredmedia":[{"embeddable":true,"href":"https:\/\/calleangosta.com\/ca\/wp-json\/wp\/v2\/media\/7802"}],"wp:attachment":[{"href":"https:\/\/calleangosta.com\/ca\/wp-json\/wp\/v2\/media?parent=7801"}],"wp:term":[{"taxonomy":"category","embeddable":true,"href":"https:\/\/calleangosta.com\/ca\/wp-json\/wp\/v2\/categories?post=7801"},{"taxonomy":"post_tag","embeddable":true,"href":"https:\/\/calleangosta.com\/ca\/wp-json\/wp\/v2\/tags?post=7801"}],"curies":[{"name":"wp","href":"https:\/\/api.w.org\/{rel}","templated":true}]}}