{"id":7998,"date":"2025-02-03T12:50:59","date_gmt":"2025-02-03T15:50:59","guid":{"rendered":"https:\/\/calleangosta.com\/ca\/?p=7998"},"modified":"2025-02-03T21:43:43","modified_gmt":"2025-02-04T00:43:43","slug":"calendario-escolar-2025-fechas-de-inicio-receso-invernal-y-finalizacion-en-san-luis-y-el-resto-del-pais","status":"publish","type":"post","link":"https:\/\/calleangosta.com\/ca\/calendario-escolar-2025-fechas-de-inicio-receso-invernal-y-finalizacion-en-san-luis-y-el-resto-del-pais\/","title":{"rendered":"Calendario escolar 2025: fechas de inicio, receso invernal y finalizaci\u00f3n en San Luis y el resto del pa\u00eds"},"content":{"rendered":"\n<p>El calendario escolar 2025 en Argentina ya fue definido por las 24 provincias en conjunto con el Consejo Federal de Educaci\u00f3n. Cada jurisdicci\u00f3n establece sus propias fechas de inicio y finalizaci\u00f3n del ciclo lectivo, as\u00ed como el per\u00edodo de vacaciones de invierno, siempre respetando el m\u00ednimo de 190 d\u00edas de clases efectivos que establece la normativa vigente.<\/p>\n\n\n\n<h3 class=\"wp-block-heading\"><strong>Inicio de clases en San Luis y el resto del pa\u00eds<\/strong><\/h3>\n\n\n\n<p>Las fechas de inicio del ciclo lectivo 2025 var\u00edan entre las provincias, aunque la mayor\u00eda comenzar\u00e1 entre la \u00faltima semana de febrero y la primera de marzo.<\/p>\n\n\n\n<p>En San Luis, las clases comenzar\u00e1n el <strong>24 de febrero<\/strong> y finalizar\u00e1n el <strong>19 de diciembre<\/strong>.<\/p>\n\n\n\n<p>A continuaci\u00f3n, el detalle por provincia:<\/p>\n\n\n\n<ul class=\"wp-block-list\">\n<li><strong>24 de febrero<\/strong>: Ciudad de Buenos Aires, Chubut, C\u00f3rdoba, Corrientes, Entre R\u00edos, Formosa, Jujuy, Mendoza, San Juan, San Luis, Santa Cruz, Santa Fe, Salta.<\/li>\n\n\n\n<li><strong>25 de febrero<\/strong>: Neuqu\u00e9n.<\/li>\n\n\n\n<li><strong>26 de febrero<\/strong>: Chaco, La Pampa.<\/li>\n\n\n\n<li><strong>5 de marzo<\/strong>: Buenos Aires, Catamarca, La Rioja, Misiones, R\u00edo Negro, Santiago del Estero, Tierra del Fuego, Tucum\u00e1n.<\/li>\n<\/ul>\n\n\n\n<h3 class=\"wp-block-heading\"><strong>Vacaciones de invierno 2025, provincia por provincia<\/strong><\/h3>\n\n\n\n<p>El receso invernal tendr\u00e1 dos semanas de duraci\u00f3n y variar\u00e1 seg\u00fan la jurisdicci\u00f3n.<\/p>\n\n\n\n<p>En San Luis, las vacaciones ser\u00e1n del <strong>7 al 18 de julio<\/strong>.<\/p>\n\n\n\n<ul class=\"wp-block-list\">\n<li><strong>Del 7 al 18 de julio<\/strong>: Chubut, C\u00f3rdoba, Entre R\u00edos, La Rioja, Mendoza, Neuqu\u00e9n, R\u00edo Negro, San Juan, San Luis, Santa Fe, Tucum\u00e1n.<\/li>\n\n\n\n<li><strong>Del 14 al 25 de julio<\/strong>: Catamarca, Corrientes, Formosa, Jujuy, La Pampa, Misiones, Salta, Santa Cruz, Tierra del Fuego.<\/li>\n\n\n\n<li><strong>Del 21 de julio al 1 de agosto<\/strong>: Buenos Aires, CABA, Chaco, Santiago del Estero.<\/li>\n<\/ul>\n\n\n\n<h3 class=\"wp-block-heading\"><strong>Finalizaci\u00f3n del ciclo lectivo 2025<\/strong><\/h3>\n\n\n\n<p>Las fechas de cierre del ciclo lectivo var\u00edan seg\u00fan la provincia, con algunas extendiendo las clases hasta finales de diciembre.<\/p>\n\n\n\n<p>En San Luis, las clases culminar\u00e1n el <strong>19 de diciembre<\/strong>.<\/p>\n\n\n\n<ul class=\"wp-block-list\">\n<li><strong>12 de diciembre<\/strong>: Catamarca, Jujuy, Santa Fe.<\/li>\n\n\n\n<li><strong>19 de diciembre<\/strong>: CABA, Chaco, Chubut, C\u00f3rdoba, Corrientes, Entre R\u00edos, Formosa, La Rioja, Mendoza, Neuqu\u00e9n, R\u00edo Negro, San Juan, San Luis, Santiago del Estero, Tierra del Fuego, Tucum\u00e1n.<\/li>\n\n\n\n<li><strong>22 de diciembre<\/strong>: Buenos Aires, Misiones, Salta.<\/li>\n\n\n\n<li><strong>26 de diciembre<\/strong>: La Pampa.<\/li>\n<\/ul>\n\n\n\n<p>Este calendario establece la organizaci\u00f3n del ciclo lectivo 2025 en todo el pa\u00eds, garantizando los d\u00edas m\u00ednimos de clases y permitiendo que las familias y las instituciones planifiquen el a\u00f1o escolar con anticipaci\u00f3n.<\/p>\n","protected":false},"excerpt":{"rendered":"<p>El calendario escolar 2025 en Argentina ya fue definido por las 24 provincias en conjunto con el Consejo Federal de Educaci\u00f3n. Cada jurisdicci\u00f3n establece sus propias fechas de inicio y finalizaci\u00f3n del ciclo lectivo, as\u00ed como el per\u00edodo de vacaciones de invierno, siempre respetando el m\u00ednimo de 190 d\u00edas de clases efectivos que establece la &hellip;<\/p>\n","protected":false},"author":13,"featured_media":7999,"comment_status":"open","ping_status":"open","sticky":false,"template":"","format":"standard","meta":{"advanced_seo_description":"","jetpack_seo_html_title":"","jetpack_seo_noindex":false,"_jetpack_memberships_contains_paid_content":false,"footnotes":"","jetpack_publicize_message":"","jetpack_publicize_feature_enabled":true,"jetpack_social_post_already_shared":false,"jetpack_social_options":{"image_generator_settings":{"template":"highway","default_image_id":0,"font":"","enabled":false},"version":2}},"categories":[31,32],"tags":[],"class_list":["post-7998","post","type-post","status-publish","format-standard","has-post-thumbnail","hentry","category-argentina","category-san-luis"],"jetpack_publicize_connections":[],"jetpack_featured_media_url":"https:\/\/i0.wp.com\/calleangosta.com\/ca\/wp-content\/uploads\/2025\/02\/WhatsApp-Image-2025-02-03-at-12.48.03.jpeg?fit=664%2C473&ssl=1","jetpack_sharing_enabled":true,"_links":{"self":[{"href":"https:\/\/calleangosta.com\/ca\/wp-json\/wp\/v2\/posts\/7998","targetHints":{"allow":["GET"]}}],"collection":[{"href":"https:\/\/calleangosta.com\/ca\/wp-json\/wp\/v2\/posts"}],"about":[{"href":"https:\/\/calleangosta.com\/ca\/wp-json\/wp\/v2\/types\/post"}],"author":[{"embeddable":true,"href":"https:\/\/calleangosta.com\/ca\/wp-json\/wp\/v2\/users\/13"}],"replies":[{"embeddable":true,"href":"https:\/\/calleangosta.com\/ca\/wp-json\/wp\/v2\/comments?post=7998"}],"version-history":[{"count":1,"href":"https:\/\/calleangosta.com\/ca\/wp-json\/wp\/v2\/posts\/7998\/revisions"}],"predecessor-version":[{"id":8000,"href":"https:\/\/calleangosta.com\/ca\/wp-json\/wp\/v2\/posts\/7998\/revisions\/8000"}],"wp:featuredmedia":[{"embeddable":true,"href":"https:\/\/calleangosta.com\/ca\/wp-json\/wp\/v2\/media\/7999"}],"wp:attachment":[{"href":"https:\/\/calleangosta.com\/ca\/wp-json\/wp\/v2\/media?parent=7998"}],"wp:term":[{"taxonomy":"category","embeddable":true,"href":"https:\/\/calleangosta.com\/ca\/wp-json\/wp\/v2\/categories?post=7998"},{"taxonomy":"post_tag","embeddable":true,"href":"https:\/\/calleangosta.com\/ca\/wp-json\/wp\/v2\/tags?post=7998"}],"curies":[{"name":"wp","href":"https:\/\/api.w.org\/{rel}","templated":true}]}}