{"id":8433,"date":"2025-03-03T11:09:04","date_gmt":"2025-03-03T14:09:04","guid":{"rendered":"https:\/\/calleangosta.com\/ca\/?p=8433"},"modified":"2025-03-03T11:09:05","modified_gmt":"2025-03-03T14:09:05","slug":"cristian-gonzalez-y-sebastian-thomas-se-quedaron-con-la-primera-fecha-del-rally-provincial-en-naschel","status":"publish","type":"post","link":"https:\/\/calleangosta.com\/ca\/cristian-gonzalez-y-sebastian-thomas-se-quedaron-con-la-primera-fecha-del-rally-provincial-en-naschel\/","title":{"rendered":"Cristi\u00e1n Gonz\u00e1lez y Sebasti\u00e1n Thomas se quedaron con la primera fecha del Rally Provincial en Naschel"},"content":{"rendered":"\n<p>Este fin de semana, la localidad de Naschel fue el escenario de la primera fecha de la temporada del Rally Provincial, que brind\u00f3 tres jornadas de intensa competencia y emoci\u00f3n para los fan\u00e1ticos del automovilismo.<\/p>\n\n\n\n<p>Cristi\u00e1n \u00abEspy\u00bb Gonz\u00e1lez y Sebasti\u00e1n Thomas se consagraron ganadores de la carrera, marcando un tiempo de 45:35.400 a bordo de un VW Gol Trend. En el podio los acompa\u00f1aron Feliciano De La Mota y Maximiliano De Le\u00f3n, mientras que el vigente campe\u00f3n, Luis \u00abEl Chileno\u00bb Garc\u00eda junto a Mat\u00edas Baras, completaron el tercer puesto.<\/p>\n\n\n\n<p>El recorrido de la competencia incluy\u00f3 un tramo por Campo Lo Paulo, finalizando en Puente R\u00edo Conlara, con una extensi\u00f3n de 15,56 kil\u00f3metros. Luego, los pilotos enfrentaron el segundo tramo especial en La Marta con Santa Eugenia, que abarc\u00f3 23,54 kil\u00f3metros cronometrados.<\/p>\n\n\n\n<p>La segunda etapa del rally cont\u00f3 con 27,16 kil\u00f3metros de tramos especiales y 34,97 kil\u00f3metros de enlaces, sumando un total de 62,13 kil\u00f3metros de recorrido. Con una destacada organizaci\u00f3n y un gran nivel de competencia, la primera fecha dej\u00f3 en claro que esta temporada del Rally Provincial promete ser apasionante.<\/p>\n","protected":false},"excerpt":{"rendered":"<p>Este fin de semana, la localidad de Naschel fue el escenario de la primera fecha de la temporada del Rally Provincial, que brind\u00f3 tres jornadas de intensa competencia y emoci\u00f3n para los fan\u00e1ticos del automovilismo. Cristi\u00e1n \u00abEspy\u00bb Gonz\u00e1lez y Sebasti\u00e1n Thomas se consagraron ganadores de la carrera, marcando un tiempo de 45:35.400 a bordo de &hellip;<\/p>\n","protected":false},"author":13,"featured_media":8434,"comment_status":"open","ping_status":"open","sticky":false,"template":"","format":"standard","meta":{"advanced_seo_description":"","jetpack_seo_html_title":"","jetpack_seo_noindex":false,"_jetpack_memberships_contains_paid_content":false,"footnotes":"","jetpack_publicize_message":"","jetpack_publicize_feature_enabled":true,"jetpack_social_post_already_shared":false,"jetpack_social_options":{"image_generator_settings":{"template":"highway","default_image_id":0,"font":"","enabled":false},"version":2}},"categories":[16,32],"tags":[],"class_list":["post-8433","post","type-post","status-publish","format-standard","has-post-thumbnail","hentry","category-deportes","category-san-luis"],"jetpack_publicize_connections":[],"jetpack_featured_media_url":"https:\/\/i0.wp.com\/calleangosta.com\/ca\/wp-content\/uploads\/2025\/03\/WhatsApp-Image-2025-03-03-at-11.07.08.jpeg?fit=523%2C442&ssl=1","jetpack_sharing_enabled":true,"_links":{"self":[{"href":"https:\/\/calleangosta.com\/ca\/wp-json\/wp\/v2\/posts\/8433","targetHints":{"allow":["GET"]}}],"collection":[{"href":"https:\/\/calleangosta.com\/ca\/wp-json\/wp\/v2\/posts"}],"about":[{"href":"https:\/\/calleangosta.com\/ca\/wp-json\/wp\/v2\/types\/post"}],"author":[{"embeddable":true,"href":"https:\/\/calleangosta.com\/ca\/wp-json\/wp\/v2\/users\/13"}],"replies":[{"embeddable":true,"href":"https:\/\/calleangosta.com\/ca\/wp-json\/wp\/v2\/comments?post=8433"}],"version-history":[{"count":1,"href":"https:\/\/calleangosta.com\/ca\/wp-json\/wp\/v2\/posts\/8433\/revisions"}],"predecessor-version":[{"id":8435,"href":"https:\/\/calleangosta.com\/ca\/wp-json\/wp\/v2\/posts\/8433\/revisions\/8435"}],"wp:featuredmedia":[{"embeddable":true,"href":"https:\/\/calleangosta.com\/ca\/wp-json\/wp\/v2\/media\/8434"}],"wp:attachment":[{"href":"https:\/\/calleangosta.com\/ca\/wp-json\/wp\/v2\/media?parent=8433"}],"wp:term":[{"taxonomy":"category","embeddable":true,"href":"https:\/\/calleangosta.com\/ca\/wp-json\/wp\/v2\/categories?post=8433"},{"taxonomy":"post_tag","embeddable":true,"href":"https:\/\/calleangosta.com\/ca\/wp-json\/wp\/v2\/tags?post=8433"}],"curies":[{"name":"wp","href":"https:\/\/api.w.org\/{rel}","templated":true}]}}