{"id":8532,"date":"2025-03-10T20:10:41","date_gmt":"2025-03-10T23:10:41","guid":{"rendered":"https:\/\/calleangosta.com\/ca\/?p=8532"},"modified":"2025-03-10T20:10:42","modified_gmt":"2025-03-10T23:10:42","slug":"diputados-debatira-en-sesion-especial-el-escandalo-libra","status":"publish","type":"post","link":"https:\/\/calleangosta.com\/ca\/diputados-debatira-en-sesion-especial-el-escandalo-libra\/","title":{"rendered":"Diputados debatir\u00e1 en sesi\u00f3n especial el esc\u00e1ndalo $LIBRA"},"content":{"rendered":"\n<p>La C\u00e1mara de Diputados convoc\u00f3 a una sesi\u00f3n especial para este mi\u00e9rcoles al mediod\u00eda, con el objetivo de tratar el esc\u00e1ndalo $LIBRA. La iniciativa fue impulsada por el diputado Pablo Juliano, jefe de la bancada Democracia para Siempre. Adem\u00e1s, no se descarta que se aborde la declaraci\u00f3n de emergencia para Bah\u00eda Blanca.<\/p>\n\n\n\n<p>Ese mismo d\u00eda, a las 10, se reunir\u00e1 el plenario de comisiones para discutir la baja de imputabilidad. Sin embargo, no est\u00e1 previsto que se emita dictamen, sino que los distintos bloques expongan sus posturas.<\/p>\n\n\n\n<p>Pese a intentos del oficialismo por frenar la sesi\u00f3n, finalmente se confirm\u00f3 su realizaci\u00f3n para debatir una decena de proyectos vinculados al caso $LIBRA. Entre ellos, se encuentra la propuesta de crear una comisi\u00f3n investigadora, impulsada por el bloque radical de Democracia para Siempre, junto con diversos pedidos de informes presentados por Encuentro Federal, la Coalici\u00f3n C\u00edvica, UP y la Izquierda.<\/p>\n\n\n\n<p>Si bien los impulsores de la sesi\u00f3n avanzar\u00e1n con la discusi\u00f3n, reconocen que no cuentan con los dos tercios necesarios para la aprobaci\u00f3n de las iniciativas, ya que ninguna de ellas tiene dictamen de comisi\u00f3n.<\/p>\n","protected":false},"excerpt":{"rendered":"<p>La C\u00e1mara de Diputados convoc\u00f3 a una sesi\u00f3n especial para este mi\u00e9rcoles al mediod\u00eda, con el objetivo de tratar el esc\u00e1ndalo $LIBRA. La iniciativa fue impulsada por el diputado Pablo Juliano, jefe de la bancada Democracia para Siempre. Adem\u00e1s, no se descarta que se aborde la declaraci\u00f3n de emergencia para Bah\u00eda Blanca. Ese mismo d\u00eda, &hellip;<\/p>\n","protected":false},"author":13,"featured_media":8533,"comment_status":"open","ping_status":"open","sticky":false,"template":"","format":"standard","meta":{"advanced_seo_description":"","jetpack_seo_html_title":"","jetpack_seo_noindex":false,"_jetpack_memberships_contains_paid_content":false,"footnotes":"","jetpack_publicize_message":"","jetpack_publicize_feature_enabled":true,"jetpack_social_post_already_shared":false,"jetpack_social_options":{"image_generator_settings":{"template":"highway","default_image_id":0,"font":"","enabled":false},"version":2}},"categories":[31],"tags":[],"class_list":["post-8532","post","type-post","status-publish","format-standard","has-post-thumbnail","hentry","category-argentina"],"jetpack_publicize_connections":[],"jetpack_featured_media_url":"https:\/\/i0.wp.com\/calleangosta.com\/ca\/wp-content\/uploads\/2025\/03\/images-2.jpg?fit=275%2C183&ssl=1","jetpack_sharing_enabled":true,"_links":{"self":[{"href":"https:\/\/calleangosta.com\/ca\/wp-json\/wp\/v2\/posts\/8532","targetHints":{"allow":["GET"]}}],"collection":[{"href":"https:\/\/calleangosta.com\/ca\/wp-json\/wp\/v2\/posts"}],"about":[{"href":"https:\/\/calleangosta.com\/ca\/wp-json\/wp\/v2\/types\/post"}],"author":[{"embeddable":true,"href":"https:\/\/calleangosta.com\/ca\/wp-json\/wp\/v2\/users\/13"}],"replies":[{"embeddable":true,"href":"https:\/\/calleangosta.com\/ca\/wp-json\/wp\/v2\/comments?post=8532"}],"version-history":[{"count":1,"href":"https:\/\/calleangosta.com\/ca\/wp-json\/wp\/v2\/posts\/8532\/revisions"}],"predecessor-version":[{"id":8534,"href":"https:\/\/calleangosta.com\/ca\/wp-json\/wp\/v2\/posts\/8532\/revisions\/8534"}],"wp:featuredmedia":[{"embeddable":true,"href":"https:\/\/calleangosta.com\/ca\/wp-json\/wp\/v2\/media\/8533"}],"wp:attachment":[{"href":"https:\/\/calleangosta.com\/ca\/wp-json\/wp\/v2\/media?parent=8532"}],"wp:term":[{"taxonomy":"category","embeddable":true,"href":"https:\/\/calleangosta.com\/ca\/wp-json\/wp\/v2\/categories?post=8532"},{"taxonomy":"post_tag","embeddable":true,"href":"https:\/\/calleangosta.com\/ca\/wp-json\/wp\/v2\/tags?post=8532"}],"curies":[{"name":"wp","href":"https:\/\/api.w.org\/{rel}","templated":true}]}}