{"id":8561,"date":"2025-03-11T19:45:18","date_gmt":"2025-03-11T22:45:18","guid":{"rendered":"https:\/\/calleangosta.com\/ca\/?p=8561"},"modified":"2025-03-11T19:45:19","modified_gmt":"2025-03-11T22:45:19","slug":"se-oficializo-la-alianza-frente-justicialista-para-las-elecciones-provinciales","status":"publish","type":"post","link":"https:\/\/calleangosta.com\/ca\/se-oficializo-la-alianza-frente-justicialista-para-las-elecciones-provinciales\/","title":{"rendered":"Se oficializ\u00f3 la Alianza Frente Justicialista para las elecciones provinciales"},"content":{"rendered":"\n<p>Bajo principios de convicci\u00f3n, militancia, concentraci\u00f3n de fuerzas, justicia y progreso, este martes se formaliz\u00f3 la constituci\u00f3n de la Alianza Frente Justicialista, con vistas a las elecciones provinciales del pr\u00f3ximo 11 de mayo. La firma del Acta Constitutiva tuvo lugar en la sede provincial del Partido Justicialista y reuni\u00f3 a diversos dirigentes y representantes de partidos, movimientos y agrupaciones.<\/p>\n\n\n\n<p>El acto estuvo encabezado por Eugenia Catalfamo, Marcelo Amitrano y Juan Mart\u00edn Divizia, en representaci\u00f3n del Consejo Provincial del Partido Justicialista, junto a la apoderada partidaria \u00c1ngela Guti\u00e9rrez de Gatto. Durante el encuentro, se destac\u00f3 la importancia de la unidad y el compromiso peronista en este nuevo desaf\u00edo electoral. \u201cEstamos ante un nuevo camino electoral y a los peronistas nos gusta enfrentar dif\u00edciles contiendas como la que se aproxima\u201d, expres\u00f3 Catalfamo, vicepresidenta del PJ.<\/p>\n\n\n\n<p>El Acta Constitutiva de la Alianza Frente Justicialista fue suscripta por:<\/p>\n\n\n\n<ul class=\"wp-block-list\">\n<li>Alberto Rodr\u00edguez Sa\u00e1, presidente del Partido Justicialista.<\/li>\n\n\n\n<li>Gast\u00f3n T\u00e9moli, presidente del Movimiento de Integraci\u00f3n Latinoamericana de Expresi\u00f3n Social (Miles).<\/li>\n\n\n\n<li>Josefina del Valle Aldana, presidenta de Compromiso Federal.<\/li>\n\n\n\n<li>Representantes del Movimiento Comunal Mercedino (Mocomer).<\/li>\n\n\n\n<li>Sonia del Arco, presidenta de MAS + San Luis, y Alejandra Tejero, secretaria.<\/li>\n\n\n\n<li>Ra\u00fal Ernesto Ochoa, presidente del Movimiento Puntano.<\/li>\n<\/ul>\n\n\n\n<p>Asimismo, participaron del acto Cristian Ni\u00f1o (Miles), Iv\u00e1n Cal\u00ed Velazco, apoderado de Compromiso Federal, y Beatriz Ochoa, apoderada del Movimiento Puntano.<\/p>\n\n\n\n<p><strong>Agrupaciones adherentes<\/strong><\/p>\n\n\n\n<p>A la conformaci\u00f3n de la alianza tambi\u00e9n se sumaron diversas agrupaciones, entre ellas:<\/p>\n\n\n\n<ul class=\"wp-block-list\">\n<li>Generaci\u00f3n Patri\u00f3tica.<\/li>\n\n\n\n<li>Los J\u00f3venes del Alberto.<\/li>\n\n\n\n<li>J\u00f3venes Puntanos en Acci\u00f3n.<\/li>\n\n\n\n<li>La Usina.<\/li>\n\n\n\n<li>Convicciones Peronistas.<\/li>\n\n\n\n<li>La 33.<\/li>\n\n\n\n<li>Descamisados.<\/li>\n\n\n\n<li>J\u00f3venes por San Luis.<\/li>\n\n\n\n<li>La Resistencia de la Palmera.<\/li>\n\n\n\n<li>Esperanza Peronista.<\/li>\n\n\n\n<li>Agrupaci\u00f3n Antonio Cafiero.<\/li>\n<\/ul>\n\n\n\n<p>Con esta conformaci\u00f3n, el Frente Justicialista se prepara para competir en los comicios provinciales con una base ampliada de respaldo y un fuerte mensaje de unidad y compromiso con los valores del peronismo.<\/p>\n","protected":false},"excerpt":{"rendered":"<p>Bajo principios de convicci\u00f3n, militancia, concentraci\u00f3n de fuerzas, justicia y progreso, este martes se formaliz\u00f3 la constituci\u00f3n de la Alianza Frente Justicialista, con vistas a las elecciones provinciales del pr\u00f3ximo 11 de mayo. La firma del Acta Constitutiva tuvo lugar en la sede provincial del Partido Justicialista y reuni\u00f3 a diversos dirigentes y representantes de &hellip;<\/p>\n","protected":false},"author":12,"featured_media":8562,"comment_status":"open","ping_status":"open","sticky":false,"template":"","format":"standard","meta":{"advanced_seo_description":"","jetpack_seo_html_title":"","jetpack_seo_noindex":false,"_jetpack_memberships_contains_paid_content":false,"footnotes":"","jetpack_publicize_message":"","jetpack_publicize_feature_enabled":true,"jetpack_social_post_already_shared":false,"jetpack_social_options":{"image_generator_settings":{"template":"highway","default_image_id":0,"font":"","enabled":false},"version":2}},"categories":[32],"tags":[],"class_list":["post-8561","post","type-post","status-publish","format-standard","has-post-thumbnail","hentry","category-san-luis"],"jetpack_publicize_connections":[],"jetpack_featured_media_url":"https:\/\/i0.wp.com\/calleangosta.com\/ca\/wp-content\/uploads\/2025\/03\/WhatsApp-Image-2025-03-11-at-19.43.34.jpeg?fit=679%2C452&ssl=1","jetpack_sharing_enabled":true,"_links":{"self":[{"href":"https:\/\/calleangosta.com\/ca\/wp-json\/wp\/v2\/posts\/8561","targetHints":{"allow":["GET"]}}],"collection":[{"href":"https:\/\/calleangosta.com\/ca\/wp-json\/wp\/v2\/posts"}],"about":[{"href":"https:\/\/calleangosta.com\/ca\/wp-json\/wp\/v2\/types\/post"}],"author":[{"embeddable":true,"href":"https:\/\/calleangosta.com\/ca\/wp-json\/wp\/v2\/users\/12"}],"replies":[{"embeddable":true,"href":"https:\/\/calleangosta.com\/ca\/wp-json\/wp\/v2\/comments?post=8561"}],"version-history":[{"count":1,"href":"https:\/\/calleangosta.com\/ca\/wp-json\/wp\/v2\/posts\/8561\/revisions"}],"predecessor-version":[{"id":8563,"href":"https:\/\/calleangosta.com\/ca\/wp-json\/wp\/v2\/posts\/8561\/revisions\/8563"}],"wp:featuredmedia":[{"embeddable":true,"href":"https:\/\/calleangosta.com\/ca\/wp-json\/wp\/v2\/media\/8562"}],"wp:attachment":[{"href":"https:\/\/calleangosta.com\/ca\/wp-json\/wp\/v2\/media?parent=8561"}],"wp:term":[{"taxonomy":"category","embeddable":true,"href":"https:\/\/calleangosta.com\/ca\/wp-json\/wp\/v2\/categories?post=8561"},{"taxonomy":"post_tag","embeddable":true,"href":"https:\/\/calleangosta.com\/ca\/wp-json\/wp\/v2\/tags?post=8561"}],"curies":[{"name":"wp","href":"https:\/\/api.w.org\/{rel}","templated":true}]}}