{"id":8572,"date":"2025-03-12T17:01:02","date_gmt":"2025-03-12T20:01:02","guid":{"rendered":"https:\/\/calleangosta.com\/ca\/?p=8572"},"modified":"2025-03-12T17:01:03","modified_gmt":"2025-03-12T20:01:03","slug":"crisis-en-la-salud-trabajadores-denuncian-recorte-salarial-y-convocan-a-asamblea","status":"publish","type":"post","link":"https:\/\/calleangosta.com\/ca\/crisis-en-la-salud-trabajadores-denuncian-recorte-salarial-y-convocan-a-asamblea\/","title":{"rendered":"Crisis en la salud: trabajadores denuncian recorte salarial y convocan a asamblea"},"content":{"rendered":"\n<p>Los delegados gremiales denunciaron que los salarios fueron reducidos de manera injustificada, lo que gener\u00f3 malestar entre los trabajadores del sector. En respuesta, anunciaron una asamblea en el Hospital Pedi\u00e1trico de San Luis.<\/p>\n\n\n\n<p>La sorpresiva reducci\u00f3n en los haberes del mes pasado gener\u00f3 enojo entre los empleados de la salud p\u00fablica, quienes responsabilizan al \u00e1rea de Recursos Humanos del Ministerio de Salud por aplicar descuentos sin previo aviso y eliminar el presentismo.<\/p>\n\n\n\n<p>El secretario adjunto de la Asociaci\u00f3n de Trabajadores de la Sanidad Argentina, Ger\u00f3nimo Ortiz, calific\u00f3 los descuentos como injustificados. \u201cLas medidas que toma el Gobierno provincial est\u00e1n dirigidas a perjudicar a los trabajadores\u201d, afirm\u00f3 en una nota enviada a las autoridades del hospital pedi\u00e1trico para solicitar el uso de un sal\u00f3n donde se llev\u00f3 a cabo la asamblea el mi\u00e9rcoles por la ma\u00f1ana.<\/p>\n\n\n\n<p>Seg\u00fan Ortiz, la reducci\u00f3n de sueldos por \u00abinasistencia\u00bb representa un \u00ababuso de autoridad\u00bb y un castigo que afecta la econom\u00eda de los trabajadores.<\/p>\n\n\n\n<p>En la carta, el delegado gremial tambi\u00e9n record\u00f3 el pago de sueldos en cuotas impuesto por el gobierno provincial y se\u00f1al\u00f3 que, hasta la fecha, el Estado adeuda la actualizaci\u00f3n de las escalas salariales \u201cdebidamente homologadas\u201d.<\/p>\n","protected":false},"excerpt":{"rendered":"<p>Los delegados gremiales denunciaron que los salarios fueron reducidos de manera injustificada, lo que gener\u00f3 malestar entre los trabajadores del sector. En respuesta, anunciaron una asamblea en el Hospital Pedi\u00e1trico de San Luis. La sorpresiva reducci\u00f3n en los haberes del mes pasado gener\u00f3 enojo entre los empleados de la salud p\u00fablica, quienes responsabilizan al \u00e1rea &hellip;<\/p>\n","protected":false},"author":12,"featured_media":8573,"comment_status":"open","ping_status":"open","sticky":false,"template":"","format":"standard","meta":{"advanced_seo_description":"","jetpack_seo_html_title":"","jetpack_seo_noindex":false,"_jetpack_memberships_contains_paid_content":false,"footnotes":"","jetpack_publicize_message":"","jetpack_publicize_feature_enabled":true,"jetpack_social_post_already_shared":false,"jetpack_social_options":{"image_generator_settings":{"template":"highway","default_image_id":0,"font":"","enabled":false},"version":2}},"categories":[32],"tags":[],"class_list":["post-8572","post","type-post","status-publish","format-standard","has-post-thumbnail","hentry","category-san-luis"],"jetpack_publicize_connections":[],"jetpack_featured_media_url":"https:\/\/i0.wp.com\/calleangosta.com\/ca\/wp-content\/uploads\/2025\/03\/HOSPITAL-PEDIATRICO-2-1-750x420-1.jpg?fit=750%2C420&ssl=1","jetpack_sharing_enabled":true,"_links":{"self":[{"href":"https:\/\/calleangosta.com\/ca\/wp-json\/wp\/v2\/posts\/8572","targetHints":{"allow":["GET"]}}],"collection":[{"href":"https:\/\/calleangosta.com\/ca\/wp-json\/wp\/v2\/posts"}],"about":[{"href":"https:\/\/calleangosta.com\/ca\/wp-json\/wp\/v2\/types\/post"}],"author":[{"embeddable":true,"href":"https:\/\/calleangosta.com\/ca\/wp-json\/wp\/v2\/users\/12"}],"replies":[{"embeddable":true,"href":"https:\/\/calleangosta.com\/ca\/wp-json\/wp\/v2\/comments?post=8572"}],"version-history":[{"count":1,"href":"https:\/\/calleangosta.com\/ca\/wp-json\/wp\/v2\/posts\/8572\/revisions"}],"predecessor-version":[{"id":8574,"href":"https:\/\/calleangosta.com\/ca\/wp-json\/wp\/v2\/posts\/8572\/revisions\/8574"}],"wp:featuredmedia":[{"embeddable":true,"href":"https:\/\/calleangosta.com\/ca\/wp-json\/wp\/v2\/media\/8573"}],"wp:attachment":[{"href":"https:\/\/calleangosta.com\/ca\/wp-json\/wp\/v2\/media?parent=8572"}],"wp:term":[{"taxonomy":"category","embeddable":true,"href":"https:\/\/calleangosta.com\/ca\/wp-json\/wp\/v2\/categories?post=8572"},{"taxonomy":"post_tag","embeddable":true,"href":"https:\/\/calleangosta.com\/ca\/wp-json\/wp\/v2\/tags?post=8572"}],"curies":[{"name":"wp","href":"https:\/\/api.w.org\/{rel}","templated":true}]}}