{"id":8590,"date":"2025-03-13T08:17:35","date_gmt":"2025-03-13T11:17:35","guid":{"rendered":"https:\/\/calleangosta.com\/ca\/?p=8590"},"modified":"2025-03-13T08:17:36","modified_gmt":"2025-03-13T11:17:36","slug":"fotografo-herido-en-manifestacion-fue-operado-y-sigue-en-estado-critico","status":"publish","type":"post","link":"https:\/\/calleangosta.com\/ca\/fotografo-herido-en-manifestacion-fue-operado-y-sigue-en-estado-critico\/","title":{"rendered":"Fot\u00f3grafo herido en manifestaci\u00f3n: fue operado y sigue en estado cr\u00edtico"},"content":{"rendered":"\n<p>La intervenci\u00f3n quir\u00fargica se realiz\u00f3 el mi\u00e9rcoles en el Hospital Ramos Mej\u00eda. Seg\u00fan inform\u00f3 su padre, Fabi\u00e1n Grillo, los m\u00e9dicos lograron reducir la presi\u00f3n intracraneal y reconstruir parte del tejido da\u00f1ado. Sin embargo, su estado sigue siendo delicado.<\/p>\n\n\n\n<h3 class=\"wp-block-heading\">\u00abSu situaci\u00f3n es cr\u00edtica\u00bb<\/h3>\n\n\n\n<p>\u00abPablo sali\u00f3 de la cirug\u00eda, pero su situaci\u00f3n es cr\u00edtica y su pron\u00f3stico reservado. Se encuentra en terapia intensiva, aunque hubo una respuesta pupilar positiva en principio\u00bb, detall\u00f3 su padre.<\/p>\n\n\n\n<h3 class=\"wp-block-heading\">Llamado a la solidaridad: se necesitan donantes de sangre<\/h3>\n\n\n\n<p>Ante la gravedad del caso, se ha hecho un llamado urgente a la comunidad para donar sangre. Se requiere de cualquier grupo y factor, y los donantes pueden acercarse al Hospital General de Agudos Jos\u00e9 Mar\u00eda Ramos Mej\u00eda (General Urquiza 609, CABA) el jueves 13 de marzo por la ma\u00f1ana, presentando su DNI.<\/p>\n\n\n\n<h3 class=\"wp-block-heading\">Un ataque que gener\u00f3 conmoci\u00f3n<\/h3>\n\n\n\n<p>Pablo Grillo fue herido durante una manifestaci\u00f3n de jubilados e hinchas de f\u00fatbol en las cercan\u00edas del Congreso. Seg\u00fan testigos, la Polic\u00eda intervino con violencia y Grillo sufri\u00f3 graves lesiones en la cabeza. El hecho gener\u00f3 conmoci\u00f3n en el sector period\u00edstico y pedidos de esclarecimiento sobre el accionar policial.<\/p>\n\n\n\n<figure class=\"wp-block-image size-large\"><img data-recalc-dims=\"1\" loading=\"lazy\" decoding=\"async\" width=\"600\" height=\"450\" data-attachment-id=\"8592\" data-permalink=\"https:\/\/calleangosta.com\/ca\/fotografo-herido-en-manifestacion-fue-operado-y-sigue-en-estado-critico\/image-6\/\" data-orig-file=\"https:\/\/i0.wp.com\/calleangosta.com\/ca\/wp-content\/uploads\/2025\/03\/image.png?fit=680%2C510&amp;ssl=1\" data-orig-size=\"680,510\" data-comments-opened=\"1\" data-image-meta=\"{&quot;aperture&quot;:&quot;0&quot;,&quot;credit&quot;:&quot;&quot;,&quot;camera&quot;:&quot;&quot;,&quot;caption&quot;:&quot;&quot;,&quot;created_timestamp&quot;:&quot;0&quot;,&quot;copyright&quot;:&quot;&quot;,&quot;focal_length&quot;:&quot;0&quot;,&quot;iso&quot;:&quot;0&quot;,&quot;shutter_speed&quot;:&quot;0&quot;,&quot;title&quot;:&quot;&quot;,&quot;orientation&quot;:&quot;0&quot;}\" data-image-title=\"image\" data-image-description=\"\" data-image-caption=\"\" data-large-file=\"https:\/\/i0.wp.com\/calleangosta.com\/ca\/wp-content\/uploads\/2025\/03\/image.png?fit=600%2C450&amp;ssl=1\" src=\"https:\/\/i0.wp.com\/calleangosta.com\/ca\/wp-content\/uploads\/2025\/03\/image.png?resize=600%2C450&#038;ssl=1\" alt=\"\" class=\"wp-image-8592\" srcset=\"https:\/\/i0.wp.com\/calleangosta.com\/ca\/wp-content\/uploads\/2025\/03\/image.png?resize=600%2C450&amp;ssl=1 600w, https:\/\/i0.wp.com\/calleangosta.com\/ca\/wp-content\/uploads\/2025\/03\/image.png?resize=300%2C225&amp;ssl=1 300w, https:\/\/i0.wp.com\/calleangosta.com\/ca\/wp-content\/uploads\/2025\/03\/image.png?resize=150%2C113&amp;ssl=1 150w, https:\/\/i0.wp.com\/calleangosta.com\/ca\/wp-content\/uploads\/2025\/03\/image.png?w=680&amp;ssl=1 680w\" sizes=\"auto, (max-width: 600px) 100vw, 600px\" \/><\/figure>\n","protected":false},"excerpt":{"rendered":"<p>La intervenci\u00f3n quir\u00fargica se realiz\u00f3 el mi\u00e9rcoles en el Hospital Ramos Mej\u00eda. Seg\u00fan inform\u00f3 su padre, Fabi\u00e1n Grillo, los m\u00e9dicos lograron reducir la presi\u00f3n intracraneal y reconstruir parte del tejido da\u00f1ado. Sin embargo, su estado sigue siendo delicado. \u00abSu situaci\u00f3n es cr\u00edtica\u00bb \u00abPablo sali\u00f3 de la cirug\u00eda, pero su situaci\u00f3n es cr\u00edtica y su pron\u00f3stico &hellip;<\/p>\n","protected":false},"author":13,"featured_media":8591,"comment_status":"open","ping_status":"open","sticky":false,"template":"","format":"standard","meta":{"advanced_seo_description":"","jetpack_seo_html_title":"","jetpack_seo_noindex":false,"_jetpack_memberships_contains_paid_content":false,"footnotes":"","jetpack_publicize_message":"","jetpack_publicize_feature_enabled":true,"jetpack_social_post_already_shared":false,"jetpack_social_options":{"image_generator_settings":{"template":"highway","default_image_id":0,"font":"","enabled":false},"version":2}},"categories":[31],"tags":[],"class_list":["post-8590","post","type-post","status-publish","format-standard","has-post-thumbnail","hentry","category-argentina"],"jetpack_publicize_connections":[],"jetpack_featured_media_url":"https:\/\/i0.wp.com\/calleangosta.com\/ca\/wp-content\/uploads\/2025\/03\/Gl415eOWUAAbV3n.jpg?fit=680%2C453&ssl=1","jetpack_sharing_enabled":true,"_links":{"self":[{"href":"https:\/\/calleangosta.com\/ca\/wp-json\/wp\/v2\/posts\/8590","targetHints":{"allow":["GET"]}}],"collection":[{"href":"https:\/\/calleangosta.com\/ca\/wp-json\/wp\/v2\/posts"}],"about":[{"href":"https:\/\/calleangosta.com\/ca\/wp-json\/wp\/v2\/types\/post"}],"author":[{"embeddable":true,"href":"https:\/\/calleangosta.com\/ca\/wp-json\/wp\/v2\/users\/13"}],"replies":[{"embeddable":true,"href":"https:\/\/calleangosta.com\/ca\/wp-json\/wp\/v2\/comments?post=8590"}],"version-history":[{"count":1,"href":"https:\/\/calleangosta.com\/ca\/wp-json\/wp\/v2\/posts\/8590\/revisions"}],"predecessor-version":[{"id":8593,"href":"https:\/\/calleangosta.com\/ca\/wp-json\/wp\/v2\/posts\/8590\/revisions\/8593"}],"wp:featuredmedia":[{"embeddable":true,"href":"https:\/\/calleangosta.com\/ca\/wp-json\/wp\/v2\/media\/8591"}],"wp:attachment":[{"href":"https:\/\/calleangosta.com\/ca\/wp-json\/wp\/v2\/media?parent=8590"}],"wp:term":[{"taxonomy":"category","embeddable":true,"href":"https:\/\/calleangosta.com\/ca\/wp-json\/wp\/v2\/categories?post=8590"},{"taxonomy":"post_tag","embeddable":true,"href":"https:\/\/calleangosta.com\/ca\/wp-json\/wp\/v2\/tags?post=8590"}],"curies":[{"name":"wp","href":"https:\/\/api.w.org\/{rel}","templated":true}]}}