{"id":8594,"date":"2025-03-13T19:53:32","date_gmt":"2025-03-13T22:53:32","guid":{"rendered":"https:\/\/calleangosta.com\/ca\/?p=8594"},"modified":"2025-03-14T09:22:17","modified_gmt":"2025-03-14T12:22:17","slug":"represion-salvaje-un-punto-de-inflexion-milei-tiene-el-boleto-picado-en-el-mejor-de-los-casos-no-tendra-reeleccion","status":"publish","type":"post","link":"https:\/\/calleangosta.com\/ca\/represion-salvaje-un-punto-de-inflexion-milei-tiene-el-boleto-picado-en-el-mejor-de-los-casos-no-tendra-reeleccion\/","title":{"rendered":"REPRESI\u00d3N SALVAJE, UN PUNTO DE INFLEXI\u00d3N. Milei tiene \u00abel boleto picado\u00bb; en el mejor de los casos no tendr\u00e1 reelecci\u00f3n"},"content":{"rendered":"\n<p>Por<a href=\"http:\/\/www.pajarorojo.com.ar\/\"> Juan Jos\u00e9 Salinas<\/a><\/p>\n\n\n\n<p>Su futuro pol\u00edtico esta herido de muerte. Y fue \u00e9l mismo quien se infligi\u00f3 la estocada. Acabo de regresar de la abortada manifestaci\u00f3n popular en respaldo a los jubilados que reclaman su derecho a la subsistencia. Abortada por decisi\u00f3n de la ministra de Seguridad Patricia Bullshit*. La misma que fue montonera y seg\u00fan el Presidente exager\u00f3, pon\u00eda bombas en los jardines de infantes. Y que est\u00e1 involucrada \u2013cuando menos\u2013 en el encubrimiento de su entonces mano derecha que estaba al tanto del intento de asesinato de la ex Presidenta. La misma&nbsp; que orden\u00f3 que parte de los efectivos de las fuerzas federales se entremezclaran vestidos de civil (es decir, infiltrados) con el declarado objetivo&nbsp; de identificar a quienes iniciaran des\u00f3rdenes. Y que quienes a comienzos de los a\u00f1os 70 del siglo pasado fuimos compa\u00f1eros de la renegada estamos convencidos que fueron los que incendiaron un mont\u00f3n de containers de basura, alg\u00fan autom\u00f3vil, alguna moto. Antes y despu\u00e9s otros \u00abraretas\u00bb, dejaron enorme cantidad de piedras al alcance de los manifestantes y rompieron veredas con el mismo prop\u00f3sito.<\/p>\n\n\n\n<p>Si hasta hubo polic\u00edas que dejaron un patrullero abandonado con las puertas abiertas. Obviamente, para que alg\u00fan manifestante, verdadero o trucho, lo incendiara. Y C5N acaba de mostrar como un polic\u00eda deja en un cantero de c\u00e9sped una pistola abandonada. \u00bfPara qu\u00e9?<\/p>\n\n\n\n<figure class=\"wp-block-image\"><img data-recalc-dims=\"1\" height=\"364\" width=\"600\" decoding=\"async\" src=\"https:\/\/i0.wp.com\/pajarorojo.com.ar\/wp-content\/uploads\/2025\/03\/gendarmeria-600x364.jpg?resize=600%2C364&#038;ssl=1\" alt=\"\" class=\"wp-image-73496\"\/><\/figure>\n\n\n\n<p>Hemos llegado a un&nbsp; punto tan siniestro que no me sorprender\u00eda que uno de estos \u00abmanifestantes\u00bb mate para cambiar el eje del debate p\u00fablico. Imag\u00ednense si muriera un polic\u00eda\u2026<\/p>\n\n\n\n<p>Nunca vi tanta cantidad de efectivos de las guardias de infanter\u00eda de la Polic\u00eda Federal y de las dem\u00e1s fuerzas federales a las \u00f3rdenes de la ministra. Y conste que en aquellos a\u00f1os particip\u00e9 en el \u00absantelmazo\u00bb, una pueblada que el comisario Alberto Villar (que en 1974 alcanzar\u00eda al mismo tiempo la jefatura de la repartici\u00f3n y de la Alianza Anticomunista Argentina, banda de sicarios m\u00e1s conocida como la Triple A) reprimi\u00f3 haciendo debutar al escuadr\u00f3n de polic\u00edas motorizados, con un entonces novedoso coequiper que disparaba gases t\u00f3xicos a troche y moche.<\/p>\n\n\n\n<p>La orden de Bullshit fue clara, disolver la manifestaci\u00f3n antes de que la Plaza se llenara. De todas las maneras posibles, provocando, golpeando y gastando millones en arrojar gases lacrim\u00f3genos a granel para obligar a quienes quer\u00edan asentarse en la plaza.<\/p>\n\n\n\n<p>Me atrevo a hacer una m\u00f3dica profec\u00eda. Adem\u00e1s de que las movilizaciones de los mi\u00e9rcoles nunca mas ser\u00e1n exiguas, no habr\u00e1 partidos de primera y segunda divisi\u00f3n en los que no se pute\u00e9 a Miley y Bullshit.&nbsp; Y esa ser\u00e1 una ola muy dif\u00edcil sino imposible de parar.<\/p>\n\n\n\n<p>Milei tiene el boleto picado. La herida infligida por su criptoshit tardar\u00e1 en cicatrizar a\u00f1os si es que cicatriza. Y todo lo ocurrido desde entonces, entrevistas ama\u00f1adas, valijas provenientes de Miami, ruptura de las normas que reglan el funcionamiento de la C\u00e1mara de Diputados, no hacen m\u00e1s que agravar su situaci\u00f3n. En el mejor de los casos, cumplir\u00e1 su mandato sin posibilidad de ser reelecto. Lo que lo convierte en un pato rengo.<\/p>\n\n\n\n<p>Si, el reloj de arena se ha dado vuelta. Y el C\u00edrculo Rojo debate quien y c\u00f3mo lo reemplazar\u00e1.<\/p>\n\n\n\n<p><\/p>\n","protected":false},"excerpt":{"rendered":"<p>Por Juan Jos\u00e9 Salinas Su futuro pol\u00edtico esta herido de muerte. Y fue \u00e9l mismo quien se infligi\u00f3 la estocada. Acabo de regresar de la abortada manifestaci\u00f3n popular en respaldo a los jubilados que reclaman su derecho a la subsistencia. Abortada por decisi\u00f3n de la ministra de Seguridad Patricia Bullshit*. La misma que fue montonera &hellip;<\/p>\n","protected":false},"author":2,"featured_media":8595,"comment_status":"open","ping_status":"open","sticky":false,"template":"","format":"standard","meta":{"advanced_seo_description":"","jetpack_seo_html_title":"","jetpack_seo_noindex":false,"_jetpack_memberships_contains_paid_content":false,"footnotes":"","jetpack_publicize_message":"","jetpack_publicize_feature_enabled":true,"jetpack_social_post_already_shared":false,"jetpack_social_options":{"image_generator_settings":{"template":"highway","default_image_id":0,"font":"","enabled":false},"version":2}},"categories":[23],"tags":[],"class_list":["post-8594","post","type-post","status-publish","format-standard","has-post-thumbnail","hentry","category-opinion"],"jetpack_publicize_connections":[],"jetpack_featured_media_url":"https:\/\/i0.wp.com\/calleangosta.com\/ca\/wp-content\/uploads\/2025\/03\/gendarmeria.jpg?fit=730%2C443&ssl=1","jetpack_sharing_enabled":true,"_links":{"self":[{"href":"https:\/\/calleangosta.com\/ca\/wp-json\/wp\/v2\/posts\/8594","targetHints":{"allow":["GET"]}}],"collection":[{"href":"https:\/\/calleangosta.com\/ca\/wp-json\/wp\/v2\/posts"}],"about":[{"href":"https:\/\/calleangosta.com\/ca\/wp-json\/wp\/v2\/types\/post"}],"author":[{"embeddable":true,"href":"https:\/\/calleangosta.com\/ca\/wp-json\/wp\/v2\/users\/2"}],"replies":[{"embeddable":true,"href":"https:\/\/calleangosta.com\/ca\/wp-json\/wp\/v2\/comments?post=8594"}],"version-history":[{"count":2,"href":"https:\/\/calleangosta.com\/ca\/wp-json\/wp\/v2\/posts\/8594\/revisions"}],"predecessor-version":[{"id":8597,"href":"https:\/\/calleangosta.com\/ca\/wp-json\/wp\/v2\/posts\/8594\/revisions\/8597"}],"wp:featuredmedia":[{"embeddable":true,"href":"https:\/\/calleangosta.com\/ca\/wp-json\/wp\/v2\/media\/8595"}],"wp:attachment":[{"href":"https:\/\/calleangosta.com\/ca\/wp-json\/wp\/v2\/media?parent=8594"}],"wp:term":[{"taxonomy":"category","embeddable":true,"href":"https:\/\/calleangosta.com\/ca\/wp-json\/wp\/v2\/categories?post=8594"},{"taxonomy":"post_tag","embeddable":true,"href":"https:\/\/calleangosta.com\/ca\/wp-json\/wp\/v2\/tags?post=8594"}],"curies":[{"name":"wp","href":"https:\/\/api.w.org\/{rel}","templated":true}]}}