{"id":8835,"date":"2025-03-31T09:04:11","date_gmt":"2025-03-31T12:04:11","guid":{"rendered":"https:\/\/calleangosta.com\/ca\/?p=8835"},"modified":"2025-03-31T09:06:43","modified_gmt":"2025-03-31T12:06:43","slug":"elecciones-en-san-luis-y-sigue-la-misma-musica-feudal-quien-le-pone-el-cascabel-al-gato","status":"publish","type":"post","link":"https:\/\/calleangosta.com\/ca\/elecciones-en-san-luis-y-sigue-la-misma-musica-feudal-quien-le-pone-el-cascabel-al-gato\/","title":{"rendered":"Elecciones en San Luis y sigue la misma m\u00fasica feudal \u00bfQui\u00e9n le pone el cascabel al gato?"},"content":{"rendered":"\n<pre class=\"wp-block-verse\"><em><strong>Prof. Luis Alberto \"Tochi\" Moreno |\u00a0San Luis<\/strong><\/em> | <em><strong><a href=\"http:\/\/www.tochimoreno.com.ar\" target=\"_blank\" rel=\"noreferrer noopener\">www.tochimoreno.com.ar<\/a>\u00a0<\/strong><\/em><\/pre>\n\n\n\n<p>Tal como viene ocurriendo desde hace d\u00e9cadas, estas elecciones del 11 de mayo no cumplen con nuestra Constituci\u00f3n Provincial, ni su ley reglamentaria.<\/p>\n\n\n\n<p>Me he ocupado del tema &nbsp;en <a href=\"http:\/\/www.tochimoreno.com.ar\/eleccionesmunicipales\">www.tochimoreno.com.ar\/eleccionesmunicipales<\/a>.&nbsp; Con notas enviadas al periodismo (con escasa difusi\u00f3n), denuncias ante la justicia, cartas documentos y cartas abiertas a gobernadores y notas a ministros, etc.<\/p>\n\n\n\n<p>Nunca nadie, ni funcionarios, ni jueces, ni dirigentes pol\u00edticos dijeron que mi exigencia estaba equivocada. Nunca. Prevaleci\u00f3 el silencio, los jueces del Superior Tribunal de Justicia entre 2007 y 2011, se declararon incompetentes contradici\u00e9ndose en sus sentencias.<\/p>\n\n\n\n<h2 class=\"wp-block-heading\"><strong>Lo que no se cumple<\/strong><\/h2>\n\n\n\n<p>Desde 2005 no se convoca a elecciones para constituir Comisiones Municipales de cuatro miembros, en las localidades que tengan entre 801 y 1500 habitantes censados &#8211; Art. 250 de la Constituci\u00f3n. En este a\u00f1o debieran elegir esas comisiones Anchorena, Arizona, Fortuna, Balde, Beazley, Nogol\u00ed, Villa de la Quebrada, Fraga, Villa del Carmen y Los Molles. Tampoco se cumple con el Art. 257 de la Constituci\u00f3n que determina la cantidad de concejales, seg\u00fan la poblaci\u00f3n censada. Son varias las localidades provinciales cuyos Concejos Deliberantes deben tener m\u00e1s concejales que los actuales.<\/p>\n\n\n\n<p>Esta inconstitucionalidad en la convocatoria se completa con el incumplimiento de la ley que reglamenta lo constitucional, es la ley XII-0349-2004, cuyo Art\u00edculo 4\u00b0 expresa: <strong><em>\u201cEl Poder Ejecutivo determinar\u00e1 despu\u00e9s de cada censo, los nuevos lugares donde corresponda Municipalidad, Comisi\u00f3n o Comisionado.\u201d<\/em><\/strong><\/p>\n\n\n\n<p>Ni el Gobernador Alberto Rodr\u00edguez Sa\u00e1 en todos sus mandatos, ni el gobernador Claudio Poggi en el suyo anterior, dieron cumplimiento a esta clara y categ\u00f3rica exigencia legal.<\/p>\n\n\n\n<h2 class=\"wp-block-heading\"><strong>Para esta elecci\u00f3n<\/strong><\/h2>\n\n\n\n<p>El \u00faltimo Censo Nacional fue en el 2020, pero los datos finales correspondientes a la poblaci\u00f3n por localidades reci\u00e9n se conocieron a mediados del a\u00f1o pasado. Por eso, con el Escribano Eduardo Gast\u00f3n Mones Ruiz presentamos el 24 de julio de 2024 por Expte 7240760\/24 una nota al entonces Ministro de Gobierno Facundo Endeiza, en la que explic\u00e1bamos, de acuerdo a nuestro an\u00e1lisis, qu\u00e9 tipo de gobierno municipal y qu\u00e9 cantidad de concejales les correspond\u00eda a nuestras localidades provinciales. Al tiempo que le recordamos la obligaci\u00f3n de cumplir con el articulo ya se\u00f1alado de la ley de R\u00e9gimen Municipal.<\/p>\n\n\n\n<p>Es suma, recordamos lo que gobernantes deben conocer sobradamente: el marco legal de nuestras instituciones republicanas.<\/p>\n\n\n\n<p>En una reuni\u00f3n con Endeiza expres\u00f3 estar en pleno conocimiento del tema junto con el Director de Municipios CPN Gonzalo F. Amondarain. Tiempo despu\u00e9s y luego de la renuncia de Endeiza y de su reemplazo por Amondarain; se conoci\u00f3 el Decreto 14010-MG-2024 convocando a elecciones para el 11 de mayo pr\u00f3ximo.<\/p>\n\n\n\n<p>Esta convocatoria nuevamente repite esa vieja omisi\u00f3n y priva, una vez m\u00e1s, a muchas localidades de sus leg\u00edtimos derechos civiles de tener las autoridades que la Constituci\u00f3n y leyes les otorgan.<\/p>\n\n\n\n<h2 class=\"wp-block-heading\"><strong>Pedido de informaci\u00f3n<\/strong><\/h2>\n\n\n\n<p>El 17 de febrero de este 2025 y por Expte 2170390\/25, junto con el Escribano Mones Ruiz le pedimos al Gobernador Claudio Javier Poggi, tras amplia fundamentaci\u00f3n, que nos d\u00e9 las razones o fundamentos para convocar a elecciones sin cumplir lo constitucional en cuanto a autoridades y legisladores municipales. Tambi\u00e9n que nos diga si existe alguna legislaci\u00f3n secreta que le permita al gobernador dejar de lado la Constituci\u00f3n.<\/p>\n\n\n\n<p>Ese pedido de informaci\u00f3n se sostienen la ley de Acceso a la Informaci\u00f3n P\u00fablica V-0924- 2025; sancionada a partir de un proyecto presentado por Poggi en su anterior mandato.<\/p>\n\n\n\n<p>El Gobernador ten\u00eda diez (10) d\u00edas h\u00e1biles para responder. No lo hizo. No obstante esperamos m\u00e1s tiempo, como si nos hubiera pedido y nosotros aceptado, la pr\u00f3rroga que la ley habilita. Tampoco respondi\u00f3.<\/p>\n\n\n\n<p>El lunes 17 de marzo a las 09:05 am, me comuniqu\u00e9 con Asesor\u00eda Legal de la Gobernaci\u00f3n. Quien me atendi\u00f3, el abogado Laborda Claverie me expres\u00f3 que el jueves 20 tendr\u00edamos la respuesta. Tampoco lleg\u00f3, ni a esa fecha, ni a la presente.<\/p>\n\n\n\n<blockquote class=\"wp-block-quote is-layout-flow wp-block-quote-is-layout-flow\">\n<p>\u00bfSer\u00e1 que no tienen c\u00f3mo fundamentar su irrespeto a la Constituci\u00f3n y la ley?<\/p>\n<\/blockquote>\n\n\n\n<h2 class=\"wp-block-heading\"><strong>Finalmente<\/strong><\/h2>\n\n\n\n<p>Esta ley de Acceso a la Informaci\u00f3n P\u00fablica, habilita a acudir a la justicia con una Acci\u00f3n de Amparo. Tr\u00e1mite que requiere la intervenci\u00f3n de un abogado, lo que resulta demasiado oneroso, adem\u00e1s de lento y de resoluci\u00f3n no segura seg\u00fan mi experiencia. Lo mismo pasa con una denuncia de inconstitucionalidad.<\/p>\n\n\n\n<p>El 25 de marzo, nos dirigimos nuevamente por nota al Gobernador Poggi, record\u00e1ndole que su falta de respuesta es considerada por la misma ley como grave y responsabiliza a los responsables seg\u00fan los C\u00f3digos Civil y Penal de la Naci\u00f3n. Le informamos tambi\u00e9n que no acudiremos a la justicia, por lo ya dicho.<\/p>\n\n\n\n<p>No es extra\u00f1a una actitud as\u00ed de parte del Gobernador Poggi, porque este autoritarismo de decidir qu\u00e9 gobiernos deben tener nuestras localidades&nbsp; seg\u00fan su gusto y&nbsp; por fuera del mandato republicano y constitucional, &nbsp;y en no responder al pedido de informaci\u00f3n de dos ciudadanos, es algo que debe haber aprendido cuando&nbsp; fue fiel funcionario de los gobiernos de Adolfo y Alberto Rodr\u00edguez Sa\u00e1, sus maestros como tantas veces dijo.<\/p>\n\n\n\n<p>Lo que s\u00ed es extra\u00f1o, y lamentable, es el silencio de los que saben, pueden y deben reaccionar. Me refiero a toda la dirigencia pol\u00edtica, oficialista y opositora. Porque tienen la obligaci\u00f3n republicana y democr\u00e1tica de elevar su voz a lo largo y ancho de San Luis, para denunciar y convocar al logro de la plena vigencia de todas las estructuras de gobierno que nos corresponde.<\/p>\n\n\n\n<p>Desconozco si ante una inconstitucionalidad as\u00ed de evidente, desde la justicia alguien puede actuar de oficio.<\/p>\n\n\n\n<p>Para mayor informaci\u00f3n de gobernantes y gobernados, me permito recordar el Art\u00edculo 63 de nuestra Constituci\u00f3n: <strong><em>\u201cEn ning\u00fan caso y por ning\u00fan motivo o pretexto, las autoridades de la Provincia pueden suspender la observancia de esta Constituci\u00f3n, ni la de la Naci\u00f3n o la efectividad de las garant\u00edas establecidas.\u201d<\/em><\/strong><\/p>\n\n\n\n<blockquote class=\"wp-block-quote is-layout-flow wp-block-quote-is-layout-flow\">\n<p>\u00a0Estamos claramente, ante un delito persistente y muy grave. Pero\u2026 <strong><em>\u00bfQui\u00e9n le pone el cascabel al gato?<\/em><\/strong><\/p>\n<\/blockquote>\n\n\n\n<p><\/p>\n","protected":false},"excerpt":{"rendered":"<p>Prof. Luis Alberto \u00abTochi\u00bb Moreno |\u00a0San Luis | www.tochimoreno.com.ar\u00a0 Tal como viene ocurriendo desde hace d\u00e9cadas, estas elecciones del 11 de mayo no cumplen con nuestra Constituci\u00f3n Provincial, ni su ley reglamentaria. Me he ocupado del tema &nbsp;en www.tochimoreno.com.ar\/eleccionesmunicipales.&nbsp; Con notas enviadas al periodismo (con escasa difusi\u00f3n), denuncias ante la justicia, cartas documentos y cartas &hellip;<\/p>\n","protected":false},"author":2,"featured_media":8836,"comment_status":"open","ping_status":"open","sticky":false,"template":"","format":"standard","meta":{"advanced_seo_description":"","jetpack_seo_html_title":"","jetpack_seo_noindex":false,"_jetpack_memberships_contains_paid_content":false,"footnotes":"","jetpack_publicize_message":"","jetpack_publicize_feature_enabled":true,"jetpack_social_post_already_shared":false,"jetpack_social_options":{"image_generator_settings":{"template":"highway","default_image_id":0,"font":"","enabled":false},"version":2}},"categories":[23],"tags":[],"class_list":["post-8835","post","type-post","status-publish","format-standard","has-post-thumbnail","hentry","category-opinion"],"jetpack_publicize_connections":[],"jetpack_featured_media_url":"https:\/\/i0.wp.com\/calleangosta.com\/ca\/wp-content\/uploads\/2025\/03\/106dc6f5-a9ae-4bb1-a4b4-ef3df4baff37.png?fit=1024%2C768&ssl=1","jetpack_sharing_enabled":true,"_links":{"self":[{"href":"https:\/\/calleangosta.com\/ca\/wp-json\/wp\/v2\/posts\/8835","targetHints":{"allow":["GET"]}}],"collection":[{"href":"https:\/\/calleangosta.com\/ca\/wp-json\/wp\/v2\/posts"}],"about":[{"href":"https:\/\/calleangosta.com\/ca\/wp-json\/wp\/v2\/types\/post"}],"author":[{"embeddable":true,"href":"https:\/\/calleangosta.com\/ca\/wp-json\/wp\/v2\/users\/2"}],"replies":[{"embeddable":true,"href":"https:\/\/calleangosta.com\/ca\/wp-json\/wp\/v2\/comments?post=8835"}],"version-history":[{"count":1,"href":"https:\/\/calleangosta.com\/ca\/wp-json\/wp\/v2\/posts\/8835\/revisions"}],"predecessor-version":[{"id":8837,"href":"https:\/\/calleangosta.com\/ca\/wp-json\/wp\/v2\/posts\/8835\/revisions\/8837"}],"wp:featuredmedia":[{"embeddable":true,"href":"https:\/\/calleangosta.com\/ca\/wp-json\/wp\/v2\/media\/8836"}],"wp:attachment":[{"href":"https:\/\/calleangosta.com\/ca\/wp-json\/wp\/v2\/media?parent=8835"}],"wp:term":[{"taxonomy":"category","embeddable":true,"href":"https:\/\/calleangosta.com\/ca\/wp-json\/wp\/v2\/categories?post=8835"},{"taxonomy":"post_tag","embeddable":true,"href":"https:\/\/calleangosta.com\/ca\/wp-json\/wp\/v2\/tags?post=8835"}],"curies":[{"name":"wp","href":"https:\/\/api.w.org\/{rel}","templated":true}]}}