{"id":8939,"date":"2025-04-08T19:44:54","date_gmt":"2025-04-08T22:44:54","guid":{"rendered":"https:\/\/calleangosta.com\/ca\/?p=8939"},"modified":"2025-04-08T19:45:00","modified_gmt":"2025-04-08T22:45:00","slug":"abogados-de-villa-mercedes-rechazan-eliminar-la-feria-judicial-y-advierten-sobre-el-colapso-del-sistema","status":"publish","type":"post","link":"https:\/\/calleangosta.com\/ca\/abogados-de-villa-mercedes-rechazan-eliminar-la-feria-judicial-y-advierten-sobre-el-colapso-del-sistema\/","title":{"rendered":"Abogados de Villa Mercedes rechazan eliminar la feria judicial y advierten sobre el colapso del sistema"},"content":{"rendered":"\n<p>El Colegio de Abogados de Villa Mercedes ha manifestado nuevamente su oposici\u00f3n a la propuesta del gobernador Claudio Poggi de eliminar la feria judicial, argumentando que esta medida no solucionar\u00e1 la mora en el sistema judicial.<\/p>\n\n\n\n<p>Mariela Blengino, presidenta del Colegio, enfatiz\u00f3 que, aunque reconocen la necesidad de una reforma en el Poder Judicial, suprimir la feria no aborda las causas fundamentales de la crisis actual. Subray\u00f3 la importancia de un an\u00e1lisis profundo y la creaci\u00f3n de espacios de debate respaldados por investigaciones serias para encontrar soluciones efectivas. <\/p>\n\n\n\n<p>Blengino tambi\u00e9n advirti\u00f3 que la eliminaci\u00f3n de la feria judicial podr\u00eda generar complicaciones adicionales si no se atienden otros aspectos estructurales, como la creaci\u00f3n de nuevos juzgados y la incorporaci\u00f3n de m\u00e1s personal. Explic\u00f3 que, actualmente, alrededor de 1.500 personas, incluyendo jueces, secretarios y empleados, toman sus vacaciones en enero. Si estas vacaciones se distribuyen a lo largo del a\u00f1o, podr\u00eda provocar desorganizaci\u00f3n en los procedimientos judiciales debido a la ausencia alternada del personal. <\/p>\n\n\n\n<p>Adem\u00e1s, record\u00f3 que el a\u00f1o pasado el Colegio present\u00f3 un recurso de amparo por la mora judicial, que fue favorable en primera instancia pero posteriormente rechazado por la C\u00e1mara. Actualmente, el expediente se encuentra en el Superior Tribunal de Justicia y, de ser necesario, est\u00e1n dispuestos a recurrir a la Corte Suprema de Justicia de la Naci\u00f3n. <\/p>\n\n\n\n<p>Es relevante mencionar que el Colegio de Abogados de San Luis tambi\u00e9n ha expresado su rechazo a la eliminaci\u00f3n de la feria judicial, indicando que la medida no resolver\u00eda los problemas de funcionamiento del sistema judicial y que la feria permite a los abogados organizar expedientes y juicios.<\/p>\n\n\n\n<p>Estas posturas reflejan la preocupaci\u00f3n de los profesionales del derecho sobre las posibles implicaciones negativas de eliminar la feria judicial sin abordar las causas subyacentes de la mora en el sistema judicial.<\/p>\n","protected":false},"excerpt":{"rendered":"<p>El Colegio de Abogados de Villa Mercedes ha manifestado nuevamente su oposici\u00f3n a la propuesta del gobernador Claudio Poggi de eliminar la feria judicial, argumentando que esta medida no solucionar\u00e1 la mora en el sistema judicial. Mariela Blengino, presidenta del Colegio, enfatiz\u00f3 que, aunque reconocen la necesidad de una reforma en el Poder Judicial, suprimir &hellip;<\/p>\n","protected":false},"author":13,"featured_media":8940,"comment_status":"open","ping_status":"open","sticky":false,"template":"","format":"standard","meta":{"advanced_seo_description":"","jetpack_seo_html_title":"","jetpack_seo_noindex":false,"_jetpack_memberships_contains_paid_content":false,"footnotes":"","jetpack_publicize_message":"","jetpack_publicize_feature_enabled":true,"jetpack_social_post_already_shared":false,"jetpack_social_options":{"image_generator_settings":{"template":"highway","default_image_id":0,"font":"","enabled":false},"version":2}},"categories":[33],"tags":[],"class_list":["post-8939","post","type-post","status-publish","format-standard","has-post-thumbnail","hentry","category-villa-mercedes-actualidad"],"jetpack_publicize_connections":[],"jetpack_featured_media_url":"https:\/\/i0.wp.com\/calleangosta.com\/ca\/wp-content\/uploads\/2025\/04\/WhatsApp-Image-2025-04-08-at-19.31.40.jpeg?fit=429%2C345&ssl=1","jetpack_sharing_enabled":true,"_links":{"self":[{"href":"https:\/\/calleangosta.com\/ca\/wp-json\/wp\/v2\/posts\/8939","targetHints":{"allow":["GET"]}}],"collection":[{"href":"https:\/\/calleangosta.com\/ca\/wp-json\/wp\/v2\/posts"}],"about":[{"href":"https:\/\/calleangosta.com\/ca\/wp-json\/wp\/v2\/types\/post"}],"author":[{"embeddable":true,"href":"https:\/\/calleangosta.com\/ca\/wp-json\/wp\/v2\/users\/13"}],"replies":[{"embeddable":true,"href":"https:\/\/calleangosta.com\/ca\/wp-json\/wp\/v2\/comments?post=8939"}],"version-history":[{"count":1,"href":"https:\/\/calleangosta.com\/ca\/wp-json\/wp\/v2\/posts\/8939\/revisions"}],"predecessor-version":[{"id":8941,"href":"https:\/\/calleangosta.com\/ca\/wp-json\/wp\/v2\/posts\/8939\/revisions\/8941"}],"wp:featuredmedia":[{"embeddable":true,"href":"https:\/\/calleangosta.com\/ca\/wp-json\/wp\/v2\/media\/8940"}],"wp:attachment":[{"href":"https:\/\/calleangosta.com\/ca\/wp-json\/wp\/v2\/media?parent=8939"}],"wp:term":[{"taxonomy":"category","embeddable":true,"href":"https:\/\/calleangosta.com\/ca\/wp-json\/wp\/v2\/categories?post=8939"},{"taxonomy":"post_tag","embeddable":true,"href":"https:\/\/calleangosta.com\/ca\/wp-json\/wp\/v2\/tags?post=8939"}],"curies":[{"name":"wp","href":"https:\/\/api.w.org\/{rel}","templated":true}]}}