{"id":8973,"date":"2025-04-10T19:49:43","date_gmt":"2025-04-10T22:49:43","guid":{"rendered":"https:\/\/calleangosta.com\/ca\/?p=8973"},"modified":"2025-04-10T19:49:45","modified_gmt":"2025-04-10T22:49:45","slug":"ser-trapito-no-es-un-delito-artistas-y-organizaciones-sociales-rechazan-la-prohibicion-de-cuidacoches-en-san-luis","status":"publish","type":"post","link":"https:\/\/calleangosta.com\/ca\/ser-trapito-no-es-un-delito-artistas-y-organizaciones-sociales-rechazan-la-prohibicion-de-cuidacoches-en-san-luis\/","title":{"rendered":"\u00abSer trapito no es un delito\u00bb: artistas y organizaciones sociales rechazan la prohibici\u00f3n de cuidacoches en San Luis"},"content":{"rendered":"\n<h3 class=\"wp-block-heading\">El colectivo art\u00edstico <strong>\u00abSuena el Bajo\u00bb<\/strong> se manifest\u00f3 en contra del proyecto impulsado por la Municipalidad de San Luis que busca prohibir la actividad de los cuidacoches \u2014conocidos popularmente como \u00abtrapitos\u00bb\u2014 en la capital provincial. A trav\u00e9s de un video difundido en sus redes sociales, denunciaron que la medida <strong>criminaliza la pobreza y deja sin sustento a personas que buscan ganarse la vida de forma honesta<\/strong>.<\/h3>\n\n\n\n<p>\u201c\u00bfSab\u00edas que quieren dejar a la gente sin laburo?\u201d, comienza el mensaje del grupo. \u201cLos trapitos son los pibes que est\u00e1n laburando todo el d\u00eda en la calle. Son personas como vos y como yo, que no llegan a fin de mes. Pero los que s\u00ed llegan a fin de mes, son las personas que los quieren sacar\u00bb, expresaron con firmeza.<\/p>\n\n\n\n<p>La iniciativa surgi\u00f3 tras una reuni\u00f3n entre el intendente <strong>Gast\u00f3n Hissa<\/strong> y la ministra de Seguridad, <strong>Nancy Sosa<\/strong>, quienes afirmaron haber recibido m\u00faltiples reclamos vecinales por presuntos hechos de hostigamiento o presi\u00f3n en zonas donde suelen desempe\u00f1arse los cuidacoches. Seg\u00fan el Ejecutivo municipal, el objetivo es <strong>regular una situaci\u00f3n que no ha sido abordada por el Gobierno provincial<\/strong>.<\/p>\n\n\n\n<p>Sin embargo, desde \u00abSuena el Bajo\u00bb cuestionaron duramente esa postura: \u201cSi realmente quieren hacer algo por la gente, \u00bfpor qu\u00e9 no vienen y les preguntan a los pibes qu\u00e9 necesitan para laburar, en vez de sacarles el laburo?\u201d.<\/p>\n\n\n\n<p>El grupo art\u00edstico, que lleva adelante proyectos con fuerte compromiso social, realiza intervenciones y actividades para visibilizar la situaci\u00f3n de <strong>personas en situaci\u00f3n de calle y trabajadores informales<\/strong>, a quienes tambi\u00e9n asisten con alimentos y contenci\u00f3n.<\/p>\n\n\n\n<p>\u201cOjo, que laburar no es cagar a palos a los pibes. El laburo tambi\u00e9n viene sin abuso de autoridad. Ser trapito no es un delito, es un laburo. \u00bfSabe, se\u00f1or intendente, se\u00f1or gobernador, se\u00f1or presidente?\u201d, cerraron su mensaje con tono cr\u00edtico y desafiante.<\/p>\n\n\n\n<p>Actualmente, la propuesta para <strong>prohibir la actividad de los cuidacoches<\/strong> se encuentra en debate en el Concejo Deliberante de la ciudad, mientras en la sociedad se generan opiniones divididas entre quienes reclaman mayor orden en el espacio p\u00fablico y quienes defienden el derecho al trabajo de los sectores m\u00e1s vulnerables.<\/p>\n","protected":false},"excerpt":{"rendered":"<p>El colectivo art\u00edstico \u00abSuena el Bajo\u00bb se manifest\u00f3 en contra del proyecto impulsado por la Municipalidad de San Luis que busca prohibir la actividad de los cuidacoches \u2014conocidos popularmente como \u00abtrapitos\u00bb\u2014 en la capital provincial. A trav\u00e9s de un video difundido en sus redes sociales, denunciaron que la medida criminaliza la pobreza y deja sin &hellip;<\/p>\n","protected":false},"author":12,"featured_media":8974,"comment_status":"open","ping_status":"open","sticky":false,"template":"","format":"standard","meta":{"advanced_seo_description":"","jetpack_seo_html_title":"","jetpack_seo_noindex":false,"_jetpack_memberships_contains_paid_content":false,"footnotes":"","jetpack_publicize_message":"","jetpack_publicize_feature_enabled":true,"jetpack_social_post_already_shared":false,"jetpack_social_options":{"image_generator_settings":{"template":"highway","default_image_id":0,"font":"","enabled":false},"version":2}},"categories":[32],"tags":[],"class_list":["post-8973","post","type-post","status-publish","format-standard","has-post-thumbnail","hentry","category-san-luis"],"jetpack_publicize_connections":[],"jetpack_featured_media_url":"https:\/\/i0.wp.com\/calleangosta.com\/ca\/wp-content\/uploads\/2025\/04\/WhatsApp-Image-2025-04-10-at-19.47.15.jpeg?fit=390%2C276&ssl=1","jetpack_sharing_enabled":true,"_links":{"self":[{"href":"https:\/\/calleangosta.com\/ca\/wp-json\/wp\/v2\/posts\/8973","targetHints":{"allow":["GET"]}}],"collection":[{"href":"https:\/\/calleangosta.com\/ca\/wp-json\/wp\/v2\/posts"}],"about":[{"href":"https:\/\/calleangosta.com\/ca\/wp-json\/wp\/v2\/types\/post"}],"author":[{"embeddable":true,"href":"https:\/\/calleangosta.com\/ca\/wp-json\/wp\/v2\/users\/12"}],"replies":[{"embeddable":true,"href":"https:\/\/calleangosta.com\/ca\/wp-json\/wp\/v2\/comments?post=8973"}],"version-history":[{"count":1,"href":"https:\/\/calleangosta.com\/ca\/wp-json\/wp\/v2\/posts\/8973\/revisions"}],"predecessor-version":[{"id":8975,"href":"https:\/\/calleangosta.com\/ca\/wp-json\/wp\/v2\/posts\/8973\/revisions\/8975"}],"wp:featuredmedia":[{"embeddable":true,"href":"https:\/\/calleangosta.com\/ca\/wp-json\/wp\/v2\/media\/8974"}],"wp:attachment":[{"href":"https:\/\/calleangosta.com\/ca\/wp-json\/wp\/v2\/media?parent=8973"}],"wp:term":[{"taxonomy":"category","embeddable":true,"href":"https:\/\/calleangosta.com\/ca\/wp-json\/wp\/v2\/categories?post=8973"},{"taxonomy":"post_tag","embeddable":true,"href":"https:\/\/calleangosta.com\/ca\/wp-json\/wp\/v2\/tags?post=8973"}],"curies":[{"name":"wp","href":"https:\/\/api.w.org\/{rel}","templated":true}]}}