{"id":9112,"date":"2025-04-22T11:05:20","date_gmt":"2025-04-22T14:05:20","guid":{"rendered":"https:\/\/calleangosta.com\/ca\/?p=9112"},"modified":"2025-04-22T11:05:22","modified_gmt":"2025-04-22T14:05:22","slug":"cinco-heridos-tras-vuelco-en-san-luis-el-conductor-se-habria-dormido-al-volante","status":"publish","type":"post","link":"https:\/\/calleangosta.com\/ca\/cinco-heridos-tras-vuelco-en-san-luis-el-conductor-se-habria-dormido-al-volante\/","title":{"rendered":"Cinco heridos tras vuelco en San Luis: el conductor se habr\u00eda dormido al volante"},"content":{"rendered":"\n<p>Un grave accidente de tr\u00e1nsito ocurri\u00f3 en la Ruta Provincial N\u00b03, en cercan\u00edas de la localidad de San Luis, cuando un veh\u00edculo volc\u00f3, dejando como saldo cinco personas heridas. Seg\u00fan las primeras investigaciones, el conductor del autom\u00f3vil se habr\u00eda quedado dormido al volante, lo que provoc\u00f3 el siniestro.<\/p>\n\n\n\n<p>El hecho se registr\u00f3 en horas de la tarde, cuando un autom\u00f3vil que circulaba por la Ruta Provincial N\u00b03 perdi\u00f3 el control y volc\u00f3 sobre la banquina. En el veh\u00edculo viajaban cinco personas, quienes resultaron con diversas lesiones y fueron trasladadas de inmediato al Hospital Central \u00abDr. Ram\u00f3n Carrillo\u00bb para recibir atenci\u00f3n m\u00e9dica.<\/p>\n\n\n\n<p>Las autoridades policiales y de emergencias acudieron r\u00e1pidamente al lugar del accidente para asistir a los heridos y realizar las pericias correspondientes. La principal hip\u00f3tesis que manejan los investigadores es que el conductor se habr\u00eda quedado dormido mientras manejaba, lo que deriv\u00f3 en el vuelco del veh\u00edculo.<\/p>\n\n\n\n<h2 class=\"wp-block-heading\">Estado de los heridos<\/h2>\n\n\n\n<p>Los cinco ocupantes del autom\u00f3vil fueron atendidos en el Hospital Central \u00abDr. Ram\u00f3n Carrillo\u00bb. Seg\u00fan informaron fuentes m\u00e9dicas, presentan lesiones de diversa consideraci\u00f3n, pero afortunadamente ninguno de ellos se encuentra en estado cr\u00edtico. Se espera que en las pr\u00f3ximas horas se brinde un parte m\u00e9dico oficial con m\u00e1s detalles sobre la evoluci\u00f3n de los pacientes.<\/p>\n\n\n\n<h2 class=\"wp-block-heading\">Investigaci\u00f3n en curso<\/h2>\n\n\n\n<p>La Polic\u00eda de San Luis contin\u00faa con las investigaciones para determinar las causas exactas del accidente. Se est\u00e1n analizando las condiciones del veh\u00edculo, el estado del conductor y otros factores que podr\u00edan haber influido en el siniestro. Adem\u00e1s, se tomar\u00e1n declaraciones a los involucrados y testigos para esclarecer lo sucedido.<\/p>\n\n\n\n<p>Este nuevo accidente pone en evidencia la importancia de tomar precauciones al conducir, especialmente en rutas y durante trayectos largos, donde el cansancio puede jugar un papel determinante en la seguridad vial.<\/p>\n\n\n\n<p><\/p>\n","protected":false},"excerpt":{"rendered":"<p>Un grave accidente de tr\u00e1nsito ocurri\u00f3 en la Ruta Provincial N\u00b03, en cercan\u00edas de la localidad de San Luis, cuando un veh\u00edculo volc\u00f3, dejando como saldo cinco personas heridas. Seg\u00fan las primeras investigaciones, el conductor del autom\u00f3vil se habr\u00eda quedado dormido al volante, lo que provoc\u00f3 el siniestro. El hecho se registr\u00f3 en horas de &hellip;<\/p>\n","protected":false},"author":13,"featured_media":9113,"comment_status":"open","ping_status":"open","sticky":false,"template":"","format":"standard","meta":{"advanced_seo_description":"","jetpack_seo_html_title":"","jetpack_seo_noindex":false,"_jetpack_memberships_contains_paid_content":false,"footnotes":"","jetpack_publicize_message":"","jetpack_publicize_feature_enabled":true,"jetpack_social_post_already_shared":false,"jetpack_social_options":{"image_generator_settings":{"template":"highway","default_image_id":0,"font":"","enabled":false},"version":2}},"categories":[32],"tags":[],"class_list":["post-9112","post","type-post","status-publish","format-standard","has-post-thumbnail","hentry","category-san-luis"],"jetpack_publicize_connections":[],"jetpack_featured_media_url":"https:\/\/i0.wp.com\/calleangosta.com\/ca\/wp-content\/uploads\/2025\/04\/WhatsApp-Image-2025-04-22-at-10.56.27.jpeg?fit=909%2C689&ssl=1","jetpack_sharing_enabled":true,"_links":{"self":[{"href":"https:\/\/calleangosta.com\/ca\/wp-json\/wp\/v2\/posts\/9112","targetHints":{"allow":["GET"]}}],"collection":[{"href":"https:\/\/calleangosta.com\/ca\/wp-json\/wp\/v2\/posts"}],"about":[{"href":"https:\/\/calleangosta.com\/ca\/wp-json\/wp\/v2\/types\/post"}],"author":[{"embeddable":true,"href":"https:\/\/calleangosta.com\/ca\/wp-json\/wp\/v2\/users\/13"}],"replies":[{"embeddable":true,"href":"https:\/\/calleangosta.com\/ca\/wp-json\/wp\/v2\/comments?post=9112"}],"version-history":[{"count":1,"href":"https:\/\/calleangosta.com\/ca\/wp-json\/wp\/v2\/posts\/9112\/revisions"}],"predecessor-version":[{"id":9114,"href":"https:\/\/calleangosta.com\/ca\/wp-json\/wp\/v2\/posts\/9112\/revisions\/9114"}],"wp:featuredmedia":[{"embeddable":true,"href":"https:\/\/calleangosta.com\/ca\/wp-json\/wp\/v2\/media\/9113"}],"wp:attachment":[{"href":"https:\/\/calleangosta.com\/ca\/wp-json\/wp\/v2\/media?parent=9112"}],"wp:term":[{"taxonomy":"category","embeddable":true,"href":"https:\/\/calleangosta.com\/ca\/wp-json\/wp\/v2\/categories?post=9112"},{"taxonomy":"post_tag","embeddable":true,"href":"https:\/\/calleangosta.com\/ca\/wp-json\/wp\/v2\/tags?post=9112"}],"curies":[{"name":"wp","href":"https:\/\/api.w.org\/{rel}","templated":true}]}}