{"id":9117,"date":"2025-04-22T17:10:29","date_gmt":"2025-04-22T20:10:29","guid":{"rendered":"https:\/\/calleangosta.com\/ca\/?p=9117"},"modified":"2025-04-22T17:10:30","modified_gmt":"2025-04-22T20:10:30","slug":"el-teatro-cobra-vida-en-san-luis-y-villa-mercedes-con-proyecto-circular","status":"publish","type":"post","link":"https:\/\/calleangosta.com\/ca\/el-teatro-cobra-vida-en-san-luis-y-villa-mercedes-con-proyecto-circular\/","title":{"rendered":"\u00a1El teatro cobra vida en San Luis y Villa Mercedes con \u00abProyecto Circular\u00bb!"},"content":{"rendered":"\n<p>Un puente entre el arte esc\u00e9nico y la formaci\u00f3n estudiantil se consolida con&nbsp;<strong>Proyecto Circular<\/strong>, una iniciativa que conecta espect\u00e1culos teatrales producidos por grupos locales con estudiantes de teatro de San Luis y Villa Mercedes. La propuesta busca acercar a futuros artistas a las po\u00e9ticas creativas, los circuitos de distribuci\u00f3n y el complejo entramado detr\u00e1s de la producci\u00f3n teatral, mediante el intercambio directo con gestores, actores, directores, t\u00e9cnicos y otros profesionales del \u00e1mbito.<\/p>\n\n\n\n<p>Con el apoyo del&nbsp;<strong>INT<\/strong>&nbsp;(subsidio de Proyectos con Impacto Comunitario), la&nbsp;<strong>UNSL<\/strong>, el&nbsp;<strong>IFDCVM<\/strong>, y salas independientes como&nbsp;<strong>La Papeler\u00eda<\/strong>,&nbsp;<strong>La Contento Circo<\/strong>,&nbsp;<strong>La Oveja Negra<\/strong>&nbsp;y&nbsp;<strong>El Portal 271<\/strong>, este ciclo invita a explorar el teatro desde sus m\u00faltiples facetas.<\/p>\n\n\n\n<p><strong>Entrada libre y gratuita<\/strong>&nbsp;para todas las funciones.<\/p>\n\n\n\n<hr class=\"wp-block-separator has-alpha-channel-opacity\"\/>\n\n\n\n<h3 class=\"wp-block-heading\">&#x1f4c5;&nbsp;<strong>Programaci\u00f3n en Villa Mercedes<\/strong><\/h3>\n\n\n\n<p><strong>Jueves 24 de abril | 18:00 h<\/strong><br>&#x1f4cd;&nbsp;<em>IFDC Villa Mercedes<\/em><br><strong>\u00abCaramelos en las Tazas\u00bb<\/strong><br>Una narradora teje historias que reflejan nuestra realidad cotidiana, desde los relatos migratorios de los abuelos hasta los arquetipos que nos definen como sociedad. Con humor y sensibilidad, la obra invita a reconectar con el otro a trav\u00e9s de peque\u00f1as situaciones que resuenan en la identidad provincial y nacional.<\/p>\n\n\n\n<figure class=\"wp-block-image size-large\"><img data-recalc-dims=\"1\" loading=\"lazy\" decoding=\"async\" width=\"338\" height=\"600\" data-attachment-id=\"9119\" data-permalink=\"https:\/\/calleangosta.com\/ca\/el-teatro-cobra-vida-en-san-luis-y-villa-mercedes-con-proyecto-circular\/proyecto-circular-2\/\" data-orig-file=\"https:\/\/i0.wp.com\/calleangosta.com\/ca\/wp-content\/uploads\/2025\/04\/proyecto-circular-1.jpeg?fit=900%2C1600&amp;ssl=1\" data-orig-size=\"900,1600\" data-comments-opened=\"1\" data-image-meta=\"{&quot;aperture&quot;:&quot;0&quot;,&quot;credit&quot;:&quot;&quot;,&quot;camera&quot;:&quot;&quot;,&quot;caption&quot;:&quot;&quot;,&quot;created_timestamp&quot;:&quot;0&quot;,&quot;copyright&quot;:&quot;&quot;,&quot;focal_length&quot;:&quot;0&quot;,&quot;iso&quot;:&quot;0&quot;,&quot;shutter_speed&quot;:&quot;0&quot;,&quot;title&quot;:&quot;&quot;,&quot;orientation&quot;:&quot;0&quot;}\" data-image-title=\"proyecto circular\" data-image-description=\"\" data-image-caption=\"\" data-large-file=\"https:\/\/i0.wp.com\/calleangosta.com\/ca\/wp-content\/uploads\/2025\/04\/proyecto-circular-1.jpeg?fit=338%2C600&amp;ssl=1\" src=\"https:\/\/i0.wp.com\/calleangosta.com\/ca\/wp-content\/uploads\/2025\/04\/proyecto-circular-1.jpeg?resize=338%2C600&#038;ssl=1\" alt=\"\" class=\"wp-image-9119\" srcset=\"https:\/\/i0.wp.com\/calleangosta.com\/ca\/wp-content\/uploads\/2025\/04\/proyecto-circular-1.jpeg?resize=338%2C600&amp;ssl=1 338w, https:\/\/i0.wp.com\/calleangosta.com\/ca\/wp-content\/uploads\/2025\/04\/proyecto-circular-1.jpeg?resize=169%2C300&amp;ssl=1 169w, https:\/\/i0.wp.com\/calleangosta.com\/ca\/wp-content\/uploads\/2025\/04\/proyecto-circular-1.jpeg?resize=84%2C150&amp;ssl=1 84w, https:\/\/i0.wp.com\/calleangosta.com\/ca\/wp-content\/uploads\/2025\/04\/proyecto-circular-1.jpeg?resize=768%2C1365&amp;ssl=1 768w, https:\/\/i0.wp.com\/calleangosta.com\/ca\/wp-content\/uploads\/2025\/04\/proyecto-circular-1.jpeg?resize=864%2C1536&amp;ssl=1 864w, https:\/\/i0.wp.com\/calleangosta.com\/ca\/wp-content\/uploads\/2025\/04\/proyecto-circular-1.jpeg?w=900&amp;ssl=1 900w\" sizes=\"auto, (max-width: 338px) 100vw, 338px\" \/><\/figure>\n\n\n\n<p><strong>Ficha t\u00e9cnica<\/strong>:<\/p>\n\n\n\n<ul class=\"wp-block-list\">\n<li><em>Texto e interpretaci\u00f3n<\/em>: Mariela Dominguez<\/li>\n\n\n\n<li><em>Direcci\u00f3n y puesta en escena<\/em>: Alejandro Ochoa<\/li>\n\n\n\n<li><em>Asistencia y dise\u00f1o lum\u00ednico<\/em>: Laila Caram<\/li>\n\n\n\n<li><em>Producci\u00f3n<\/em>: La T\u00eda Tota<\/li>\n<\/ul>\n\n\n\n<hr class=\"wp-block-separator has-alpha-channel-opacity\"\/>\n\n\n\n<h3 class=\"wp-block-heading\">&#x1f3ad;&nbsp;<strong>Pr\u00f3ximas funciones<\/strong><\/h3>\n\n\n\n<p><strong>Lunes 19 de mayo | 17:30 h<\/strong><br>&#x1f4cd;&nbsp;<em>El Portal 271<\/em><br><strong>\u00abL\u00e1grimas del Ocaso\u00bb<\/strong><\/p>\n\n\n\n<p><strong>Primera semana de junio (fecha por confirmar)<\/strong><br>&#x1f4cd;&nbsp;<em>La Oveja Negra<\/em><br><strong>\u00abEl Olor de las Mandarinas\u00bb<\/strong><\/p>\n\n\n\n<hr class=\"wp-block-separator has-alpha-channel-opacity\"\/>\n\n\n\n<p>&#x2728;&nbsp;<strong>Un espacio para vivir el teatro desde adentro<\/strong>:<br>Estudiantes y comunidad podr\u00e1n dialogar con los creadores, recorrer las salas y descubrir el esfuerzo colectivo que da vida a cada obra. \u00a1Una oportunidad \u00fanica para vibrar con el arte local!<\/p>\n\n\n\n<p><em>#ProyectoCircular #TeatroConImpacto #CulturaParaTodos<\/em><\/p>\n","protected":false},"excerpt":{"rendered":"<p>Un puente entre el arte esc\u00e9nico y la formaci\u00f3n estudiantil se consolida con&nbsp;Proyecto Circular, una iniciativa que conecta espect\u00e1culos teatrales producidos por grupos locales con estudiantes de teatro de San Luis y Villa Mercedes. La propuesta busca acercar a futuros artistas a las po\u00e9ticas creativas, los circuitos de distribuci\u00f3n y el complejo entramado detr\u00e1s de &hellip;<\/p>\n","protected":false},"author":2,"featured_media":9118,"comment_status":"open","ping_status":"open","sticky":false,"template":"","format":"standard","meta":{"advanced_seo_description":"","jetpack_seo_html_title":"","jetpack_seo_noindex":false,"_jetpack_memberships_contains_paid_content":false,"footnotes":"","jetpack_publicize_message":"","jetpack_publicize_feature_enabled":true,"jetpack_social_post_already_shared":false,"jetpack_social_options":{"image_generator_settings":{"template":"highway","default_image_id":0,"font":"","enabled":false},"version":2}},"categories":[10],"tags":[],"class_list":["post-9117","post","type-post","status-publish","format-standard","has-post-thumbnail","hentry","category-stand-up-teatro-danzas"],"jetpack_publicize_connections":[],"jetpack_featured_media_url":"https:\/\/i0.wp.com\/calleangosta.com\/ca\/wp-content\/uploads\/2025\/04\/proyecto-circular-e1745352585938.jpeg?fit=900%2C587&ssl=1","jetpack_sharing_enabled":true,"_links":{"self":[{"href":"https:\/\/calleangosta.com\/ca\/wp-json\/wp\/v2\/posts\/9117","targetHints":{"allow":["GET"]}}],"collection":[{"href":"https:\/\/calleangosta.com\/ca\/wp-json\/wp\/v2\/posts"}],"about":[{"href":"https:\/\/calleangosta.com\/ca\/wp-json\/wp\/v2\/types\/post"}],"author":[{"embeddable":true,"href":"https:\/\/calleangosta.com\/ca\/wp-json\/wp\/v2\/users\/2"}],"replies":[{"embeddable":true,"href":"https:\/\/calleangosta.com\/ca\/wp-json\/wp\/v2\/comments?post=9117"}],"version-history":[{"count":1,"href":"https:\/\/calleangosta.com\/ca\/wp-json\/wp\/v2\/posts\/9117\/revisions"}],"predecessor-version":[{"id":9120,"href":"https:\/\/calleangosta.com\/ca\/wp-json\/wp\/v2\/posts\/9117\/revisions\/9120"}],"wp:featuredmedia":[{"embeddable":true,"href":"https:\/\/calleangosta.com\/ca\/wp-json\/wp\/v2\/media\/9118"}],"wp:attachment":[{"href":"https:\/\/calleangosta.com\/ca\/wp-json\/wp\/v2\/media?parent=9117"}],"wp:term":[{"taxonomy":"category","embeddable":true,"href":"https:\/\/calleangosta.com\/ca\/wp-json\/wp\/v2\/categories?post=9117"},{"taxonomy":"post_tag","embeddable":true,"href":"https:\/\/calleangosta.com\/ca\/wp-json\/wp\/v2\/tags?post=9117"}],"curies":[{"name":"wp","href":"https:\/\/api.w.org\/{rel}","templated":true}]}}