{"id":9529,"date":"2025-05-23T15:00:10","date_gmt":"2025-05-23T18:00:10","guid":{"rendered":"https:\/\/calleangosta.com\/ca\/?p=9529"},"modified":"2025-05-28T15:45:14","modified_gmt":"2025-05-28T18:45:14","slug":"masacre-en-villa-crespo-la-perturbadora-carta-que-dejo-la-autora-antes-de-matar-a-su-familia","status":"publish","type":"post","link":"https:\/\/calleangosta.com\/ca\/masacre-en-villa-crespo-la-perturbadora-carta-que-dejo-la-autora-antes-de-matar-a-su-familia\/","title":{"rendered":"Masacre en Villa Crespo: la perturbadora carta que dej\u00f3 la autora antes de matar a su familia"},"content":{"rendered":"\n<h3 class=\"wp-block-heading\"><strong>La Justicia investiga un manuscrito hallado en la cocina del departamento, presuntamente escrito por Laura Fernanda Leguizam\u00f3n, como una de las pruebas clave del caso. La mujer estaba bajo tratamiento psiqui\u00e1trico.<\/strong><\/h3>\n\n\n\n<p>La investigaci\u00f3n por la <strong>masacre de Villa Crespo<\/strong> \u2014donde una mujer asesin\u00f3 a su esposo y a sus dos hijos antes de quitarse la vida\u2014 sum\u00f3 un elemento revelador: una <strong>carta escrita a mano<\/strong> encontrada en la cocina del departamento familiar.<\/p>\n\n\n\n<p>El documento, redactado en una hoja A4 manchada de sangre, contiene <strong>frases sueltas, confusas y escritas con trazo irregular<\/strong>, lo que seg\u00fan los investigadores indicar\u00eda un estado mental alterado. En el texto se leen expresiones como:<\/p>\n\n\n\n<ul class=\"wp-block-list\">\n<li>\u201cFue mucho. Los amo. Lo siento\u201d<\/li>\n\n\n\n<li>\u201c\u00cdbamos a la calle\u201d<\/li>\n\n\n\n<li>\u201cTodo mal, muy perverso\u201d<\/li>\n\n\n\n<li>\u201cLes arruinaba la vida\u201d<\/li>\n<\/ul>\n\n\n\n<p>Adem\u00e1s, en el extremo inferior de la hoja figura una posible <strong>contrase\u00f1a de desbloqueo<\/strong> de su celular: \u201cMi tel es \u2018L\u2019\u201d, lo que los peritos interpretan como un patr\u00f3n de acceso.<\/p>\n\n\n\n<hr class=\"wp-block-separator has-alpha-channel-opacity\"\/>\n\n\n\n<h3 class=\"wp-block-heading\"><strong>Tratamiento psiqui\u00e1trico y medicamentos<\/strong><\/h3>\n\n\n\n<p>Laura Fernanda Leguizam\u00f3n, de 50 a\u00f1os, estaba bajo tratamiento psicol\u00f3gico y psiqui\u00e1trico, seg\u00fan declar\u00f3 su hermana y confirm\u00f3 la empleada dom\u00e9stica que hall\u00f3 los cuerpos el pasado mi\u00e9rcoles por la tarde.<\/p>\n\n\n\n<p>En el lugar, la Polic\u00eda secuestr\u00f3 cajas vac\u00edas de <strong>sertralina<\/strong> (antidepresivo), <strong>midax<\/strong> (ansiol\u00edtico) y <strong>olanzapina<\/strong>, un medicamento utilizado para tratar la esquizofrenia, lo que refuerza la hip\u00f3tesis de que Leguizam\u00f3n padec\u00eda una <strong>crisis de salud mental<\/strong>.<\/p>\n\n\n\n<hr class=\"wp-block-separator has-alpha-channel-opacity\"\/>\n\n\n\n<h3 class=\"wp-block-heading\"><strong>Peritajes y nuevas pruebas<\/strong><\/h3>\n\n\n\n<p>La Justicia orden\u00f3 una <strong>pericia caligr\u00e1fica<\/strong> sobre la carta y dispuso el secuestro de carpetas escolares de los hijos \u2014Ian e Ivo\u2014 as\u00ed como de una lapicera, para obtener huellas digitales y confirmar que fue Leguizam\u00f3n quien escribi\u00f3 el mensaje.<\/p>\n\n\n\n<p>El manuscrito, que incluye una aparente alusi\u00f3n a los tel\u00e9fonos del resto de la familia, se convirti\u00f3 en una <strong>prueba central<\/strong> para intentar reconstruir el estado psicol\u00f3gico de la mujer en los d\u00edas previos al hecho.<\/p>\n\n\n\n<p>La <strong>Fiscal\u00eda contin\u00faa analizando<\/strong> elementos del entorno familiar y profesional de la mujer para esclarecer los motivos de la tragedia, que conmocion\u00f3 al barrio porte\u00f1o de Villa Crespo.<\/p>\n\n\n\n<hr class=\"wp-block-separator has-alpha-channel-opacity\"\/>\n\n\n\n<p><\/p>\n","protected":false},"excerpt":{"rendered":"<p>La Justicia investiga un manuscrito hallado en la cocina del departamento, presuntamente escrito por Laura Fernanda Leguizam\u00f3n, como una de las pruebas clave del caso. La mujer estaba bajo tratamiento psiqui\u00e1trico. La investigaci\u00f3n por la masacre de Villa Crespo \u2014donde una mujer asesin\u00f3 a su esposo y a sus dos hijos antes de quitarse la &hellip;<\/p>\n","protected":false},"author":12,"featured_media":9530,"comment_status":"open","ping_status":"open","sticky":false,"template":"","format":"standard","meta":{"advanced_seo_description":"","jetpack_seo_html_title":"","jetpack_seo_noindex":false,"_jetpack_memberships_contains_paid_content":false,"footnotes":"","jetpack_publicize_message":"","jetpack_publicize_feature_enabled":true,"jetpack_social_post_already_shared":false,"jetpack_social_options":{"image_generator_settings":{"template":"highway","default_image_id":0,"font":"","enabled":false},"version":2}},"categories":[31,47,17],"tags":[],"class_list":["post-9529","post","type-post","status-publish","format-standard","has-post-thumbnail","hentry","category-argentina","category-policiales-y-judiciales","category-sociedad"],"jetpack_publicize_connections":[],"jetpack_featured_media_url":"https:\/\/i0.wp.com\/calleangosta.com\/ca\/wp-content\/uploads\/2025\/05\/WhatsApp-Image-2025-05-23-at-14.59.11.jpeg?fit=770%2C440&ssl=1","jetpack_sharing_enabled":true,"_links":{"self":[{"href":"https:\/\/calleangosta.com\/ca\/wp-json\/wp\/v2\/posts\/9529","targetHints":{"allow":["GET"]}}],"collection":[{"href":"https:\/\/calleangosta.com\/ca\/wp-json\/wp\/v2\/posts"}],"about":[{"href":"https:\/\/calleangosta.com\/ca\/wp-json\/wp\/v2\/types\/post"}],"author":[{"embeddable":true,"href":"https:\/\/calleangosta.com\/ca\/wp-json\/wp\/v2\/users\/12"}],"replies":[{"embeddable":true,"href":"https:\/\/calleangosta.com\/ca\/wp-json\/wp\/v2\/comments?post=9529"}],"version-history":[{"count":1,"href":"https:\/\/calleangosta.com\/ca\/wp-json\/wp\/v2\/posts\/9529\/revisions"}],"predecessor-version":[{"id":9531,"href":"https:\/\/calleangosta.com\/ca\/wp-json\/wp\/v2\/posts\/9529\/revisions\/9531"}],"wp:featuredmedia":[{"embeddable":true,"href":"https:\/\/calleangosta.com\/ca\/wp-json\/wp\/v2\/media\/9530"}],"wp:attachment":[{"href":"https:\/\/calleangosta.com\/ca\/wp-json\/wp\/v2\/media?parent=9529"}],"wp:term":[{"taxonomy":"category","embeddable":true,"href":"https:\/\/calleangosta.com\/ca\/wp-json\/wp\/v2\/categories?post=9529"},{"taxonomy":"post_tag","embeddable":true,"href":"https:\/\/calleangosta.com\/ca\/wp-json\/wp\/v2\/tags?post=9529"}],"curies":[{"name":"wp","href":"https:\/\/api.w.org\/{rel}","templated":true}]}}