{"id":9532,"date":"2025-05-23T15:04:30","date_gmt":"2025-05-23T18:04:30","guid":{"rendered":"https:\/\/calleangosta.com\/ca\/?p=9532"},"modified":"2025-05-23T15:04:31","modified_gmt":"2025-05-23T18:04:31","slug":"una-joven-epileptica-sufrio-convulsiones-por-falta-de-medicacion-en-san-luis-todos-los-meses-es-lo-mismo","status":"publish","type":"post","link":"https:\/\/calleangosta.com\/ca\/una-joven-epileptica-sufrio-convulsiones-por-falta-de-medicacion-en-san-luis-todos-los-meses-es-lo-mismo\/","title":{"rendered":"Una joven epil\u00e9ptica sufri\u00f3 convulsiones por falta de medicaci\u00f3n en San Luis: \u201cTodos los meses es lo mismo\u201d"},"content":{"rendered":"\n<p><strong>Nallibe Quiroga Bianchi, de 24 a\u00f1os, necesita Levetiracetam y Brivaracetam de manera cr\u00f3nica. La escasez del medicamento en hospitales y farmacias casi le cuesta la vida.<\/strong><\/p>\n\n\n\n<p>La vida de <strong>Nallibe Quiroga Bianchi<\/strong>, una joven de 24 a\u00f1os diagnosticada con epilepsia, estuvo en riesgo luego de sufrir una crisis de convulsiones debido a la <strong>falta de su medicaci\u00f3n<\/strong>. El episodio ocurri\u00f3 esta semana en San Luis, tras varios d\u00edas sin poder conseguir <strong>Levetiracetam<\/strong>, uno de los f\u00e1rmacos que debe tomar de manera permanente.<\/p>\n\n\n\n<p>La paciente fue internada de urgencia en el <strong>Hospital Central Ram\u00f3n Carrillo<\/strong>, donde la atendieron con celeridad, pero no le pudieron dar el alta hasta que no contara con la medicaci\u00f3n necesaria. \u201cLa contuvieron muy bien en la guardia, pero no pod\u00edan dejarla ir sin las pastillas\u201d, explic\u00f3 <strong>Sof\u00eda<\/strong>, su hermana.<\/p>\n\n\n\n<hr class=\"wp-block-separator has-alpha-channel-opacity\"\/>\n\n\n\n<h3 class=\"wp-block-heading\"><strong>El medicamento, en falta en hospitales y farmacias<\/strong><\/h3>\n\n\n\n<p>Seg\u00fan cont\u00f3 la familia, <strong>desde hace tres meses<\/strong> que Nallibe y sus allegados intentan conseguir Levetiracetam sin \u00e9xito. El remedio suele ser entregado en el Ram\u00f3n Carrillo o en la sala de salud del barrio <strong>AMPPyA<\/strong>, pero actualmente <strong>no hay stock<\/strong> y <strong>no existe una fecha estimada de reposici\u00f3n<\/strong>. Lo mismo ocurre en farmacias de la capital provincial.<\/p>\n\n\n\n<p>\u201cSe qued\u00f3 sin pastillas el domingo. El lunes fue a buscar y no hab\u00eda. Le dijeron que quiz\u00e1s el mi\u00e9rcoles llegaba, pero eso no pas\u00f3. El martes tuvo una crisis y la internaron\u201d, relat\u00f3 Sof\u00eda.<\/p>\n\n\n\n<p>Gracias a la <strong>solidaridad de compa\u00f1eros de trabajo de la madre de Nallibe<\/strong>, lograron conseguir una caja y dos blisters de la medicaci\u00f3n. Esto le permiti\u00f3 estabilizarse, aunque la soluci\u00f3n fue apenas temporal. \u201cMa\u00f1ana vamos a estar en la misma situaci\u00f3n. Todos los meses estamos con el coraz\u00f3n en la boca para saber si hay o no hay\u201d, lament\u00f3 su hermana.<\/p>\n\n\n\n<hr class=\"wp-block-separator has-alpha-channel-opacity\"\/>\n\n\n\n<h3 class=\"wp-block-heading\"><strong>\u201cSiempre hay un problema\u201d<\/strong><\/h3>\n\n\n\n<p>La situaci\u00f3n de desabastecimiento tambi\u00e9n afecta al otro medicamento que la joven necesita: <strong>Brivaracetam<\/strong>, que accede a trav\u00e9s del programa de Emergencia Sanitaria o Desarrollo Social. Seg\u00fan Sof\u00eda, en la \u00faltima oportunidad <strong>tardaron seis meses<\/strong> en entreg\u00e1rselo. \u201cSiempre hay un problema: cuando no es la compra, es el proveedor. Y mientras tanto, mi hermana est\u00e1 en riesgo\u201d.<\/p>\n\n\n\n<p>La familia debe generar un expediente nuevo cada tres meses para pedir el f\u00e1rmaco, pero el proceso burocr\u00e1tico suele trabarse. \u201cEs un tratamiento de por vida. No podemos seguir con tanta incertidumbre\u201d, expres\u00f3.<\/p>\n\n\n\n<hr class=\"wp-block-separator has-alpha-channel-opacity\"\/>\n\n\n\n<h3 class=\"wp-block-heading\"><strong>Un pedido al Gobierno provincial<\/strong><\/h3>\n\n\n\n<p>Nallibe grab\u00f3 un video desde su internaci\u00f3n que se viraliz\u00f3 en TikTok, donde agradeci\u00f3 emocionada la ayuda que recibi\u00f3 y pidi\u00f3 una soluci\u00f3n definitiva. Sof\u00eda tambi\u00e9n public\u00f3 un mensaje dirigido al gobernador <strong>Claudio Poggi<\/strong> y a \u201cquien corresponda\u201d, solicitando que se tomen medidas para garantizar la provisi\u00f3n de los medicamentos a quienes los necesitan.<\/p>\n\n\n\n<p>\u201cNos preocupamos por otros pacientes que tal vez no tienen a alguien que les consiga la medicaci\u00f3n. Cortar el tratamiento es un retroceso enorme. Esto no puede seguir pasando\u201d, concluy\u00f3 la hermana.<\/p>\n\n\n\n<hr class=\"wp-block-separator has-alpha-channel-opacity\"\/>\n\n\n\n<p><\/p>\n","protected":false},"excerpt":{"rendered":"<p>Nallibe Quiroga Bianchi, de 24 a\u00f1os, necesita Levetiracetam y Brivaracetam de manera cr\u00f3nica. La escasez del medicamento en hospitales y farmacias casi le cuesta la vida. La vida de Nallibe Quiroga Bianchi, una joven de 24 a\u00f1os diagnosticada con epilepsia, estuvo en riesgo luego de sufrir una crisis de convulsiones debido a la falta de &hellip;<\/p>\n","protected":false},"author":12,"featured_media":9533,"comment_status":"open","ping_status":"open","sticky":false,"template":"","format":"standard","meta":{"advanced_seo_description":"","jetpack_seo_html_title":"","jetpack_seo_noindex":false,"_jetpack_memberships_contains_paid_content":false,"footnotes":"","jetpack_publicize_message":"","jetpack_publicize_feature_enabled":true,"jetpack_social_post_already_shared":false,"jetpack_social_options":{"image_generator_settings":{"template":"highway","default_image_id":0,"font":"","enabled":false},"version":2}},"categories":[32],"tags":[],"class_list":["post-9532","post","type-post","status-publish","format-standard","has-post-thumbnail","hentry","category-san-luis"],"jetpack_publicize_connections":[],"jetpack_featured_media_url":"https:\/\/i0.wp.com\/calleangosta.com\/ca\/wp-content\/uploads\/2025\/05\/WhatsApp-Image-2025-05-23-at-15.03.44.jpeg?fit=499%2C440&ssl=1","jetpack_sharing_enabled":true,"_links":{"self":[{"href":"https:\/\/calleangosta.com\/ca\/wp-json\/wp\/v2\/posts\/9532","targetHints":{"allow":["GET"]}}],"collection":[{"href":"https:\/\/calleangosta.com\/ca\/wp-json\/wp\/v2\/posts"}],"about":[{"href":"https:\/\/calleangosta.com\/ca\/wp-json\/wp\/v2\/types\/post"}],"author":[{"embeddable":true,"href":"https:\/\/calleangosta.com\/ca\/wp-json\/wp\/v2\/users\/12"}],"replies":[{"embeddable":true,"href":"https:\/\/calleangosta.com\/ca\/wp-json\/wp\/v2\/comments?post=9532"}],"version-history":[{"count":1,"href":"https:\/\/calleangosta.com\/ca\/wp-json\/wp\/v2\/posts\/9532\/revisions"}],"predecessor-version":[{"id":9534,"href":"https:\/\/calleangosta.com\/ca\/wp-json\/wp\/v2\/posts\/9532\/revisions\/9534"}],"wp:featuredmedia":[{"embeddable":true,"href":"https:\/\/calleangosta.com\/ca\/wp-json\/wp\/v2\/media\/9533"}],"wp:attachment":[{"href":"https:\/\/calleangosta.com\/ca\/wp-json\/wp\/v2\/media?parent=9532"}],"wp:term":[{"taxonomy":"category","embeddable":true,"href":"https:\/\/calleangosta.com\/ca\/wp-json\/wp\/v2\/categories?post=9532"},{"taxonomy":"post_tag","embeddable":true,"href":"https:\/\/calleangosta.com\/ca\/wp-json\/wp\/v2\/tags?post=9532"}],"curies":[{"name":"wp","href":"https:\/\/api.w.org\/{rel}","templated":true}]}}