{"id":9535,"date":"2025-05-24T14:18:51","date_gmt":"2025-05-24T17:18:51","guid":{"rendered":"https:\/\/calleangosta.com\/ca\/?p=9535"},"modified":"2025-05-24T14:18:54","modified_gmt":"2025-05-24T17:18:54","slug":"murio-de-frio-un-hombre-en-situacion-de-calle-en-pleno-centro-de-san-luis","status":"publish","type":"post","link":"https:\/\/calleangosta.com\/ca\/murio-de-frio-un-hombre-en-situacion-de-calle-en-pleno-centro-de-san-luis\/","title":{"rendered":"Muri\u00f3 de fr\u00edo un hombre en situaci\u00f3n de calle en pleno centro de San Luis"},"content":{"rendered":"\n<p><strong>Dorm\u00eda en los ventanales del edificio del Correo Argentino. Lo encontraron sin vida el s\u00e1bado a la ma\u00f1ana, con s\u00edntomas de hipotermia.<\/strong><\/p>\n\n\n\n<p>La ola de fr\u00edo que atraviesa la ciudad de San Luis se cobr\u00f3 una v\u00edctima. <strong>Un hombre en situaci\u00f3n de calle fue encontrado sin vida<\/strong> el s\u00e1bado por la ma\u00f1ana en los ventanales del edificio del <strong>Correo Argentino<\/strong>, en la esquina de San Mart\u00edn e Ill\u00eda, donde sol\u00eda dormir.<\/p>\n\n\n\n<p>El caso gener\u00f3 conmoci\u00f3n entre vecinos y transe\u00fantes que circulaban por la zona c\u00e9ntrica. El cuerpo fue hallado a la intemperie, donde muchas personas \u2014incluidas familias enteras\u2014 <strong>improvisan sus refugios nocturnos<\/strong> ante la falta de alojamiento y asistencia.<\/p>\n\n\n\n<hr class=\"wp-block-separator has-alpha-channel-opacity\"\/>\n\n\n\n<h3 class=\"wp-block-heading\"><strong>Viv\u00eda en la calle tras salir del penal<\/strong><\/h3>\n\n\n\n<p>Seg\u00fan las primeras averiguaciones, el hombre ser\u00eda de <strong>apellido Mendoza<\/strong> y habr\u00eda quedado en situaci\u00f3n de calle luego de <strong>cumplir una condena en el Servicio Penitenciario provincial<\/strong>. Desde entonces, viv\u00eda de la <strong>solidaridad de algunos vecinos<\/strong> y se lo ve\u00eda frecuentemente pidiendo ayuda en el centro.<\/p>\n\n\n\n<p>Uno de esos vecinos relat\u00f3 que sol\u00eda llevarle comida y abrigo, y que en los \u00faltimos d\u00edas not\u00f3 algo preocupante: <strong>\u201cHab\u00eda botellas de alcohol de farmacia cerca de \u00e9l, seguramente para calmar el fr\u00edo\u201d<\/strong>, cont\u00f3.<\/p>\n\n\n\n<hr class=\"wp-block-separator has-alpha-channel-opacity\"\/>\n\n\n\n<h3 class=\"wp-block-heading\"><strong>Un refugio improvisado y precario<\/strong><\/h3>\n\n\n\n<p>Desde hace meses, el edificio del Correo se ha convertido en un lugar de pernocte para <strong>decenas de personas sin hogar<\/strong>, que se resguardan como pueden del fr\u00edo detr\u00e1s de los ventanales. Sin embargo, con la llegada de las bajas temperaturas, el riesgo se incrementa exponencialmente.<\/p>\n\n\n\n<hr class=\"wp-block-separator has-alpha-channel-opacity\"\/>\n\n\n\n<h3 class=\"wp-block-heading\"><strong>Silencio oficial ante la emergencia social<\/strong><\/h3>\n\n\n\n<p>Hasta el momento, <strong>no hubo declaraciones oficiales<\/strong> respecto al fallecimiento ni sobre posibles medidas para asistir a quienes duermen en la calle. La muerte de Mendoza reabre el debate sobre la <strong>urgente necesidad de pol\u00edticas p\u00fablicas<\/strong> que garanticen un m\u00ednimo abrigo y contenci\u00f3n para quienes no tienen d\u00f3nde pasar la noche.<\/p>\n\n\n\n<hr class=\"wp-block-separator has-alpha-channel-opacity\"\/>\n\n\n\n<p><\/p>\n\n\n\n<p><\/p>\n","protected":false},"excerpt":{"rendered":"<p>Dorm\u00eda en los ventanales del edificio del Correo Argentino. Lo encontraron sin vida el s\u00e1bado a la ma\u00f1ana, con s\u00edntomas de hipotermia. La ola de fr\u00edo que atraviesa la ciudad de San Luis se cobr\u00f3 una v\u00edctima. Un hombre en situaci\u00f3n de calle fue encontrado sin vida el s\u00e1bado por la ma\u00f1ana en los ventanales &hellip;<\/p>\n","protected":false},"author":12,"featured_media":9536,"comment_status":"open","ping_status":"open","sticky":false,"template":"","format":"standard","meta":{"advanced_seo_description":"","jetpack_seo_html_title":"","jetpack_seo_noindex":false,"_jetpack_memberships_contains_paid_content":false,"footnotes":"","jetpack_publicize_message":"","jetpack_publicize_feature_enabled":true,"jetpack_social_post_already_shared":false,"jetpack_social_options":{"image_generator_settings":{"template":"highway","default_image_id":0,"font":"","enabled":false},"version":2}},"categories":[32],"tags":[],"class_list":["post-9535","post","type-post","status-publish","format-standard","has-post-thumbnail","hentry","category-san-luis"],"jetpack_publicize_connections":[],"jetpack_featured_media_url":"https:\/\/i0.wp.com\/calleangosta.com\/ca\/wp-content\/uploads\/2025\/05\/WhatsApp-Image-2025-05-24-at-14.17.48.jpeg?fit=616%2C440&ssl=1","jetpack_sharing_enabled":true,"_links":{"self":[{"href":"https:\/\/calleangosta.com\/ca\/wp-json\/wp\/v2\/posts\/9535","targetHints":{"allow":["GET"]}}],"collection":[{"href":"https:\/\/calleangosta.com\/ca\/wp-json\/wp\/v2\/posts"}],"about":[{"href":"https:\/\/calleangosta.com\/ca\/wp-json\/wp\/v2\/types\/post"}],"author":[{"embeddable":true,"href":"https:\/\/calleangosta.com\/ca\/wp-json\/wp\/v2\/users\/12"}],"replies":[{"embeddable":true,"href":"https:\/\/calleangosta.com\/ca\/wp-json\/wp\/v2\/comments?post=9535"}],"version-history":[{"count":1,"href":"https:\/\/calleangosta.com\/ca\/wp-json\/wp\/v2\/posts\/9535\/revisions"}],"predecessor-version":[{"id":9537,"href":"https:\/\/calleangosta.com\/ca\/wp-json\/wp\/v2\/posts\/9535\/revisions\/9537"}],"wp:featuredmedia":[{"embeddable":true,"href":"https:\/\/calleangosta.com\/ca\/wp-json\/wp\/v2\/media\/9536"}],"wp:attachment":[{"href":"https:\/\/calleangosta.com\/ca\/wp-json\/wp\/v2\/media?parent=9535"}],"wp:term":[{"taxonomy":"category","embeddable":true,"href":"https:\/\/calleangosta.com\/ca\/wp-json\/wp\/v2\/categories?post=9535"},{"taxonomy":"post_tag","embeddable":true,"href":"https:\/\/calleangosta.com\/ca\/wp-json\/wp\/v2\/tags?post=9535"}],"curies":[{"name":"wp","href":"https:\/\/api.w.org\/{rel}","templated":true}]}}