{"id":9694,"date":"2025-06-02T14:30:06","date_gmt":"2025-06-02T17:30:06","guid":{"rendered":"https:\/\/calleangosta.com\/ca\/?p=9694"},"modified":"2025-06-02T14:30:07","modified_gmt":"2025-06-02T17:30:07","slug":"los-fundamentalistas-cumplen-20-anos-y-vuelven-a-la-plata-con-un-show-en-diciembre","status":"publish","type":"post","link":"https:\/\/calleangosta.com\/ca\/los-fundamentalistas-cumplen-20-anos-y-vuelven-a-la-plata-con-un-show-en-diciembre\/","title":{"rendered":"Los Fundamentalistas cumplen 20 a\u00f1os y vuelven a La Plata con un show en diciembre"},"content":{"rendered":"\n<p>El Indio Solari volvi\u00f3 a sacudir el coraz\u00f3n ricotero al anunciar un nuevo recital de <strong>Los Fundamentalistas del Aire Acondicionado<\/strong>, la banda que lo acompa\u00f1a desde hace dos d\u00e9cadas. El esperado concierto se llevar\u00e1 a cabo el <strong>s\u00e1bado 6 de diciembre<\/strong> en el <strong>Estadio \u00danico Diego Armando Maradona<\/strong> de <strong>La Plata<\/strong>, mismo escenario donde brindaron su \u00faltima presentaci\u00f3n en junio del a\u00f1o pasado.<\/p>\n\n\n\n<p>La noticia fue confirmada por el propio Solari a trav\u00e9s de su cuenta oficial en X (ex Twitter), donde escribi\u00f3: <em>\u00ab20 a\u00f1os de Los Fundamentalistas del Aire Acondicionado. S\u00e1bado 6 de diciembre en el Estadio \u00danico Diego Armando Maradona de La Plata\u00bb<\/em>.<\/p>\n\n\n\n<p>Hasta el momento, <strong>no est\u00e1 confirmado si el Indio participar\u00e1 de forma presencial o virtual<\/strong>, como lo hizo en algunas presentaciones anteriores con apariciones en pantalla.<\/p>\n\n\n\n<h3 class=\"wp-block-heading\">Preventa de entradas: fecha y modalidad<\/h3>\n\n\n\n<p>La preventa de entradas con descuento comenzar\u00e1 el <strong>mi\u00e9rcoles 4 de junio a las 13 horas<\/strong>, a trav\u00e9s del sitio <strong>TuEntrada.com<\/strong> y en puntos f\u00edsicos habilitados, donde no se cobrar\u00e1 cargo por servicio. A\u00fan no se informaron los precios, pero como es habitual con la banda, se espera que los tickets se agoten en tiempo r\u00e9cord.<\/p>\n\n\n\n<p>La celebraci\u00f3n marcar\u00e1 un nuevo hito en la historia de Los Fundamentalistas, que llevan dos d\u00e9cadas sosteniendo el legado del rock nacional, con giras por todo el pa\u00eds y recitales que se transforman en verdaderos rituales para sus seguidores.<\/p>\n\n\n\n<p>Por ahora, solo queda esperar m\u00e1s detalles sobre la participaci\u00f3n del Indio y prepararse para lo que promete ser <strong>una fiesta ricotera inolvidable<\/strong>.<\/p>\n\n\n\n<hr class=\"wp-block-separator has-alpha-channel-opacity\"\/>\n","protected":false},"excerpt":{"rendered":"<p>El Indio Solari volvi\u00f3 a sacudir el coraz\u00f3n ricotero al anunciar un nuevo recital de Los Fundamentalistas del Aire Acondicionado, la banda que lo acompa\u00f1a desde hace dos d\u00e9cadas. El esperado concierto se llevar\u00e1 a cabo el s\u00e1bado 6 de diciembre en el Estadio \u00danico Diego Armando Maradona de La Plata, mismo escenario donde brindaron &hellip;<\/p>\n","protected":false},"author":8,"featured_media":9695,"comment_status":"open","ping_status":"open","sticky":false,"template":"","format":"standard","meta":{"advanced_seo_description":"","jetpack_seo_html_title":"","jetpack_seo_noindex":false,"_jetpack_memberships_contains_paid_content":false,"footnotes":"","jetpack_publicize_message":"","jetpack_publicize_feature_enabled":true,"jetpack_social_post_already_shared":false,"jetpack_social_options":{"image_generator_settings":{"template":"highway","default_image_id":0,"font":"","enabled":false},"version":2}},"categories":[8],"tags":[],"class_list":["post-9694","post","type-post","status-publish","format-standard","has-post-thumbnail","hentry","category-musica-conciertos-y-recitales"],"jetpack_publicize_connections":[],"jetpack_featured_media_url":"https:\/\/i0.wp.com\/calleangosta.com\/ca\/wp-content\/uploads\/2025\/06\/20250520160018_fundamentalistas.jpg?fit=880%2C512&ssl=1","jetpack_sharing_enabled":true,"_links":{"self":[{"href":"https:\/\/calleangosta.com\/ca\/wp-json\/wp\/v2\/posts\/9694","targetHints":{"allow":["GET"]}}],"collection":[{"href":"https:\/\/calleangosta.com\/ca\/wp-json\/wp\/v2\/posts"}],"about":[{"href":"https:\/\/calleangosta.com\/ca\/wp-json\/wp\/v2\/types\/post"}],"author":[{"embeddable":true,"href":"https:\/\/calleangosta.com\/ca\/wp-json\/wp\/v2\/users\/8"}],"replies":[{"embeddable":true,"href":"https:\/\/calleangosta.com\/ca\/wp-json\/wp\/v2\/comments?post=9694"}],"version-history":[{"count":1,"href":"https:\/\/calleangosta.com\/ca\/wp-json\/wp\/v2\/posts\/9694\/revisions"}],"predecessor-version":[{"id":9696,"href":"https:\/\/calleangosta.com\/ca\/wp-json\/wp\/v2\/posts\/9694\/revisions\/9696"}],"wp:featuredmedia":[{"embeddable":true,"href":"https:\/\/calleangosta.com\/ca\/wp-json\/wp\/v2\/media\/9695"}],"wp:attachment":[{"href":"https:\/\/calleangosta.com\/ca\/wp-json\/wp\/v2\/media?parent=9694"}],"wp:term":[{"taxonomy":"category","embeddable":true,"href":"https:\/\/calleangosta.com\/ca\/wp-json\/wp\/v2\/categories?post=9694"},{"taxonomy":"post_tag","embeddable":true,"href":"https:\/\/calleangosta.com\/ca\/wp-json\/wp\/v2\/tags?post=9694"}],"curies":[{"name":"wp","href":"https:\/\/api.w.org\/{rel}","templated":true}]}}